{"id":244127,"date":"2025-11-19T07:35:21","date_gmt":"2025-11-19T07:35:21","guid":{"rendered":"https:\/\/www.europesays.com\/es\/244127\/"},"modified":"2025-11-19T07:35:21","modified_gmt":"2025-11-19T07:35:21","slug":"pedro-sanchez-y-luis-planas-reciben-un-bano-de-pesticidas-en-una-protesta-para-denunciar-el-acuerdo-comercial-entre-la-ue-y-los-paises-del-mercosur","status":"publish","type":"post","link":"https:\/\/www.europesays.com\/es\/244127\/","title":{"rendered":"Pedro S\u00e1nchez y Luis Planas reciben un ba\u00f1o de pesticidas en una protesta para denunciar el acuerdo comercial entre la UE y los pa\u00edses del Mercosur"},"content":{"rendered":"<ul>\n<li><strong>El Ministerio de Agricultura, Pesca y Alimentaci\u00f3n se convierte en el escenario de una performance donde una pir\u00e1mide de barriles derrama productos t\u00f3xicos sobre l\u00edderes pol\u00edticos<\/strong><\/li>\n<li><strong>Con esta acci\u00f3n, Attac, Amigas de la Tierra, CGT, Ecologistas en Acci\u00f3n, Entrepueblos, Greenpeace, Justicia Alimentaria y Sindicato Labrego Galego denuncian que el acuerdo comercial alimentar\u00e1 el colapso clim\u00e1tico, el comercio de sustancias t\u00f3xicas y la injusticia social<\/strong><\/li>\n<li><strong>Las organizaciones convocantes coinciden en sus demandas con la Confederaci\u00f3n General de Cooperativas Agrarias<\/strong><\/li>\n<li><strong>El apoyo del Gobierno espa\u00f1ol al acuerdo comercial contradice sus compromisos frente al cambio clim\u00e1tico y los derechos humanos<\/strong><\/li>\n<\/ul>\n<p>\u00a0<\/p>\n<p><a href=\"https:\/\/multimedia.ecologistasenaccion.org\/Antiglobalizaci%C3%B3n\/Agrotoxicos-mercosur\" rel=\"nofollow noopener\" target=\"_blank\"><img fetchpriority=\"high\" decoding=\"async\" aria-describedby=\"caption-attachment-351632\" class=\"wp-image-351632 size-large\" src=\"https:\/\/www.europesays.com\/es\/wp-content\/uploads\/2025\/11\/mercosur-toxicos-1080x721.jpg\" alt=\"\" width=\"1080\" height=\"721\"  \/><\/a><\/p>\n<p id=\"caption-attachment-351632\" class=\"wp-caption-text\"><a href=\"https:\/\/multimedia.ecologistasenaccion.org\/Antiglobalizaci%C3%B3n\/Agrotoxicos-mercosur\" rel=\"nofollow noopener\" target=\"_blank\">Galer\u00eda de im\u00e1genes<\/a><\/p>\n<p>El Toxic Trade Tour, una protesta itinerante por diversas ciudades europeas contra el acuerdo comercial UE-Mercosur, ha hecho hoy escala en Madrid. Desde finales del pasado mes de octubre y hasta finales de noviembre, una coalici\u00f3n de organizaciones sociales y ambientales europeas coordinadas por la European Trade Justice Coalition, de la que forma parte la Coordinadora Europea de La V\u00eda Campesina, Ecologistas en Acci\u00f3n o Greenpeace, est\u00e1n llevando a cabo esta protesta por diversos pa\u00edses de la UE para denunciar este acuerdo entre la Uni\u00f3n Europea y los pa\u00edses del bloque del Mercosur (Brasil, Argentina, Uruguay y Paraguay).<\/p>\n<p>La protesta se ha celebrado en v\u00edsperas de que el Consejo de Asuntos Exteriores de la UE, previsto para el pr\u00f3ximo 24 de noviembre, se re\u00fana para tomar una decisi\u00f3n sobre el acuerdo. La firma formal podr\u00eda tener lugar el 5 de diciembre en la cumbre del Mercosur en Brasil y se espera que la votaci\u00f3n del Parlamento Europeo se celebre poco despu\u00e9s.<\/p>\n<p>\u201cEste tratado comercial establece una relaci\u00f3n t\u00f3xica entre la UE y los pa\u00edses del Mercosur, al perpetuar un modelo de relaciones internacionales de corte extractivista y neocolonial, consolidando una forma de globalizaci\u00f3n que destruye la naturaleza, pone en riesgo la salud y amenaza la pervivencia de culturas y econom\u00edas locales a ambos lados del Atl\u00e1ntico. Por eso reclamamos al PSOE que no apoye la firma de este acuerdo y sea coherente con sus propias promesas electorales en esta materia\u201d, han afirmado las organizaciones convocantes.<\/p>\n<p>Dentro del Toxic Trade Tour, las organizaciones convocantes en el Estado espa\u00f1ol \u2014Attac, Amigas de la Tierra, Ecologistas en Acci\u00f3n, Entrepueblos, Greenpeace, Justicia Alimentaria\u2014 han realizado una performance en Madrid frente al Ministerio de Agricultura, Pesca y Alimentaci\u00f3n para se\u00f1alar el apoyo del Gobierno espa\u00f1ol a la firma de este tratado. Durante la acci\u00f3n, han colocado una pir\u00e1mide de barriles t\u00f3xicos ante el Ministerio, mientras que activistas con disfraces de responsables pol\u00edticos (del presidente espa\u00f1ol Pedro S\u00e1nchez, la presidenta de la Comisi\u00f3n Europea Ursula Von der Leyen y el ministro de Agricultura espa\u00f1ol Luis Planas) han sido interpelados por el p\u00fablico sobre los riesgos que entra\u00f1a este acuerdo comercial para el clima, la salud y la justicia social. Ante las respuestas esquivas o no cre\u00edbles de los pol\u00edticos, estos han recibido una reprimenda en forma de ducha de productos t\u00f3xicos . Acto seguido, se ha le\u00eddo un manifiesto recordando la gran cantidad de colectivos de la sociedad civil y de lo sectores agr\u00edcolas afectados que se oponen a este acuerdo.<\/p>\n<p>La semana pasada, <a href=\"https:\/\/copa-cogeca.eu\/press-releases\" rel=\"nofollow noopener\" target=\"_blank\"><strong>la<\/strong><strong>Confederaci\u00f3n General de Cooperativas Agrarias de la Uni\u00f3n Europea (COPA-COPEGA)<\/strong><\/a><strong> rechaz\u00f3 la firma de este acuerdo comercial <\/strong>denunciado los perjuicios sobre algunas producciones de los pa\u00edses de la UE (maiz, az\u00facar, carne de vacuno) y se\u00f1alando tambi\u00e9n la incoherencia que supone que la UE permita la exportaci\u00f3n de agrot\u00f3xicos prohibidos en la UE al tiempo que quiere permitir la entrada de materias primas y productos agr\u00edcolas con presencia de esas mismas sustancias t\u00f3xicas no autorizadas.<\/p>\n<p><a href=\"https:\/\/www.ecologistasenaccion.org\/wp-content\/uploads\/2025\/11\/924_ACCION-MERCOSUR-ECOLOGISTAS_DSC\u03b1_109348_MIGUEL-HERNANDEZ-LUCAS-\u00a9-18-11-25-X3.jpg\" rel=\"nofollow noopener\" target=\"_blank\"><img loading=\"lazy\" decoding=\"async\" class=\"aligncenter wp-image-351636 size-large\" title=\"https:\/\/multimedia.ecologistasenaccion.org\/Antiglobalizaci%C3%B3n\/Agrotoxicos-mercosur\" src=\"https:\/\/www.europesays.com\/es\/wp-content\/uploads\/2025\/11\/924_ACCION-MERCOSUR-ECOLOGISTAS_DSC\u03b1_109348_MIGUEL-HERNANDEZ-LUCAS-\u00a9-18-11-25-X3-1080x720.jpg\" alt=\"\" width=\"1080\" height=\"720\"  \/><\/a><\/p>\n<p><strong>Un acuerdo comercial que traer\u00e1 m\u00e1s emisiones y m\u00e1s pesticidas peligrosos<\/strong><\/p>\n<p>Seg\u00fan las organizaciones convocantes, \u201c<strong>mientras en la COP30 en Bel\u00e9m se est\u00e1 hablando de la necesidad de una mayor ambici\u00f3n a la hora reducir las emisiones de gases de efecto invernadero, los que negocian este acuerdo comercial caminan en la direcci\u00f3n contraria,<\/strong> incentivando un mayor flujo de productos y materias primas entre continentes, algunas de las cuales (como la soja o la carne de vacuno) est\u00e1n detr\u00e1s de procesos de deforestaci\u00f3n y gran cantidad de emisiones de gases de efecto invernadero. Sin una reducci\u00f3n inmediata y profunda de las emisiones en todos los sectores ser\u00e1 imposible limitar el calentamiento global a 1,5 \u00baC y evitar los peores efectos\u201d.<\/p>\n<p>Entre los graves problemas que lleva aparejado este acuerdo comercial, los movimientos sociales recuerdan que la Evaluaci\u00f3n del Impacto sobre la Sostenibilidad (EIS), realizada a finales de 2020 por encargo de la Comisi\u00f3n Europea, calcul\u00f3 que este tratado comercial provocar\u00eda un aumento global de metano y \u00f3xido nitroso, as\u00ed como un aumento de las emisiones de CO2 en la UE, Brasil y Argentina y un \u201caumento moderado general\u201d de las emisiones de GEI en otros pa\u00edses del Mercosur.<\/p>\n<p>Aunque el propio estudio se\u00f1alaba que<strong> las emisiones derivadas de los cambios en el uso del suelo y la deforestaci\u00f3n representan el 55 % de las emisiones de CO2 de Brasil y el 70 % de las de Paraguay<\/strong>, la consultora redactora de la evaluaci\u00f3n admiti\u00f3 que estas proyecciones excluyen cualquier c\u00e1lculo de las emisiones derivadas de los cambios en el uso del suelo y la deforestaci\u00f3n.<\/p>\n<p>\u201cLa evaluaci\u00f3n del impacto social y ambiental de este acuerdo comercial ha sido un mero tr\u00e1mite. La pol\u00edtica comercial de la UE no se puede construir escondiendo debajo de la alfombra la deforestaci\u00f3n, producida por materias primas como la soja, la ca\u00f1a de az\u00facar o la producci\u00f3n de carne de vacuno, am\u00e9n de modernas formas de trabajo esclavo, invasi\u00f3n de tierras ind\u00edgenas y la vulneraci\u00f3n de los derechos humanos\u201d, han declarado las organizaciones.<\/p>\n<p>Asimismo, en la declaraci\u00f3n le\u00edda durante el acto, las entidades convocantes han recordado que una investigaci\u00f3n de Greenpeace Alemania encontr\u00f3 residuos de varios pesticidas en limas producidas en Brasil y vendidas dentro del mercado de la UE, a trav\u00e9s del an\u00e1lisis en laboratorio de m\u00e1s de 50 muestras de limas compradas en supermercados y mercados mayoristas en Austria, B\u00e9lgica, Francia, Alemania, Italia, Pa\u00edses Bajos, <strong>Espa\u00f1a<\/strong> y Suecia.<\/p>\n<p><a href=\"https:\/\/multimedia.ecologistasenaccion.org\/Antiglobalizaci%C3%B3n\/Agrotoxicos-mercosur\" rel=\"nofollow noopener\" target=\"_blank\"><img loading=\"lazy\" decoding=\"async\" class=\"aligncenter wp-image-351637 size-large\" src=\"https:\/\/www.europesays.com\/es\/wp-content\/uploads\/2025\/11\/924_ACCION-MERCOSUR-ECOLOGISTAS_DSC\u03b1_109280_MIGUEL-HERNANDEZ-LUCAS-\u00a9-18-11-25-X3-1080x720.jpg\" alt=\"\" width=\"1080\" height=\"720\"  \/><\/a><\/p>\n<p>Los pesticidas, entre ellos el <strong>herbicida glifosato y los insecticidas imidacloprid y cipermetrina<\/strong>, son fabricados en la UE y vendidos por empresas europeas en Brasil, uno de los <a href=\"https:\/\/www.statista.com\/statistics\/1263069\/global-pesticide-use-by-country\/\" rel=\"nofollow noopener\" target=\"_blank\">principales pa\u00edses consumidores de plaguicidas<\/a> del mundo. M\u00e1s de la mitad de los pesticidas encontrados son <strong>considerados <\/strong><a href=\"https:\/\/pan-germany.org\/download\/2662\/?wpdmdl=2662&amp;refresh=641ce0436c4271679614019&amp;ind=1616140779156&amp;filename=PAN-HHP-List-update-2021_FINAL.pdf\" rel=\"nofollow noopener\" target=\"_blank\">altamente peligrosos<\/a><strong> porque suponen un grave riesgo para la salud humana, los animales o el medio ambiente<\/strong>. El acuerdo UE-Mercosur propuesto eliminar\u00eda los <a href=\"https:\/\/www.greenpeace.de\/publikationen\/eu_mercosur_double_standards_concerning_agrotoxics_2020.pdf\" rel=\"nofollow noopener\" target=\"_blank\">aranceles<\/a> sobre las exportaciones de plaguicidas de la UE a los pa\u00edses del Mercosur y reducir\u00eda el <a href=\"https:\/\/www.greenpeace.org\/static\/planet4-eu-unit-stateless\/2023\/02\/64e78396-230220_gp_mercosur_nightmare_nature.pdf\" rel=\"nofollow noopener\" target=\"_blank\">control<\/a> en los alimentos importados, lo que significa que tanto el uso de pesticidas como sus efectos adversos <a href=\"https:\/\/ocaa.org.br\/en\/publicacao\/geography-of-asymmetrythe-vicious-cycle-of-pesticides-and-colonialism-in-the-commercial-relationship-between-mercosur-and-the-european-union\/\" rel=\"nofollow noopener\" target=\"_blank\">aumentar\u00edan<\/a> exponencialmente.<\/p>\n<p>\u201cTodo lo que rodea el acuerdo UE-Mercosur es t\u00f3xico. Primero, los gigantes de la industria qu\u00edmica de la UE ya producen y exportan a Brasil sustancias t\u00f3xicas, algunas de las cuales ni siquiera est\u00e1n aprobadas para su uso dentro de la UE; y luego, la UE las reimporta en forma de residuos en los alimentos. Este acuerdo impulsar\u00e1 el comercio de pesticidas y potenciar\u00e1 este ciclo t\u00f3xico\u201d, han conclu\u00eddo las entidades convocantes.<\/p>\n<p><strong><a href=\"https:\/\/multimedia.ecologistasenaccion.org\/Antiglobalizaci\u00f3n\/Agrotoxicos-mercosur\" rel=\"nofollow noopener\" target=\"_blank\">Galer\u00eda de im\u00e1genes &gt;<\/a><\/strong><\/p>\n<p>\u00a0<\/p>\n","protected":false},"excerpt":{"rendered":"El Ministerio de Agricultura, Pesca y Alimentaci\u00f3n se convierte en el escenario de una performance donde una pir\u00e1mide&hellip;\n","protected":false},"author":2,"featured_media":244128,"comment_status":"","ping_status":"","sticky":false,"template":"","format":"standard","meta":{"footnotes":""},"categories":[42],"tags":[17,18,13,14,11,61,62,63,64,19,20,9,10,15,16,12,21,22,65,66,67],"class_list":{"0":"post-244127","1":"post","2":"type-post","3":"status-publish","4":"format-standard","5":"has-post-thumbnail","7":"category-internacional","8":"tag-breaking-news","9":"tag-breakingnews","10":"tag-featured-news","11":"tag-featurednews","12":"tag-headlines","13":"tag-internacional","14":"tag-international","15":"tag-international-news","16":"tag-internationalnews","17":"tag-latest-news","18":"tag-latestnews","19":"tag-news","20":"tag-noticias","21":"tag-noticias-destacadas","22":"tag-noticiasdestacadas","23":"tag-titulares","24":"tag-ultimas-noticias","25":"tag-ultimasnoticias","26":"tag-world","27":"tag-world-news","28":"tag-worldnews"},"share_on_mastodon":{"url":"https:\/\/pubeurope.com\/@es\/115575216544041252","error":""},"_links":{"self":[{"href":"https:\/\/www.europesays.com\/es\/wp-json\/wp\/v2\/posts\/244127","targetHints":{"allow":["GET"]}}],"collection":[{"href":"https:\/\/www.europesays.com\/es\/wp-json\/wp\/v2\/posts"}],"about":[{"href":"https:\/\/www.europesays.com\/es\/wp-json\/wp\/v2\/types\/post"}],"author":[{"embeddable":true,"href":"https:\/\/www.europesays.com\/es\/wp-json\/wp\/v2\/users\/2"}],"replies":[{"embeddable":true,"href":"https:\/\/www.europesays.com\/es\/wp-json\/wp\/v2\/comments?post=244127"}],"version-history":[{"count":0,"href":"https:\/\/www.europesays.com\/es\/wp-json\/wp\/v2\/posts\/244127\/revisions"}],"wp:featuredmedia":[{"embeddable":true,"href":"https:\/\/www.europesays.com\/es\/wp-json\/wp\/v2\/media\/244128"}],"wp:attachment":[{"href":"https:\/\/www.europesays.com\/es\/wp-json\/wp\/v2\/media?parent=244127"}],"wp:term":[{"taxonomy":"category","embeddable":true,"href":"https:\/\/www.europesays.com\/es\/wp-json\/wp\/v2\/categories?post=244127"},{"taxonomy":"post_tag","embeddable":true,"href":"https:\/\/www.europesays.com\/es\/wp-json\/wp\/v2\/tags?post=244127"}],"curies":[{"name":"wp","href":"https:\/\/api.w.org\/{rel}","templated":true}]}}