{"id":24413,"date":"2025-08-04T06:25:06","date_gmt":"2025-08-04T06:25:06","guid":{"rendered":"https:\/\/www.europesays.com\/es\/24413\/"},"modified":"2025-08-04T06:25:06","modified_gmt":"2025-08-04T06:25:06","slug":"estela-grande-y-juan-iglesias-abren-las-puertas-del-hogar-donde-creceran-sus-gemelos","status":"publish","type":"post","link":"https:\/\/www.europesays.com\/es\/24413\/","title":{"rendered":"Estela Grande y Juan Iglesias abren las puertas del hogar donde crecer\u00e1n sus gemelos"},"content":{"rendered":"<p id=\"eXZc9a0lSj\" data-wc=\"132\"><strong>Estela Grande y el futbolista del Getafe C.F., Juan Iglesias, han abierto las puertas de su impresionante hogar en Madrid, la misma casa en la que esperan con ilusi\u00f3n la llegada de sus dos beb\u00e9s.<\/strong> Tras confirmar su embarazo, la influencer ha mostrado algunos de los rincones m\u00e1s especiales de la vivienda: un sal\u00f3n moderno con grandes ventanales, decoraci\u00f3n minimalista y una espectacular zona exterior con piscina y jard\u00edn. La pareja compr\u00f3 este chalet de nueva construcci\u00f3n a finales de 2023 y lo transformaron por completo para hacerlo suyo. Ahora, a pocos meses de convertirse en padres, comparten su refugio m\u00e1s \u00edntimo con sus seguidores, mientras se preparan para vivir el cap\u00edtulo m\u00e1s bonito de sus vidas. <strong>\u00a1No te pierdas las im\u00e1genes de su casa y el rinc\u00f3n donde crecer\u00e1n sus hijos!<\/strong><\/p>\n","protected":false},"excerpt":{"rendered":"Estela Grande y el futbolista del Getafe C.F., Juan Iglesias, han abierto las puertas de su impresionante hogar&hellip;\n","protected":false},"author":2,"featured_media":24414,"comment_status":"","ping_status":"","sticky":false,"template":"","format":"standard","meta":{"footnotes":""},"categories":[174],"tags":[517,3738,255,13865,634,146,147,25,24,10673,256,12553,23],"class_list":{"0":"post-24413","1":"post","2":"type-post","3":"status-publish","4":"format-standard","5":"has-post-thumbnail","7":"category-famosos","8":"tag-actualidad","9":"tag-casas","10":"tag-celebrities","11":"tag-decoracion-casa","12":"tag-deporte","13":"tag-entertainment","14":"tag-entretenimiento","15":"tag-es","16":"tag-espana","17":"tag-estela-grande","18":"tag-famosos","19":"tag-mas-noticias","20":"tag-spain"},"share_on_mastodon":{"url":"","error":""},"_links":{"self":[{"href":"https:\/\/www.europesays.com\/es\/wp-json\/wp\/v2\/posts\/24413","targetHints":{"allow":["GET"]}}],"collection":[{"href":"https:\/\/www.europesays.com\/es\/wp-json\/wp\/v2\/posts"}],"about":[{"href":"https:\/\/www.europesays.com\/es\/wp-json\/wp\/v2\/types\/post"}],"author":[{"embeddable":true,"href":"https:\/\/www.europesays.com\/es\/wp-json\/wp\/v2\/users\/2"}],"replies":[{"embeddable":true,"href":"https:\/\/www.europesays.com\/es\/wp-json\/wp\/v2\/comments?post=24413"}],"version-history":[{"count":0,"href":"https:\/\/www.europesays.com\/es\/wp-json\/wp\/v2\/posts\/24413\/revisions"}],"wp:featuredmedia":[{"embeddable":true,"href":"https:\/\/www.europesays.com\/es\/wp-json\/wp\/v2\/media\/24414"}],"wp:attachment":[{"href":"https:\/\/www.europesays.com\/es\/wp-json\/wp\/v2\/media?parent=24413"}],"wp:term":[{"taxonomy":"category","embeddable":true,"href":"https:\/\/www.europesays.com\/es\/wp-json\/wp\/v2\/categories?post=24413"},{"taxonomy":"post_tag","embeddable":true,"href":"https:\/\/www.europesays.com\/es\/wp-json\/wp\/v2\/tags?post=24413"}],"curies":[{"name":"wp","href":"https:\/\/api.w.org\/{rel}","templated":true}]}}