{"id":244133,"date":"2025-11-19T07:44:09","date_gmt":"2025-11-19T07:44:09","guid":{"rendered":"https:\/\/www.europesays.com\/es\/244133\/"},"modified":"2025-11-19T07:44:09","modified_gmt":"2025-11-19T07:44:09","slug":"no-me-preguntes-que-dia-es-estoy-en-las-nubes","status":"publish","type":"post","link":"https:\/\/www.europesays.com\/es\/244133\/","title":{"rendered":"No me preguntes qu\u00e9 d\u00eda es. Estoy en las nubes"},"content":{"rendered":"<p><img src=\"https:\/\/www.mundodeportivo.com\/files\/image_449_220\/files\/fp\/uploads\/2025\/03\/08\/67cc0da391c6f.r_d.1844-1020.jpeg\" data-full-src=\"https:\/\/www.europesays.com\/es\/wp-content\/uploads\/2025\/11\/67cc0da391c6f.jpeg\" alt=\"Horizontal\" width=\"449\" height=\"220\" class=\"nolazy\" decoding=\"async\" fetchpriority=\"high\"\/><\/p>\n<p class=\"caption-title \">Stefanos Tsitsipas espera dejar atr\u00e1s en 2026 los problemas f\u00edsicos que le han lastrado en los \u00faltimos meses<\/p>\n<p>Christopher Pike \/ Getty<\/p>\n<p>                <img loading=\"lazy\" decoding=\"async\" width=\"60\" height=\"60\" alt=\"Tsitsipas: \" no=\"\" me=\"\" preguntes=\"\" qu=\"\" d=\"\" es.=\"\" estoy=\"\" en=\"\" las=\"\" nubes=\"\" title=\"\" src=\"\/files\/image_60_60\/uploads\/2021\/07\/26\/60fea15a0d66a.png\" class=\"lazy\"\/><\/p>\n<p>\n                        Actualizado a  19\/11\/2025 06:30 CET\n                    <\/p>\n<p data-gtm-element-container=\"modulo-texto-link\" class=\"paragraph\">La temporada 2025 echa esta semana el cierre. Llega el momento de hacer balance y mostrar las intenciones de cara al a\u00f1o nuevo.<strong> En el caso de Stefanos Tsitsipas queda claro que el objetivo es dejar atr\u00e1s la innumerable lista de problemas f\u00edsicos<\/strong> que le han lastrado en los \u00faltimos meses para reencontrarse con su mejor nivel.<\/p>\n<p data-gtm-element-container=\"modulo-texto-link\" class=\"paragraph\"><strong>A los problemas f\u00edsicos se le une esa tendencia a la dispersi\u00f3n que caracteriza al griego<\/strong>, y de la que hace gala cada vez que coge el m\u00f3vil para usar sus redes sociales.<\/p>\n<p data-gtm-element-container=\"modulo-texto-link\" class=\"paragraph\">El \u00faltimo ejemplo lo encontramos que su \u00faltimo tuit. \u00ab<strong>No me preguntes qu\u00e9 d\u00eda es. Estoy en las nubes<\/strong>\u00bb escribi\u00f3 Stefanos, a quien parece que le est\u00e1n sentando bien las vacaciones.<\/p>\n<blockquote class=\"twitter-tweet\" data-lang=\"es\"><p>\n<a href=\"https:\/\/twitter.com\/steftsitsipas\/status\/1990541708220674073\" rel=\"nofollow noopener\" target=\"_blank\">\n<\/p><\/blockquote>\n<p>    Lee tambi\u00e9n<\/p>\n<p data-gtm-element-container=\"modulo-texto-link\" class=\"paragraph\"><strong>Recordamos que el griego no juega desde el &#8216;Six Kings Slam&#8217;,<\/strong> torneo de exhibici\u00f3n celebrado a mitad de octubre al que acudi\u00f3 sin estar del todo recuperado de la lesi\u00f3n que le oblig\u00f3 a retirarse del US Open.<\/p>\n<p data-gtm-element-container=\"modulo-texto-link\" class=\"paragraph\">Desde entonces <strong>s\u00f3lo le hemos podido ver como espectador en el reciente torneo de Atenas<\/strong>, donde vio en directo como Novak Djokovic sumaba su t\u00edtulo n\u00famero 101.\u00a0<\/p>\n<p>\n        Mostrar comentarios\n    <\/p>\n<p>{\u00aballowComment\u00bb:\u00bballowed\u00bb,\u00bbarticleId\u00bb:\u00bbarticle-1002571583&#8243;,\u00bburl\u00bb:\u00bbhttps:\\\/\\\/www.mundodeportivo.com\\\/tenis\\\/20251118\\\/1002571583\\\/tsitsipas-me-preguntes-que-dia-nubes.html\u00bb,\u00bblivefyre-url\u00bb:\u00bbarticle-1002571583&#8243;}<\/p>\n<p>Cargando siguiente contenido&#8230;\n                <\/p>\n<p>    <script async src=\"https:\/\/platform.twitter.com\/widgets.js\" charset=\"utf-8\"><\/script><\/p>\n","protected":false},"excerpt":{"rendered":"Stefanos Tsitsipas espera dejar atr\u00e1s en 2026 los problemas f\u00edsicos que le han lastrado en los \u00faltimos meses&hellip;\n","protected":false},"author":2,"featured_media":13910,"comment_status":"","ping_status":"","sticky":false,"template":"","format":"standard","meta":{"footnotes":""},"categories":[274],"tags":[168,25,24,23,167,327,326],"class_list":{"0":"post-244133","1":"post","2":"type-post","3":"status-publish","4":"format-standard","5":"has-post-thumbnail","7":"category-tenis","8":"tag-deportes","9":"tag-es","10":"tag-espana","11":"tag-spain","12":"tag-sports","13":"tag-tenis","14":"tag-tennis"},"share_on_mastodon":{"url":"https:\/\/pubeurope.com\/@es\/115575250504905862","error":""},"_links":{"self":[{"href":"https:\/\/www.europesays.com\/es\/wp-json\/wp\/v2\/posts\/244133","targetHints":{"allow":["GET"]}}],"collection":[{"href":"https:\/\/www.europesays.com\/es\/wp-json\/wp\/v2\/posts"}],"about":[{"href":"https:\/\/www.europesays.com\/es\/wp-json\/wp\/v2\/types\/post"}],"author":[{"embeddable":true,"href":"https:\/\/www.europesays.com\/es\/wp-json\/wp\/v2\/users\/2"}],"replies":[{"embeddable":true,"href":"https:\/\/www.europesays.com\/es\/wp-json\/wp\/v2\/comments?post=244133"}],"version-history":[{"count":0,"href":"https:\/\/www.europesays.com\/es\/wp-json\/wp\/v2\/posts\/244133\/revisions"}],"wp:featuredmedia":[{"embeddable":true,"href":"https:\/\/www.europesays.com\/es\/wp-json\/wp\/v2\/media\/13910"}],"wp:attachment":[{"href":"https:\/\/www.europesays.com\/es\/wp-json\/wp\/v2\/media?parent=244133"}],"wp:term":[{"taxonomy":"category","embeddable":true,"href":"https:\/\/www.europesays.com\/es\/wp-json\/wp\/v2\/categories?post=244133"},{"taxonomy":"post_tag","embeddable":true,"href":"https:\/\/www.europesays.com\/es\/wp-json\/wp\/v2\/tags?post=244133"}],"curies":[{"name":"wp","href":"https:\/\/api.w.org\/{rel}","templated":true}]}}