{"id":244140,"date":"2025-11-19T07:50:08","date_gmt":"2025-11-19T07:50:08","guid":{"rendered":"https:\/\/www.europesays.com\/es\/244140\/"},"modified":"2025-11-19T07:50:08","modified_gmt":"2025-11-19T07:50:08","slug":"la-moda-y-el-arte-unidos-en-una-exposicion-inedita-en-el-bellas-artes","status":"publish","type":"post","link":"https:\/\/www.europesays.com\/es\/244140\/","title":{"rendered":"La moda y el arte, unidos en una exposici\u00f3n in\u00e9dita en el Bellas Artes"},"content":{"rendered":"<p>Moda y arte unidos en una exposici\u00f3n in\u00e9dita en el <a href=\"https:\/\/www.elcomercio.es\/oviedo\/pasarela-campoamor-inicia-colaboracion-bellas-artes-20250715202106-nt.html\" target=\"_self\" data-voc-vtm-id=\"in-text-traffic\" title=\"Museo de Bellas Artes\" data-mrf-link=\"www.elcomercio.es\" rel=\"nofollow noopener\">Museo de Bellas Artes<\/a>: &#8216;Semana Pasarela Campoamor&#8217;. Un di\u00e1logo \u00fanico entre obras maestras de  &#8230; la pintura y creaciones de alta costura gracias al binomio de <a href=\"https:\/\/www.elcomercio.es\/oviedo\/magia-fuerza-moda-llenan-espectaculo-pasarela-campoamor-20241215223335-nt.html\" target=\"_self\" data-voc-vtm-id=\"in-text-traffic\" title=\"Pasarela Campoamor\" data-mrf-link=\"www.elcomercio.es\" rel=\"nofollow noopener\">Pasarela Campoamor<\/a> y la pinacoteca. <\/p>\n<p class=\"v-p\">La muestra reuni\u00f3 piezas de destacados maestros de la colecci\u00f3n del museo como Miquel Barcel\u00f3, Equipo Cr\u00f3nica, Eduardo \u00darculo, Pablo Picasso, Hermen Anglada-Camarasa, Ram\u00f3n Casas, Joaqu\u00edn Sorolla y Miguel Jacinto Mel\u00e9ndez que fueron reinterpretadas por dise\u00f1adores de prestigio nacional e internacional como Alfonso P\u00e9rez para \u00c1ngel Schlesser, Mar\u00eda Lafuente, Celia B, Charme, Isabel Zapardiez, Fely Campo, Arturo Obegero y Anaiss Yucra, entre otros. Cada dise\u00f1o de ellos estableci\u00f3 una conexi\u00f3n visual y conceptual con la obra de arte que lo inspir\u00f3. <\/p>\n<p class=\"v-p\">Alfonso P\u00e9rez, director creativo de Angel Schlesser, tradujo en moda la esencia de Picasso. \u00abEs un proceso complicado porque la pintura da v\u00e9rtigo, y m\u00e1s la de Picasso. He hecho algo honesto y me he ido al concepto\u00bb, revel\u00f3. <\/p>\n<p class=\"v-p\">La dise\u00f1adora asturleonesa Mar\u00eda Lafuente abraz\u00f3 la luminosidad de Sorolla para su \u00faltima colecci\u00f3n. La alegr\u00eda y la vibraci\u00f3n crom\u00e1tica del maestro valenciano son el eje de su universo textil. \u00abFeliz porque es todo luminosidad. Es maravilloso unir el arte y la moda porque hacen crecer y visibilizar todo esto\u00bb, afirm\u00f3 Lafuente.<\/p>\n<p class=\"v-p\">La exposici\u00f3n, una propuesta cultural multidisciplinar, cosech\u00f3 \u00e9xitos y fue enriquecida con la participaci\u00f3n de la \u00d3pera de Oviedo y la Universidad Europea.<\/p>\n","protected":false},"excerpt":{"rendered":"Moda y arte unidos en una exposici\u00f3n in\u00e9dita en el Museo de Bellas Artes: &#8216;Semana Pasarela Campoamor&#8217;. Un&hellip;\n","protected":false},"author":2,"featured_media":244141,"comment_status":"","ping_status":"","sticky":false,"template":"","format":"standard","meta":{"footnotes":""},"categories":[173],"tags":[229,233,1968,231,230,1967,232,234,146,147,25,24,2003,14464,1023,23,4218],"class_list":{"0":"post-244140","1":"post","2":"type-post","3":"status-publish","4":"format-standard","5":"has-post-thumbnail","7":"category-arte-y-diseno","8":"tag-arte","9":"tag-arte-y-diseno","10":"tag-artes","11":"tag-arts","12":"tag-arts-and-design","13":"tag-bellas","14":"tag-design","15":"tag-diseno","16":"tag-entertainment","17":"tag-entretenimiento","18":"tag-es","19":"tag-espana","20":"tag-exposicion","21":"tag-inedita","22":"tag-moda","23":"tag-spain","24":"tag-unidos"},"share_on_mastodon":{"url":"https:\/\/pubeurope.com\/@es\/115575273743939697","error":""},"_links":{"self":[{"href":"https:\/\/www.europesays.com\/es\/wp-json\/wp\/v2\/posts\/244140","targetHints":{"allow":["GET"]}}],"collection":[{"href":"https:\/\/www.europesays.com\/es\/wp-json\/wp\/v2\/posts"}],"about":[{"href":"https:\/\/www.europesays.com\/es\/wp-json\/wp\/v2\/types\/post"}],"author":[{"embeddable":true,"href":"https:\/\/www.europesays.com\/es\/wp-json\/wp\/v2\/users\/2"}],"replies":[{"embeddable":true,"href":"https:\/\/www.europesays.com\/es\/wp-json\/wp\/v2\/comments?post=244140"}],"version-history":[{"count":0,"href":"https:\/\/www.europesays.com\/es\/wp-json\/wp\/v2\/posts\/244140\/revisions"}],"wp:featuredmedia":[{"embeddable":true,"href":"https:\/\/www.europesays.com\/es\/wp-json\/wp\/v2\/media\/244141"}],"wp:attachment":[{"href":"https:\/\/www.europesays.com\/es\/wp-json\/wp\/v2\/media?parent=244140"}],"wp:term":[{"taxonomy":"category","embeddable":true,"href":"https:\/\/www.europesays.com\/es\/wp-json\/wp\/v2\/categories?post=244140"},{"taxonomy":"post_tag","embeddable":true,"href":"https:\/\/www.europesays.com\/es\/wp-json\/wp\/v2\/tags?post=244140"}],"curies":[{"name":"wp","href":"https:\/\/api.w.org\/{rel}","templated":true}]}}