{"id":244156,"date":"2025-11-19T08:00:29","date_gmt":"2025-11-19T08:00:29","guid":{"rendered":"https:\/\/www.europesays.com\/es\/244156\/"},"modified":"2025-11-19T08:00:29","modified_gmt":"2025-11-19T08:00:29","slug":"japon-emite-alerta-de-riesgos-en-china-dw-18-11-2025","status":"publish","type":"post","link":"https:\/\/www.europesays.com\/es\/244156\/","title":{"rendered":"Jap\u00f3n emite alerta de riesgos en China \u2013 DW \u2013 18\/11\/2025"},"content":{"rendered":"<p>Los comentarios el pasado 7 de noviembre de 2025 de la primera ministra de Jap\u00f3n, <a class=\"internal-link\" href=\"https:\/\/www.dw.com\/es\/sanae-takaichi\/t-74566694\" rel=\"nofollow noopener\" target=\"_blank\">Sanae Takaichi,<\/a> en los que aseguraba que una operaci\u00f3n armada de <a class=\"internal-link\" href=\"https:\/\/www.dw.com\/es\/china\/t-17411734\" rel=\"nofollow noopener\" target=\"_blank\">China<\/a> contra <a class=\"internal-link\" href=\"https:\/\/www.dw.com\/es\/taiw\u00e1n\/t-62696129\" rel=\"nofollow noopener\" target=\"_blank\">Taiw\u00e1n<\/a> podr\u00eda justificar <a class=\"internal-link\" href=\"https:\/\/www.dw.com\/es\/crece-tensi\u00f3n-entre-china-y-jap\u00f3n-por-dichos-sobre-taiw\u00e1n\/a-74683975\" rel=\"nofollow noopener\" target=\"_blank\">el env\u00edo de tropas<\/a> para apoyar a esa isla democr\u00e1tica, siguen generando <a class=\"internal-link\" href=\"https:\/\/www.dw.com\/es\/china-y-jap\u00f3n-escalan-advertencias-y-amenazas-por-taiw\u00e1n\/a-74725800\" rel=\"nofollow noopener\" target=\"_blank\">tensi\u00f3n diplom\u00e1tica<\/a> entre ambos pa\u00edses.<\/p>\n<p>Takaichi justific\u00f3 su posici\u00f3n alegando \u00ableg\u00edtima defensa colectiva\u00bb, ya que Taiw\u00e1n\u00a0\u00a0<a class=\"internal-link\" href=\"https:\/\/www.dw.com\/es\/china-y-jap\u00f3n-escalan-advertencias-y-amenazas-por-taiw\u00e1n\/a-74725800\" rel=\"nofollow noopener\" target=\"_blank\">China y Jap\u00f3n escalan advertencias y amenazas por Taiw\u00e1n<\/a> se encuentra a tan solo unos cien kil\u00f3metros de la isla japonesa m\u00e1s cercana.<\/p>\n<p>Advertencia de seguridad a japoneses en China<\/p>\n<p>El paso m\u00e1s reciente lo acaba de dar ahora <a class=\"internal-link\" href=\"https:\/\/www.dw.com\/es\/jap\u00f3n\/t-17412726\" rel=\"nofollow noopener\" target=\"_blank\">Jap\u00f3n<\/a>, que insta a sus ciudadanos en China a extremar las precauciones de seguridad y evitar las multitudes.<\/p>\n<p>\u00abPresten atenci\u00f3n a su entorno y eviten en la medida de lo posible las plazas donde se re\u00fanen grandes multitudes o los lugares que puedan ser frecuentados por muchos japoneses\u00bb, recomend\u00f3 la embajada nipona en China en un comunicado publicado en su sitio web.<\/p>\n<p>La advertencia tambi\u00e9n exhorta a los ciudadanos japoneses a respetar \u00ablas costumbres locales\u00bb y tener \u00abcuidado con sus palabras y actitudes al interactuar con la poblaci\u00f3n local\u00bb.<\/p>\n<p>ms (afp\/efe)<\/p>\n<p>\u00a0\u00a0\u00a0\u00a0\u00a0<\/p>\n<p>\u00a0<\/p>\n","protected":false},"excerpt":{"rendered":"Los comentarios el pasado 7 de noviembre de 2025 de la primera ministra de Jap\u00f3n, Sanae Takaichi, en&hellip;\n","protected":false},"author":2,"featured_media":244157,"comment_status":"","ping_status":"","sticky":false,"template":"","format":"standard","meta":{"footnotes":""},"categories":[42],"tags":[17,18,13,14,11,61,62,63,64,19,20,9,10,15,16,12,21,22,65,66,67],"class_list":{"0":"post-244156","1":"post","2":"type-post","3":"status-publish","4":"format-standard","5":"has-post-thumbnail","7":"category-internacional","8":"tag-breaking-news","9":"tag-breakingnews","10":"tag-featured-news","11":"tag-featurednews","12":"tag-headlines","13":"tag-internacional","14":"tag-international","15":"tag-international-news","16":"tag-internationalnews","17":"tag-latest-news","18":"tag-latestnews","19":"tag-news","20":"tag-noticias","21":"tag-noticias-destacadas","22":"tag-noticiasdestacadas","23":"tag-titulares","24":"tag-ultimas-noticias","25":"tag-ultimasnoticias","26":"tag-world","27":"tag-world-news","28":"tag-worldnews"},"share_on_mastodon":{"url":"https:\/\/pubeurope.com\/@es\/115575313177124787","error":""},"_links":{"self":[{"href":"https:\/\/www.europesays.com\/es\/wp-json\/wp\/v2\/posts\/244156","targetHints":{"allow":["GET"]}}],"collection":[{"href":"https:\/\/www.europesays.com\/es\/wp-json\/wp\/v2\/posts"}],"about":[{"href":"https:\/\/www.europesays.com\/es\/wp-json\/wp\/v2\/types\/post"}],"author":[{"embeddable":true,"href":"https:\/\/www.europesays.com\/es\/wp-json\/wp\/v2\/users\/2"}],"replies":[{"embeddable":true,"href":"https:\/\/www.europesays.com\/es\/wp-json\/wp\/v2\/comments?post=244156"}],"version-history":[{"count":0,"href":"https:\/\/www.europesays.com\/es\/wp-json\/wp\/v2\/posts\/244156\/revisions"}],"wp:featuredmedia":[{"embeddable":true,"href":"https:\/\/www.europesays.com\/es\/wp-json\/wp\/v2\/media\/244157"}],"wp:attachment":[{"href":"https:\/\/www.europesays.com\/es\/wp-json\/wp\/v2\/media?parent=244156"}],"wp:term":[{"taxonomy":"category","embeddable":true,"href":"https:\/\/www.europesays.com\/es\/wp-json\/wp\/v2\/categories?post=244156"},{"taxonomy":"post_tag","embeddable":true,"href":"https:\/\/www.europesays.com\/es\/wp-json\/wp\/v2\/tags?post=244156"}],"curies":[{"name":"wp","href":"https:\/\/api.w.org\/{rel}","templated":true}]}}