{"id":244179,"date":"2025-11-19T08:19:09","date_gmt":"2025-11-19T08:19:09","guid":{"rendered":"https:\/\/www.europesays.com\/es\/244179\/"},"modified":"2025-11-19T08:19:09","modified_gmt":"2025-11-19T08:19:09","slug":"la-enfermedad-que-avanza-silenciosa","status":"publish","type":"post","link":"https:\/\/www.europesays.com\/es\/244179\/","title":{"rendered":"la enfermedad que avanza silenciosa"},"content":{"rendered":"<p>El <strong><a target=\"_blank\" data-generated=\"auto\" href=\"https:\/\/www.aragondigital.es\/tags\/dia-mundial\" rel=\"nofollow noopener\">D\u00eda Mundial<\/a> de la Enfermedad Pulmonar Obstructiva Cr\u00f3nica (EPOC)<\/strong>, que se celebra\u00a0este mi\u00e9rcoles, vuelve a poner sobre la mesa una realidad que inquieta a los especialistas: <strong>tres de cada cuatro personas afectadas en <a target=\"_blank\" data-generated=\"auto\" href=\"https:\/\/www.aragondigital.es\/blog\/section\/espana\/\" rel=\"nofollow noopener\">Espa\u00f1a<\/a> siguen<\/strong> <strong>sin diagnosticar<\/strong>. Un dato que, seg\u00fan la <strong>Sociedad Espa\u00f1ola de Neumolog\u00eda y Cirug\u00eda Tor\u00e1cica (Separ)<\/strong>, demuestra que la EPOC continua avanzando en silencio, a pesar de los progresos en prevenci\u00f3n, detecci\u00f3n y tratamiento.<\/p>\n<p>La EPOC es una <strong>enfermedad respiratoria marcada<\/strong> por una inflamaci\u00f3n persistente en los bronquios que dificulta el paso del aire. Esa obstrucci\u00f3n, asociada sobre todo a la <strong>inhalaci\u00f3n de humo de tabaco<\/strong>, tambi\u00e9n puede estar provocada por la exposici\u00f3n a contaminantes ambientales y profesionales. Seg\u00fan el <strong>estudio EPI-SCAN II<\/strong>, afecta al 11% de la poblaci\u00f3n adulta entre los 40 y los 80 a\u00f1os, lo que supone m\u00e1s de 2,9 millones de personas, pero cerca del 75 % desconoce que la padece. La consecuencia es evidente: cuanto m\u00e1s tarde se detecta, <strong>mayor es el deterioro pulmonar<\/strong> y m\u00e1s dif\u00edcil resulta frenar su progresi\u00f3n.<\/p>\n<p>El problema del <strong>infradiagn\u00f3stico se explica<\/strong> en parte porque la enfermedad avanza de manera gradual, sin grandes alarmas iniciales. La <strong>disnea \u2014ese ahogo que<\/strong> aparece en fases m\u00e1s avanzadas\u2014 se suma con el tiempo a la tos persistente y a la mucosidad que cambia de color o aumenta durante las infecciones respiratorias. A estas se\u00f1ales se a\u00f1aden, en los casos m\u00e1s prolongados, complicaciones como p\u00e9rdida de peso, fatiga, desnutrici\u00f3n, ansiedad, reducci\u00f3n de masa muscular u osteoporosis. Aunque no tiene cura, s\u00ed es prevenible y tratable, y los especialistas insisten en que <strong>las intervenciones tempranas marcan<\/strong> la diferencia.<\/p>\n<p>LA PRUEBA ES ESENCIAL<\/p>\n<p>\u201cEl <strong>infradiagn\u00f3stico sigue siendo<\/strong> uno de los principales desaf\u00edos\u201d, recuerda el Dr. Juan Marco Figueira Gon\u00e7alves, secretario del \u00c1rea de EPOC de Separ. \u201cIdentificar la enfermedad en <strong>fases iniciales es clave<\/strong> para intervenir precozmente, frenar el deterioro funcional y, en los casos sintom\u00e1ticos, reducir exacerbaciones y mejorar la calidad de vida. Para lograrlo, resulta fundamental impulsar la realizaci\u00f3n de <strong>espirometr\u00edas y reforzar<\/strong> los programas de detecci\u00f3n precoz\u201d, a\u00f1ade. La espirometr\u00eda, una prueba sencilla que mide la capacidad respiratoria, sigue siendo la herramienta m\u00e1s accesible y eficaz para detectar la EPOC en sus primeros estadios.<\/p>\n<p>La Dra. Antonia Oca\u00f1a Padilla, m\u00e9dico de familia y vocal de comunicaci\u00f3n de Separ, insiste en que su uso debe pasar a ser <strong>rutinario entre fumadores<\/strong> y exfumadores. \u201cEs importante que todas las especialidades m\u00e9dicas <strong>incorporen la espirometr\u00eda en<\/strong> la evaluaci\u00f3n de los pacientes fumadores o exfumadores, y que la poblaci\u00f3n conozca y demande esta prueba a su m\u00e9dico. La detecci\u00f3n precoz de las enfermedades respiratorias debe entenderse como una <strong>responsabilidad compartida entre<\/strong> todos los profesionales sanitarios y la ciudadan\u00eda\u201d, subraya.<\/p>\n<p>En los \u00faltimos a\u00f1os, el <strong>tratamiento de la EPOC<\/strong> ha mejorado mucho. Los broncodilatadores y los corticoides inhalados siguen siendo fundamentales porque ayudan a abrir los bronquios y a bajar la inflamaci\u00f3n. A esto se a\u00f1aden nuevas <strong>terapias biol\u00f3gicas, que se<\/strong> usan solo en algunos tipos concretos de EPOC y permiten adaptar mejor el tratamiento a cada paciente. \u201cLa EPOC <strong>no solo plantea un<\/strong> reto sanitario, sino tambi\u00e9n medioambiental. La transici\u00f3n hacia inhaladores con menor impacto en el medio ambiente demuestra que es posible <strong>avanzar en salud respiratoria<\/strong> de manera responsable y sostenible\u201d, destaca el Dr. Figueira.<\/p>\n<p>A pesar de estas mejoras, los especialistas recuerdan que la clave para controlar la enfermedad no es solo farmacol\u00f3gica. El <strong>abandono del tabaco sigue<\/strong> siendo la medida m\u00e1s eficaz para prevenir el avance de la EPOC, y a ello se suman la <strong>rehabilitaci\u00f3n pulmonar, el ejercicio<\/strong> regular, la vacunaci\u00f3n preventiva y un seguimiento cl\u00ednico constante. Separ defiende un <strong>modelo de atenci\u00f3n integral<\/strong> que ponga al paciente en el centro, adapte el tratamiento a las caracter\u00edsticas de cada persona y refuerce la coordinaci\u00f3n entre los profesionales que intervienen en su cuidado.<\/p>\n<p>\u201cLa EPOC es <strong>prevenible, tratable y controlable<\/strong>. Para lograrlo, necesitamos diagn\u00f3stico precoz, incorporaci\u00f3n de los avances terap\u00e9uticos y una atenci\u00f3n centrada en la persona. <strong>Cada paciente cuenta<\/strong>\u201d, explica el Dr. Figueira Gon\u00e7alves.<\/p>\n","protected":false},"excerpt":{"rendered":"El D\u00eda Mundial de la Enfermedad Pulmonar Obstructiva Cr\u00f3nica (EPOC), que se celebra\u00a0este mi\u00e9rcoles, vuelve a poner sobre&hellip;\n","protected":false},"author":2,"featured_media":244180,"comment_status":"","ping_status":"","sticky":false,"template":"","format":"standard","meta":{"footnotes":""},"categories":[92],"tags":[1293,25,24,165,338,166,1811,23,4224],"class_list":{"0":"post-244179","1":"post","2":"type-post","3":"status-publish","4":"format-standard","5":"has-post-thumbnail","7":"category-salud","8":"tag-enfermedades","9":"tag-es","10":"tag-espana","11":"tag-health","12":"tag-portada","13":"tag-salud","14":"tag-sanidad","15":"tag-spain","16":"tag-tabaco"},"share_on_mastodon":{"url":"https:\/\/pubeurope.com\/@es\/115575388041878483","error":""},"_links":{"self":[{"href":"https:\/\/www.europesays.com\/es\/wp-json\/wp\/v2\/posts\/244179","targetHints":{"allow":["GET"]}}],"collection":[{"href":"https:\/\/www.europesays.com\/es\/wp-json\/wp\/v2\/posts"}],"about":[{"href":"https:\/\/www.europesays.com\/es\/wp-json\/wp\/v2\/types\/post"}],"author":[{"embeddable":true,"href":"https:\/\/www.europesays.com\/es\/wp-json\/wp\/v2\/users\/2"}],"replies":[{"embeddable":true,"href":"https:\/\/www.europesays.com\/es\/wp-json\/wp\/v2\/comments?post=244179"}],"version-history":[{"count":0,"href":"https:\/\/www.europesays.com\/es\/wp-json\/wp\/v2\/posts\/244179\/revisions"}],"wp:featuredmedia":[{"embeddable":true,"href":"https:\/\/www.europesays.com\/es\/wp-json\/wp\/v2\/media\/244180"}],"wp:attachment":[{"href":"https:\/\/www.europesays.com\/es\/wp-json\/wp\/v2\/media?parent=244179"}],"wp:term":[{"taxonomy":"category","embeddable":true,"href":"https:\/\/www.europesays.com\/es\/wp-json\/wp\/v2\/categories?post=244179"},{"taxonomy":"post_tag","embeddable":true,"href":"https:\/\/www.europesays.com\/es\/wp-json\/wp\/v2\/tags?post=244179"}],"curies":[{"name":"wp","href":"https:\/\/api.w.org\/{rel}","templated":true}]}}