{"id":244184,"date":"2025-11-19T08:22:11","date_gmt":"2025-11-19T08:22:11","guid":{"rendered":"https:\/\/www.europesays.com\/es\/244184\/"},"modified":"2025-11-19T08:22:11","modified_gmt":"2025-11-19T08:22:11","slug":"solo-sus-donuts-podran-llamarse-donut-aunque-los-inventaran-otros","status":"publish","type":"post","link":"https:\/\/www.europesays.com\/es\/244184\/","title":{"rendered":"solo sus Donuts podr\u00e1n llamarse &#8216;donut&#8217;, aunque los inventaran otros"},"content":{"rendered":"<p>Se acab\u00f3 <a class=\"text-outboundlink\" href=\"https:\/\/www.directoalpaladar.com\/consumidores\/panrico-a-krispy-kreme-historia-detras-donuts-marca-permanente-litigio\" data-vars-post-title=\"El monopolio del donut en Espa\u00f1a: la historia de un nombre convertido en marca que ha llevado a la rosquilla a los tribunales\" data-vars-post-url=\"https:\/\/www.directoalpaladar.com\/consumidores\/panrico-a-krispy-kreme-historia-detras-donuts-marca-permanente-litigio\" rel=\"nofollow noopener\" target=\"_blank\">el culebr\u00f3n legal que ha tenido el uso del t\u00e9rmino donut danzando en el limbo<\/a> en los \u00faltimos a\u00f1os en nuestro pa\u00eds. Un culebr\u00f3n <strong>confuso <\/strong>por las idas y venidas de varias compa\u00f1\u00edas que se han disputado la propiedad del supuesto bollo original, y que, casi una d\u00e9cada despu\u00e9s de arrancar el litigio, ha concluido con el <strong>triunfo de Bimbo<\/strong>. Solo sus \u00a0Donuts\u00a9 pueden llamarse <strong>donuts<\/strong>.<\/p>\n<p>As\u00ed lo ha dictaminado el Tribunal Supremo, estimando que el uso no autorizado del t\u00e9rmino Donut con fines comerciales en nuestro pa\u00eds constituye una<strong> violaci\u00f3n de los derechos de marca <\/strong>del Grupo Bimbo. El hecho de que el t\u00e9rmino d\u00f3nut, con tilde y en min\u00fascula, se haya incorporado al diccionario de la RAE \u201cno comporta una p\u00e9rdida o limitaci\u00f3n de los derechos de exclusiva marcaria de su titular\u201d.<\/p>\n<p>En otras palabras, una cosa es el lenguaje coloquial, el que usamos en nuestro lenguaje d\u00eda a d\u00eda, y otra son los derechos de titularidad y explotaci\u00f3n de una marca comercial. As\u00ed, d\u00f3nut es la adaptaci\u00f3n a nuestro idioma del t\u00e9rmino anglosaj\u00f3n original, <strong>doughnut<\/strong>, tambi\u00e9n llamado <strong>donut <\/strong>en ingl\u00e9s, adaptado como <a class=\"text-outboundlink\" href=\"https:\/\/www.directoalpaladar.com\/postres\/como-hacer-donas-caseras-receta-primas-domesticas-donuts\" data-vars-post-title=\"C\u00f3mo hacer donas caseras: receta de las primas dom\u00e9sticas de los donuts\" data-vars-post-url=\"https:\/\/www.directoalpaladar.com\/postres\/como-hacer-donas-caseras-receta-primas-domesticas-donuts\" rel=\"nofollow noopener\" target=\"_blank\">donas<\/a> en otros pa\u00edses hispanos. Pero solo Bimbo puede comercializarlos como Donuts.<\/p>\n<p> C\u00f3mo cocinar de forma segura<\/p>\n<p>Seg\u00fan <a rel=\"noopener, noreferrer nofollow\" href=\"https:\/\/efe.com\/economia\/2025-11-18\/supremo-uso-termino-donut-bimbo\/\" target=\"_blank\">recoge EFE<\/a>, la compa\u00f1\u00eda a calificado de \u201cvictoria legal hist\u00f3rica\u201d una sentencia en la que el Supremo estima el recurso de casaci\u00f3n de Bimbo Donuts Iberia, en un litigio que arranc\u00f3 en 2017, ante el uso del t\u00e9rmino en el \u00e1mbito comercial por un tercero, Dunkin&#8217; Donuts, que en Espa\u00f1a solo puede llamarse Dunkin&#8217;, ahora ya definitivamente.<\/p>\n<p>                   <img class=\"centro_sinmarco\" height=\"900\" width=\"1201\" loading=\"lazy\" decoding=\"async\"  fetchpriority=\"high\"  src=\"https:\/\/www.europesays.com\/es\/wp-content\/uploads\/2025\/11\/1763540531_526_450_1000.jpeg\" alt=\"Donuts2\"\/><\/p>\n<p>Recordemos que <strong>fue Panrico quien introdujo el d\u00f3nut<\/strong> en Espa\u00f1a cuando Andr\u00e9s Costafreda, su fundador, comenz\u00f3 a fabricarlos en los a\u00f1os 60 tras haber aprendido la receta y su fabricaci\u00f3n industrial en Estados Unidos. Emprendedor y visionario, Costafresa tuvo la buena idea de registrar, adem\u00e1s, el nombre Donuts como <strong>marca propia en 1962<\/strong>. Bimbo, su principal competidor, intent\u00f3 hacer la competencia con <a class=\"text-outboundlink\" href=\"https:\/\/www.directoalpaladar.com\/cultura-gastronomica\/que-fue-dupis-donuts-pobres-que-bimbo-intento-competir-panrico-antes-hacerse-originales\" data-vars-post-title=\"Qu\u00e9 fue de los Dupis, los &#039;d\u00f3nuts de los pobres&#039; con los que Bimbo fracas\u00f3 contra Panrico antes de hacerse con los originales\" data-vars-post-url=\"https:\/\/www.directoalpaladar.com\/cultura-gastronomica\/que-fue-dupis-donuts-pobres-que-bimbo-intento-competir-panrico-antes-hacerse-originales\" rel=\"nofollow noopener\" target=\"_blank\">los malogrados Dupis<\/a>, incluso m\u00e1s tarde prob\u00f3 suerte lanzando otro bollo sin nombre. Ya en 2007 Panrico y Bimbo se enfrentaron ante el Tribunal europeo por el uso legal de la marca Donut, dando la raz\u00f3n a Panrico.<\/p>\n<p>Pero poco despu\u00e9s la tortilla se dio la vuelta con la adquisici\u00f3n por parte del Grupo Bimbo, ahora unificado internacionalmente con el grupo mexicano, de casi todo el cat\u00e1logo de Panrico. <strong>Donuts pas\u00f3 a ser propiedad de Bimbo<\/strong>, enfrent\u00e1ndose ahora a las compa\u00f1\u00edas americanas que han tratado de conquistar el mercado espa\u00f1ol, pero llegando muchas d\u00e9cadas tarde.<\/p>\n<p>Ni Dunkin&#8217;, ni la <a class=\"text-outboundlink\" href=\"https:\/\/www.directoalpaladar.com\/consumidores\/primer-krispy-creme-famosa-cadena-americana-donuts-esta-a-punto-abrir-sus-puertas-espana-esta-ubicacion\" data-vars-post-title=\"La m\u00e1s famosa cadena americana de donuts est\u00e1 a punto de abrir sus puertas en Espa\u00f1a\" data-vars-post-url=\"https:\/\/www.directoalpaladar.com\/consumidores\/primer-krispy-creme-famosa-cadena-americana-donuts-esta-a-punto-abrir-sus-puertas-espana-esta-ubicacion\" rel=\"nofollow noopener\" target=\"_blank\">reci\u00e9n llegada Krispy Kream<\/a>, ni ninguna otra compa\u00f1\u00eda puede ni podr\u00e1 usar el nombre donuts o d\u00f3nut como marca o nombre comercial para vender sus propios bollos redondos con agujero. La resoluci\u00f3n final del Supremo impone as\u00ed \u201cel <strong>cese definitivo<\/strong> de la parte contraria en todo uso del signo Donut\u201d en el \u00e1mbito comercial para boller\u00eda, lo que otorga la <strong>exclusividad <\/strong>de dicho t\u00e9rmino a Grupo Bimbo.\u00a0<\/p>\n<p>Im\u00e1genes | <a rel=\"noopener, noreferrer nofollow\" href=\"https:\/\/www.donutsiberia.es\/\" target=\"_blank\">Bimbo Iberia<\/a><\/p>\n<p>En DAP | <a class=\"text-outboundlink\" href=\"https:\/\/www.directoalpaladar.com\/postres\/como-hacer-donuts-caseros-para-merienda-desayuno-redondos\" data-vars-post-title=\"C\u00f3mo hacer donuts caseros: la receta f\u00e1cil para desayunos y meriendas de fiesta\" data-vars-post-url=\"https:\/\/www.directoalpaladar.com\/postres\/como-hacer-donuts-caseros-para-merienda-desayuno-redondos\" rel=\"nofollow noopener\" target=\"_blank\">Donuts caseros<\/a><\/p>\n<p>En DAP | <a class=\"text-outboundlink\" href=\"https:\/\/www.directoalpaladar.com\/eventos\/como-se-hacen-las-rosquillas-de-dunkin-coffee\" data-vars-post-title=\"\u00bfC\u00f3mo se hacen las rosquillas de Dunkin Coffee?\" data-vars-post-url=\"https:\/\/www.directoalpaladar.com\/eventos\/como-se-hacen-las-rosquillas-de-dunkin-coffee\" rel=\"nofollow noopener\" target=\"_blank\">As\u00ed se hacen las rosquillas de Dunkin&#8217;<\/a><\/p>\n","protected":false},"excerpt":{"rendered":"Se acab\u00f3 el culebr\u00f3n legal que ha tenido el uso del t\u00e9rmino donut danzando en el limbo en&hellip;\n","protected":false},"author":2,"featured_media":244185,"comment_status":"","ping_status":"","sticky":false,"template":"","format":"standard","meta":{"footnotes":""},"categories":[80],"tags":[82,95,94,25,24,23],"class_list":{"0":"post-244184","1":"post","2":"type-post","3":"status-publish","4":"format-standard","5":"has-post-thumbnail","7":"category-economia","8":"tag-business","9":"tag-economia","10":"tag-economy","11":"tag-es","12":"tag-espana","13":"tag-spain"},"share_on_mastodon":{"url":"https:\/\/pubeurope.com\/@es\/115575399758135178","error":""},"_links":{"self":[{"href":"https:\/\/www.europesays.com\/es\/wp-json\/wp\/v2\/posts\/244184","targetHints":{"allow":["GET"]}}],"collection":[{"href":"https:\/\/www.europesays.com\/es\/wp-json\/wp\/v2\/posts"}],"about":[{"href":"https:\/\/www.europesays.com\/es\/wp-json\/wp\/v2\/types\/post"}],"author":[{"embeddable":true,"href":"https:\/\/www.europesays.com\/es\/wp-json\/wp\/v2\/users\/2"}],"replies":[{"embeddable":true,"href":"https:\/\/www.europesays.com\/es\/wp-json\/wp\/v2\/comments?post=244184"}],"version-history":[{"count":0,"href":"https:\/\/www.europesays.com\/es\/wp-json\/wp\/v2\/posts\/244184\/revisions"}],"wp:featuredmedia":[{"embeddable":true,"href":"https:\/\/www.europesays.com\/es\/wp-json\/wp\/v2\/media\/244185"}],"wp:attachment":[{"href":"https:\/\/www.europesays.com\/es\/wp-json\/wp\/v2\/media?parent=244184"}],"wp:term":[{"taxonomy":"category","embeddable":true,"href":"https:\/\/www.europesays.com\/es\/wp-json\/wp\/v2\/categories?post=244184"},{"taxonomy":"post_tag","embeddable":true,"href":"https:\/\/www.europesays.com\/es\/wp-json\/wp\/v2\/tags?post=244184"}],"curies":[{"name":"wp","href":"https:\/\/api.w.org\/{rel}","templated":true}]}}