{"id":244186,"date":"2025-11-19T08:23:10","date_gmt":"2025-11-19T08:23:10","guid":{"rendered":"https:\/\/www.europesays.com\/es\/244186\/"},"modified":"2025-11-19T08:23:10","modified_gmt":"2025-11-19T08:23:10","slug":"al-menos-trece-muertos-en-un-ataque-israeli-contra-el-mayor-campamento-de-refugiados-palestinos-en-libano","status":"publish","type":"post","link":"https:\/\/www.europesays.com\/es\/244186\/","title":{"rendered":"Al menos trece muertos en un ataque israel\u00ed contra el mayor campamento de refugiados palestinos en L\u00edbano"},"content":{"rendered":"<p class=\"c-paragraph\">Al menos <b>trece personas han muerto<\/b> en un ataque del Ej\u00e9rcito de <a href=\"https:\/\/www.20minutos.es\/tags\/lugares\/israel.html\" title=\"Israel\" rel=\"nofollow noopener\" target=\"_blank\">Israel<\/a> contra Ain al Hilweh, el mayor campamento de refugiados palestinos en <a href=\"https:\/\/www.20minutos.es\/tags\/lugares\/libano.html\" title=\"L\u00edbano\" rel=\"nofollow noopener\" target=\"_blank\">L\u00edbano<\/a>, situado en las afueras de la ciudad de Sid\u00f3n. Este ataque se ha producido a pesar del alto el fuego pactado hace cerca de un a\u00f1o entre el Gobierno israel\u00ed y el partido-milicia chi\u00ed Hezbol\u00e1.\u00a0<\/p>\n<p class=\"c-paragraph\">El Ministerio de Sanidad liban\u00e9s ha anunciado que \u00abun ataque del enemigo israel\u00ed en el campamento Ain al Hilweh ha provocado el martirio de trece personas\u00bb, mientras que <b>varias m\u00e1s han resultado heridas<\/b>. \u00abLas ambulancias siguen transportando a heridos a los hospitales de los alrededores\u00bb, ha indicado la cartera ministerial, seg\u00fan recoge la agencia de noticias libanesa NNA.\u00a0<\/p>\n<p class=\"c-paragraph\">Por su parte, las Fuerzas de Defensa de Israel (FDI) <b>han confirmado el ataque<\/b>, sosteniendo que los atacados eran \u00abterroristas que operaban en un campo de entrenamiento\u00bb del Movimiento de Resistencia Isl\u00e1mica (<a href=\"https:\/\/www.20minutos.es\/tags\/instituciones-empresas\/hamas.html\" title=\"Ham\u00e1s\" rel=\"nofollow noopener\" target=\"_blank\">Ham\u00e1s<\/a>) en el pa\u00eds. \u00abEl complejo militar atacado era utilizado por terroristas de Ham\u00e1s para entrenamiento e instrucci\u00f3n con el fin de planificar y ejecutar atentados terroristas contra las tropas israel\u00edes y el Estado de Israel\u00bb, reza un comunicado publicado en su perfil de la red social X.\u00a0<\/p>\n<p class=\"c-paragraph\">Seg\u00fan el Ej\u00e9rcito israel\u00ed, antes del ataque <b>\u00abtomaron medidas para reducir el riesgo de da\u00f1ar a civiles<\/b>, incluyendo el uso de armamento de precisi\u00f3n, vigilancia a\u00e9rea y informaci\u00f3n de Inteligencia adicional\u00bb. Por \u00faltimo, ha a\u00f1adido que trabaja \u00abpara impedir el establecimiento de la organizaci\u00f3n terrorista Ham\u00e1s en L\u00edbano y continuar\u00e1n actuando con contundencia contra los terroristas de Ham\u00e1s dondequiera que operen\u00bb.\u00a0<\/p>\n<p>Ham\u00e1s rechaza las acusaciones<\/p>\n<p class=\"c-paragraph\">Ham\u00e1s ha \u00abcondenado y rechazado la agresi\u00f3n sionista que ha tenido como objetivo una zona densamente poblada cerca de una mezquita\u00bb y ha afirmado que la considera \u00abun ataque brutal\u00bb contra el \u00abindefenso pueblo palestino y contra la soberan\u00eda libanesa\u00bb. As\u00ed, ha sostenido que las acusaciones de que era un complejo de entrenamiento de la milicia son \u00abpura invenci\u00f3n y mentiras\u00bb que tienen el objetivo de<b> \u00abjustificar su agresi\u00f3n criminal<\/b> e incitar a la violencia contra los campamentos\u00bb y la poblaci\u00f3n palestina.\u00a0<\/p>\n<p class=\"c-paragraph\">\u00abNo existen instalaciones militares en los campamentos palestinos en L\u00edbano.\u00a0 El ataque se produjo en un campo deportivo abierto\u00a0<b><b>frecuentado por j\u00f3venes<\/b><\/b>\u00a0conocidos por todos los residentes. Las v\u00edctimas fueron un grupo de j\u00f3venes que estaban en el campo en el momento de ataque\u00bb, ha aseverado. Por \u00faltimo, Ham\u00e1s ha subrayado que este bombardeo \u00abes una continuaci\u00f3n de los ataques terroristas sionistas contra\u00bb el pueblo palestino en Gaza y Cisjordania, \u00aby de los continuos ataques contra L\u00edbano\u00bb, seg\u00fan reza un comunicado recogido por el diario\u00a0Filast\u00edn, af\u00edn al grupo.\u00a0<\/p>\n<p class=\"c-paragraph\">Israel ha lanzado <b>decenas de bombardeos contra L\u00edbano<\/b> a pesar del alto el fuego de noviembre de 2024 argumentando que act\u00faa contra actividades de Hezbol\u00e1 y asegura que, por ello, no viola el pacto, si bien tanto Beirut como el grupo se han mostrado cr\u00edticos con estas acciones, igualmente condenadas por Naciones Unidas. El alto el fuego, alcanzado tras meses de combates al hilo de los ataques del 7 de octubre de 2023, contemplaba que tanto Israel como Hezbol\u00e1 deb\u00edan retirar sus efectivos del sur de L\u00edbano. Sin embargo, el Ej\u00e9rcito israel\u00ed ha mantenido cinco puestos en el territorio de su pa\u00eds vecino, algo tambi\u00e9n criticado por las autoridades libaneses y el grupo chi\u00ed, que exigen el fin de este despliegue.<\/p>\n","protected":false},"excerpt":{"rendered":"Al menos trece personas han muerto en un ataque del Ej\u00e9rcito de Israel contra Ain al Hilweh, el&hellip;\n","protected":false},"author":2,"featured_media":244187,"comment_status":"","ping_status":"","sticky":false,"template":"","format":"standard","meta":{"footnotes":""},"categories":[42],"tags":[1422,17,18,13,14,11,61,62,63,64,19,20,7773,5161,9,10,15,16,12,13144,21,22,16743,65,66,67],"class_list":{"0":"post-244186","1":"post","2":"type-post","3":"status-publish","4":"format-standard","5":"has-post-thumbnail","7":"category-internacional","8":"tag-ataque","9":"tag-breaking-news","10":"tag-breakingnews","11":"tag-featured-news","12":"tag-featurednews","13":"tag-headlines","14":"tag-internacional","15":"tag-international","16":"tag-international-news","17":"tag-internationalnews","18":"tag-latest-news","19":"tag-latestnews","20":"tag-menos","21":"tag-muertos","22":"tag-news","23":"tag-noticias","24":"tag-noticias-destacadas","25":"tag-noticiasdestacadas","26":"tag-titulares","27":"tag-trece","28":"tag-ultimas-noticias","29":"tag-ultimasnoticias","30":"tag-un","31":"tag-world","32":"tag-world-news","33":"tag-worldnews"},"share_on_mastodon":{"url":"https:\/\/pubeurope.com\/@es\/115575403634826935","error":""},"_links":{"self":[{"href":"https:\/\/www.europesays.com\/es\/wp-json\/wp\/v2\/posts\/244186","targetHints":{"allow":["GET"]}}],"collection":[{"href":"https:\/\/www.europesays.com\/es\/wp-json\/wp\/v2\/posts"}],"about":[{"href":"https:\/\/www.europesays.com\/es\/wp-json\/wp\/v2\/types\/post"}],"author":[{"embeddable":true,"href":"https:\/\/www.europesays.com\/es\/wp-json\/wp\/v2\/users\/2"}],"replies":[{"embeddable":true,"href":"https:\/\/www.europesays.com\/es\/wp-json\/wp\/v2\/comments?post=244186"}],"version-history":[{"count":0,"href":"https:\/\/www.europesays.com\/es\/wp-json\/wp\/v2\/posts\/244186\/revisions"}],"wp:featuredmedia":[{"embeddable":true,"href":"https:\/\/www.europesays.com\/es\/wp-json\/wp\/v2\/media\/244187"}],"wp:attachment":[{"href":"https:\/\/www.europesays.com\/es\/wp-json\/wp\/v2\/media?parent=244186"}],"wp:term":[{"taxonomy":"category","embeddable":true,"href":"https:\/\/www.europesays.com\/es\/wp-json\/wp\/v2\/categories?post=244186"},{"taxonomy":"post_tag","embeddable":true,"href":"https:\/\/www.europesays.com\/es\/wp-json\/wp\/v2\/tags?post=244186"}],"curies":[{"name":"wp","href":"https:\/\/api.w.org\/{rel}","templated":true}]}}