{"id":244190,"date":"2025-11-19T08:25:11","date_gmt":"2025-11-19T08:25:11","guid":{"rendered":"https:\/\/www.europesays.com\/es\/244190\/"},"modified":"2025-11-19T08:25:11","modified_gmt":"2025-11-19T08:25:11","slug":"el-alcalde-asiste-en-malaga-al-iii-encuentro-de-alto-nivel-de-la-red-de-ciudades-industriales-de-andalucia","status":"publish","type":"post","link":"https:\/\/www.europesays.com\/es\/244190\/","title":{"rendered":"El alcalde asiste en M\u00e1laga al III Encuentro de alto nivel de la Red de Ciudades Industriales de Andaluc\u00eda"},"content":{"rendered":"<p>El alcalde de Mairena del Alcor, Juanma L\u00f3pez, acompa\u00f1ado por el concejal de Desarrollo Local, Pablo S\u00e1nchez, han asistido hoy al tercer encuentro de la Red de Ciudades Industriales celebrado en M\u00e1laga.<\/p>\n<p>En esta jornada han conocido de primera mano el anuncio de la Consejer\u00eda de Industria, Energ\u00eda y Minas en colaboraci\u00f3n con la Federaci\u00f3n Andaluza de Municipios y Provincias (FAMP) sobre los nuevos incentivos y l\u00edneas de ayuda destinados a impulsar el tejido industrial y la reindustrializaci\u00f3n en Andaluc\u00eda.<\/p>\n<p>Asimismo, se han dado a conocer algunos de los avances de la Red desde su puesta en marcha con la presentaci\u00f3n del cuaderno de ventas conjunto para facilitar a potenciales inversores el conocimiento de las fortalezas y ventajas competitivas que presentan los municipios andaluces adheridos a la Red.<\/p>\n<p>\t<a class=\"modal-detail-img\" data-rel=\"imgdtlnew\" href=\"https:\/\/www.mairenadelalcor.org\/export\/sites\/mairenadelalcor\/.galleries\/imagenes-noticias\/583993743_1152078367043362_2653384503250138352_n.jpg\" title=\"583993743_1152078367043362_2653384503250138352_n\" rel=\"nofollow noopener\" target=\"_blank\"><img loading=\"lazy\" decoding=\"async\" src=\"https:\/\/www.europesays.com\/es\/wp-content\/uploads\/2025\/11\/583993743_1152078367043362_2653384503250138352_n.jpg_84346604.jpg\" width=\"1600\" height=\"1200\" alt=\"583993743_1152078367043362_2653384503250138352_n\" class=\"thumbnail  img-responsive\"\/><\/a><\/p>\n","protected":false},"excerpt":{"rendered":"El alcalde de Mairena del Alcor, Juanma L\u00f3pez, acompa\u00f1ado por el concejal de Desarrollo Local, Pablo S\u00e1nchez, han&hellip;\n","protected":false},"author":2,"featured_media":244191,"comment_status":"","ping_status":"","sticky":false,"template":"","format":"standard","meta":{"footnotes":""},"categories":[5],"tags":[17,18,25,24,13,14,11,19,20,9,10,15,16,23,12,21,22],"class_list":{"0":"post-244190","1":"post","2":"type-post","3":"status-publish","4":"format-standard","5":"has-post-thumbnail","7":"category-titulares","8":"tag-breaking-news","9":"tag-breakingnews","10":"tag-es","11":"tag-espana","12":"tag-featured-news","13":"tag-featurednews","14":"tag-headlines","15":"tag-latest-news","16":"tag-latestnews","17":"tag-news","18":"tag-noticias","19":"tag-noticias-destacadas","20":"tag-noticiasdestacadas","21":"tag-spain","22":"tag-titulares","23":"tag-ultimas-noticias","24":"tag-ultimasnoticias"},"share_on_mastodon":{"url":"https:\/\/pubeurope.com\/@es\/115575411686937026","error":""},"_links":{"self":[{"href":"https:\/\/www.europesays.com\/es\/wp-json\/wp\/v2\/posts\/244190","targetHints":{"allow":["GET"]}}],"collection":[{"href":"https:\/\/www.europesays.com\/es\/wp-json\/wp\/v2\/posts"}],"about":[{"href":"https:\/\/www.europesays.com\/es\/wp-json\/wp\/v2\/types\/post"}],"author":[{"embeddable":true,"href":"https:\/\/www.europesays.com\/es\/wp-json\/wp\/v2\/users\/2"}],"replies":[{"embeddable":true,"href":"https:\/\/www.europesays.com\/es\/wp-json\/wp\/v2\/comments?post=244190"}],"version-history":[{"count":0,"href":"https:\/\/www.europesays.com\/es\/wp-json\/wp\/v2\/posts\/244190\/revisions"}],"wp:featuredmedia":[{"embeddable":true,"href":"https:\/\/www.europesays.com\/es\/wp-json\/wp\/v2\/media\/244191"}],"wp:attachment":[{"href":"https:\/\/www.europesays.com\/es\/wp-json\/wp\/v2\/media?parent=244190"}],"wp:term":[{"taxonomy":"category","embeddable":true,"href":"https:\/\/www.europesays.com\/es\/wp-json\/wp\/v2\/categories?post=244190"},{"taxonomy":"post_tag","embeddable":true,"href":"https:\/\/www.europesays.com\/es\/wp-json\/wp\/v2\/tags?post=244190"}],"curies":[{"name":"wp","href":"https:\/\/api.w.org\/{rel}","templated":true}]}}