{"id":244198,"date":"2025-11-19T08:35:09","date_gmt":"2025-11-19T08:35:09","guid":{"rendered":"https:\/\/www.europesays.com\/es\/244198\/"},"modified":"2025-11-19T08:35:09","modified_gmt":"2025-11-19T08:35:09","slug":"todo-lo-que-puedes-encontrar-esta-semana-en-hola","status":"publish","type":"post","link":"https:\/\/www.europesays.com\/es\/244198\/","title":{"rendered":"todo lo que puedes encontrar esta semana en \u00a1HOLA!"},"content":{"rendered":"<p id=\"e5dN0h-IBuD\" data-wc=\"54\">No todo el mundo puede celebrar cuatro d\u00e9cadas como artista. <strong>Marta S\u00e1nchez<\/strong>, s\u00ed. Despu\u00e9s de cuarenta a\u00f1os, contin\u00faa su \u2018reinado\u2019 en la m\u00fasica, <a class=\"hm-link ho-link\" href=\"https:\/\/www.hola.com\/actualidad\/20250725846483\/asi-describe-paula-cabanas-hija-marta-sanchez-cantante-para-mi-es-simplemente-mama\/\" data-mrf-recirculation=\"article-body-link\" rel=\"nofollow noopener\" target=\"_blank\">y protagoniza un posado excepcional junto a su hija, Paula Cabanas<\/a>, en nuestro nuevo n\u00famero de \u00a1HOLA!, que ya est\u00e1 a la venta en los quioscos y disponible en nuestra web.<\/p>\n<p id=\"e02BbFiV5d\" data-wc=\"71\">La cantante nos recibe con Paula (de la que est\u00e1 muy \u201corgullosa), <strong>en su para\u00edso de Canarias<\/strong>, desde donde nos descubre <strong>los secretos de su nuevo disco<\/strong> (que recoge 40 canciones de tu repertorio y otras 40 in\u00e9ditas) y repasa los momentos m\u00e1s importantes de su extensa carrera. Tambi\u00e9n nos habla como nunca de <strong>su pareja, Federico Le\u00f3n<\/strong>, y nos descubre una de sus grandes pasiones que nadie conoc\u00eda hasta ahora.\u00a0<\/p>\n<p id=\"e4EOS-zAIL\" data-wc=\"43\">La otra gran noticia de la semana es la boda de Luis Medina. <a class=\"hm-link ho-link\" href=\"https:\/\/www.hola.com\/actualidad\/20251119868080\/luis-medina-clara-caruana-se-han-casado-detalles-sorprendente-boda\/\" data-mrf-recirculation=\"article-body-link\" rel=\"nofollow noopener\" target=\"_blank\">El hijo de Naty Abascal y hermano de Rafael Medina se ha casado, por sorpresa, con su pareja, Clara Caruana<\/a>. Un enlace del que desvelamos, en exclusiva, todos los detalles.<\/p>\n<p> <img src=\"https:\/\/www.europesays.com\/es\/wp-content\/uploads\/2025\/11\/4a01608607c6-portadahola4243.jpg\"   width=\"753\" height=\"1024\" loading=\"lazy\" decoding=\"async\" alt=\"Marta S\u00e1nchez con su hija Paula en la portada de \u00a1HOLA!\" fetchpriority=\"auto\" class=\"image ho-image\"\/>\u00a9 \u00a1HOLA!<\/p>\n<p id=\"e-YgX9Z3eY\" data-wc=\"64\">En nuestras p\u00e1ginas podr\u00e1s encontrar otro reportaje excepcional, el de <strong>Rosario Flores y Mariola Orellana<\/strong>, dos amigas inseparables que nos lo cuentan todo sobre su \u00faltima aventura juntas. \u201cSomos pasionales, temperamentales, activas y muy divertidas\u201d, nos asegura la cantante, que comparte con \u00a1HOLA! sus recuerdos y nos habla de sus hijos, Lola Orellana y Pedro Antonio Lazaga, que llevan el arte en sus venas.<\/p>\n<p id=\"e4y0UESJ9I\" data-wc=\"86\">Adem\u00e1s, <a class=\"hm-link ho-link\" href=\"https:\/\/www.hola.com\/actualidad\/20251111866967\/elsa-pataky-formula-magica-fabulosa-50-anyons-inspiracion-mujeres\/\" data-mrf-recirculation=\"article-body-link\" rel=\"nofollow noopener\" target=\"_blank\">entrevistamos a Elsa Pataky en su \u00faltima visita a la capital<\/a>; hablamos con el jinete <strong>Luis Astolfi<\/strong> tras el emotivo homenaje que recibi\u00f3 en Sevilla; analizamos las claves del \u00e9xito de <strong>Rosal\u00eda<\/strong>, otra de nuestras artistas que triunfa -y arrasa- al otro lado del Atl\u00e1ntico; recopilamos los misterios que rodean la muerte de <strong>Encarnita Polo<\/strong>, que ha conmocionado a Espa\u00f1a\u2026 Sin olvidarnos, tampoco, de uno de nuestros imprescindibles: <strong>la casa \u00a1HOLA! de la semana<\/strong>, que, en esta ocasi\u00f3n, es un monasterio con siglos de historia.<\/p>\n<p id=\"eaHiZ21GW8\" data-wc=\"19\">Las mejores noticias y exclusivas, con el rigor y la calidad que siempre han caracterizado a nuestra revista. \u00a1Desc\u00fabrelo!<\/p>\n","protected":false},"excerpt":{"rendered":"No todo el mundo puede celebrar cuatro d\u00e9cadas como artista. Marta S\u00e1nchez, s\u00ed. Despu\u00e9s de cuarenta a\u00f1os, contin\u00faa&hellip;\n","protected":false},"author":2,"featured_media":244199,"comment_status":"","ping_status":"","sticky":false,"template":"","format":"standard","meta":{"footnotes":""},"categories":[174],"tags":[517,255,146,147,25,24,256,23],"class_list":{"0":"post-244198","1":"post","2":"type-post","3":"status-publish","4":"format-standard","5":"has-post-thumbnail","7":"category-famosos","8":"tag-actualidad","9":"tag-celebrities","10":"tag-entertainment","11":"tag-entretenimiento","12":"tag-es","13":"tag-espana","14":"tag-famosos","15":"tag-spain"},"share_on_mastodon":{"url":"https:\/\/pubeurope.com\/@es\/115575451136454874","error":""},"_links":{"self":[{"href":"https:\/\/www.europesays.com\/es\/wp-json\/wp\/v2\/posts\/244198","targetHints":{"allow":["GET"]}}],"collection":[{"href":"https:\/\/www.europesays.com\/es\/wp-json\/wp\/v2\/posts"}],"about":[{"href":"https:\/\/www.europesays.com\/es\/wp-json\/wp\/v2\/types\/post"}],"author":[{"embeddable":true,"href":"https:\/\/www.europesays.com\/es\/wp-json\/wp\/v2\/users\/2"}],"replies":[{"embeddable":true,"href":"https:\/\/www.europesays.com\/es\/wp-json\/wp\/v2\/comments?post=244198"}],"version-history":[{"count":0,"href":"https:\/\/www.europesays.com\/es\/wp-json\/wp\/v2\/posts\/244198\/revisions"}],"wp:featuredmedia":[{"embeddable":true,"href":"https:\/\/www.europesays.com\/es\/wp-json\/wp\/v2\/media\/244199"}],"wp:attachment":[{"href":"https:\/\/www.europesays.com\/es\/wp-json\/wp\/v2\/media?parent=244198"}],"wp:term":[{"taxonomy":"category","embeddable":true,"href":"https:\/\/www.europesays.com\/es\/wp-json\/wp\/v2\/categories?post=244198"},{"taxonomy":"post_tag","embeddable":true,"href":"https:\/\/www.europesays.com\/es\/wp-json\/wp\/v2\/tags?post=244198"}],"curies":[{"name":"wp","href":"https:\/\/api.w.org\/{rel}","templated":true}]}}