{"id":24421,"date":"2025-08-04T06:32:07","date_gmt":"2025-08-04T06:32:07","guid":{"rendered":"https:\/\/www.europesays.com\/es\/24421\/"},"modified":"2025-08-04T06:32:07","modified_gmt":"2025-08-04T06:32:07","slug":"la-presbicia-ese-pequeno-gran-detalle-que-revela-que-tienes-mas-de-40-anos","status":"publish","type":"post","link":"https:\/\/www.europesays.com\/es\/24421\/","title":{"rendered":"La presbicia, ese peque\u00f1o gran detalle que revela que tienes m\u00e1s de 40 a\u00f1os"},"content":{"rendered":"<p>A los 40, algo tan cotidiano como leer una etiqueta o un mensaje de WhatsApp puede volverse un peque\u00f1o desaf\u00edo. No es que est\u00e9s perdiendo la vista: es que tu mirada est\u00e1 envejeciendo contigo. <strong>La presbicia<\/strong> \u2014ese molesto, pero inevitable \u00abproblema para ver de cerca\u00bb\u2014 no aparece de golpe, pero s\u00ed comienza a hacerse evidente justo cuando muchos creen estar en su mejor momento. \u00bfPor qu\u00e9?<\/p>\n<p>La respuesta est\u00e1 en un cambio silencioso que ocurre dentro de tus ojos, m\u00e1s precisamente en el cristalino, esa lente natural que enfoca lo que ves. A medida que pasan los a\u00f1os, esta estructura se vuelve menos flexible, pierde capacidad de enfoque y te obliga a alejar el libro, la revista o el m\u00f3vil para ver con claridad. Esto no tiene que ver con cu\u00e1ntas pantallas usas al d\u00eda ni con si tienes buena salud visual; es simplemente parte de estar vivo y cumplir a\u00f1os.<\/p>\n<p>Pero m\u00e1s all\u00e1 de la explicaci\u00f3n m\u00e9dica, hay algo profundamente simb\u00f3lico en el hecho de que la presbicia se manifieste justo en esta d\u00e9cada de la vida. Los 40 suelen marcar un momento de introspecci\u00f3n, de replanteos vitales, de mirar atr\u00e1s\u2026 y tambi\u00e9n de empezar a notar que el cuerpo, silenciosamente, ya no es el mismo. En este sentido, la presbicia no solo es un signo fisiol\u00f3gico: es tambi\u00e9n un espejo del tiempo.<\/p>\n<p>\u00bfPor qu\u00e9 justo a los 40?<\/p>\n<p>A diferencia de la miop\u00eda o el astigmatismo, que pueden desarrollarse a cualquier edad, la presbicia sigue un patr\u00f3n universal: aparece entre los 40 y los 45 a\u00f1os, sin excepciones. \u00bfLa causa? El envejecimiento natural del cristalino y del m\u00fasculo ciliar, que pierde capacidad para cambiar de forma y enfocar objetos cercanos. Es un proceso gradual, s\u00ed, pero que se acelera en esta etapa debido a la p\u00e9rdida de elasticidad de los tejidos.<\/p>\n<p>La presbicia no es una patolog\u00eda ni un defecto, aunque muchas personas la perciben como tal. Es m\u00e1s justo verla como una transici\u00f3n, una fase de adaptaci\u00f3n. No es una se\u00f1al de deterioro, sino una evoluci\u00f3n funcional del ojo. Y aunque pueda resultar inc\u00f3moda, tiene soluci\u00f3n: gafas de lectura, lentes progresivas o tratamientos correctivos que permiten recuperar nitidez sin renunciar al estilo de vida.<\/p>\n<p>Lo que tus ojos dicen de ti<\/p>\n<p>Aceptar la presbicia es tambi\u00e9n aceptar que el tiempo avanza. Que cuidar de uno mismo implica entender que los cambios f\u00edsicos no son enemigos, sino aliados para vivir con m\u00e1s conciencia. Usar gafas no te hace mayor, te hace m\u00e1s honesto contigo. Porque al final, ver bien no es solo un acto f\u00edsico, sino tambi\u00e9n una manera de mirar la vida con otra perspectiva.<\/p>\n<p>Aceptar la presbicia no es resignarse: es evolucionar con elegancia. @mundiario<\/p>\n","protected":false},"excerpt":{"rendered":"A los 40, algo tan cotidiano como leer una etiqueta o un mensaje de WhatsApp puede volverse un&hellip;\n","protected":false},"author":2,"featured_media":24422,"comment_status":"","ping_status":"","sticky":false,"template":"","format":"standard","meta":{"footnotes":""},"categories":[92],"tags":[873,25,24,165,10540,2634,13866,166,23,159,6989],"class_list":{"0":"post-24421","1":"post","2":"type-post","3":"status-publish","4":"format-standard","5":"has-post-thumbnail","7":"category-salud","8":"tag-cuerpo","9":"tag-es","10":"tag-espana","11":"tag-health","12":"tag-movil","13":"tag-ojos","14":"tag-presbicia","15":"tag-salud","16":"tag-spain","17":"tag-tiempo","18":"tag-vista"},"share_on_mastodon":{"url":"","error":""},"_links":{"self":[{"href":"https:\/\/www.europesays.com\/es\/wp-json\/wp\/v2\/posts\/24421","targetHints":{"allow":["GET"]}}],"collection":[{"href":"https:\/\/www.europesays.com\/es\/wp-json\/wp\/v2\/posts"}],"about":[{"href":"https:\/\/www.europesays.com\/es\/wp-json\/wp\/v2\/types\/post"}],"author":[{"embeddable":true,"href":"https:\/\/www.europesays.com\/es\/wp-json\/wp\/v2\/users\/2"}],"replies":[{"embeddable":true,"href":"https:\/\/www.europesays.com\/es\/wp-json\/wp\/v2\/comments?post=24421"}],"version-history":[{"count":0,"href":"https:\/\/www.europesays.com\/es\/wp-json\/wp\/v2\/posts\/24421\/revisions"}],"wp:featuredmedia":[{"embeddable":true,"href":"https:\/\/www.europesays.com\/es\/wp-json\/wp\/v2\/media\/24422"}],"wp:attachment":[{"href":"https:\/\/www.europesays.com\/es\/wp-json\/wp\/v2\/media?parent=24421"}],"wp:term":[{"taxonomy":"category","embeddable":true,"href":"https:\/\/www.europesays.com\/es\/wp-json\/wp\/v2\/categories?post=24421"},{"taxonomy":"post_tag","embeddable":true,"href":"https:\/\/www.europesays.com\/es\/wp-json\/wp\/v2\/tags?post=24421"}],"curies":[{"name":"wp","href":"https:\/\/api.w.org\/{rel}","templated":true}]}}