{"id":244210,"date":"2025-11-19T08:42:08","date_gmt":"2025-11-19T08:42:08","guid":{"rendered":"https:\/\/www.europesays.com\/es\/244210\/"},"modified":"2025-11-19T08:42:08","modified_gmt":"2025-11-19T08:42:08","slug":"deteccion-precoz-para-la-epoc","status":"publish","type":"post","link":"https:\/\/www.europesays.com\/es\/244210\/","title":{"rendered":"Detecci\u00f3n precoz para la EPOC"},"content":{"rendered":"<p>En Espa\u00f1a, la EPOC afecta a m\u00e1s de tres millones de personas, aunque m\u00e1s del 70% a\u00fan no han sido diagnosticadas. Esta falta de detecci\u00f3n impide iniciar tratamientos que podr\u00edan mejorar significativamente la calidad de vida de quienes la padecen y frenar el avance de una enfermedad que, si bien no tiene cura, s\u00ed es prevenible y tratable.<\/p>\n<p>Fenaer centra este a\u00f1o su campa\u00f1a en la implicaci\u00f3n activa de los pacientes y en el papel de la atenci\u00f3n primaria como puerta de entrada al diagn\u00f3stico. \u201c<strong>La EPOC sigue siendo una gran desconocida, incluso entre quienes la padecen<\/strong>. El retraso en el diagn\u00f3stico impide iniciar tratamientos que podr\u00edan frenar su evoluci\u00f3n\u201d, se\u00f1ala Mariano Pastor, presidente de Fenaer. Para lograrlo, la federaci\u00f3n ha distribuido materiales informativos en 200 centros de salud de todo el pa\u00eds, con el respaldo de sociedades cient\u00edficas como las sociedades de medicina y enfermer\u00eda de atenci\u00f3n primaria Semergen, SEMG, y FAECAP, as\u00ed como el Grupo de Respiratorio de Atenci\u00f3n Primaria (GRAP).<\/p>\n<p>La principal herramienta para diagnosticar la enfermedad es<strong> la espirometr\u00eda, una prueba sencilla, r\u00e1pida y econ\u00f3mica<\/strong> que permite medir la capacidad pulmonar. Las asociaciones insisten en la necesidad de realizarla de forma sistem\u00e1tica a todas las personas con s\u00edntomas respiratorios persistentes, especialmente a fumadores y exfumadores mayores de 40 a\u00f1os. \u201cDotar a los centros de salud de los equipos y la formaci\u00f3n necesarios es una inversi\u00f3n rentable para el sistema sanitario\u201d, a\u00f1ade I\u00f1aki Mor\u00e1n, presidente de EPOC Espa\u00f1a.<\/p>\n<p>Rehabilitaci\u00f3n respiratoria y equidad territorial<\/p>\n<p>Ambas entidades coinciden tambi\u00e9n en la urgencia de garantizar el <strong>acceso universal a la rehabilitaci\u00f3n respiratoria<\/strong>, una herramienta clave para reducir la disnea, mejorar la autonom\u00eda y disminuir las hospitalizaciones en pacientes con EPOC. Sin embargo, advierten de que su disponibilidad es a\u00fan muy desigual entre comunidades aut\u00f3nomas. \u201cNo puede haber pacientes de primera y de segunda seg\u00fan el c\u00f3digo postal. La rehabilitaci\u00f3n respiratoria debe estar incluida en la cartera de servicios del Sistema Nacional de Salud y ofrecerse tambi\u00e9n en atenci\u00f3n primaria o en modalidades mixtas y domiciliarias\u201d, reclama Mor\u00e1n.<\/p>\n<p>Las desigualdades territoriales <strong>se extienden tambi\u00e9n al acceso al diagn\u00f3stico y al tratamiento farmacol\u00f3gico.<\/strong> Por ello, tanto Fenaer como EPOC Espa\u00f1a reclaman la actualizaci\u00f3n urgente de la Estrategia Nacional de EPOC, que no se revisa desde 2014, y que esta se integre en una futura <strong>Estrategia Nacional de Enfermedades Respiratorias<\/strong>. \u201cUn documento con m\u00e1s de diez a\u00f1os no refleja ni los avances terap\u00e9uticos ni los nuevos desaf\u00edos en el manejo de la enfermedad\u201d, afirma Pastor.<\/p>\n<p>Campa\u00f1as con voz de pacientes y profesionales<\/p>\n<p>EPOC Espa\u00f1a ha lanzado adem\u00e1s una campa\u00f1a de sensibilizaci\u00f3n en redes sociales y medios digitales protagonizada por una paciente y una neum\u00f3loga, quienes relatan c\u00f3mo el diagn\u00f3stico temprano puede cambiar el pron\u00f3stico de la enfermedad. La iniciativa busca<strong> romper con el desconocimiento social sobre la EPOC<\/strong> y animar a la ciudadan\u00eda a consultar ante los primeros s\u00edntomas: tos cr\u00f3nica, expectoraci\u00f3n habitual y sensaci\u00f3n de falta de aire.<\/p>\n<p>Por su parte, Fenaer promueve el conocimiento activo de la enfermedad entre las personas afectadas, subrayando que una mayor implicaci\u00f3n del paciente en el manejo diario de su salud es clave para mejorar los resultados. \u201cActuar r\u00e1pido es lo \u00fanico que puede garantizar un d\u00eda a d\u00eda mejor\u201d, recuerda Pastor.<\/p>\n<p>La EPOC es mucho m\u00e1s com\u00fan de lo que se piensa: se estima que afecta al 14% de las personas mayores de 40 a\u00f1os en Espa\u00f1a, y a m\u00e1s de 300 millones en todo el mundo. Estudios como <a href=\"https:\/\/archbronconeumol.org\/en-nuevo-estudio-sobre-prevalencia-epoc-articulo-S0300289618302011\" title=\"\" rel=\"nofollow noopener\" target=\"_blank\">Episcan II <\/a>muestran que su prevalencia ha aumentado en la \u00faltima d\u00e9cada, especialmente entre las mujeres. El impacto econ\u00f3mico tambi\u00e9n es notable: entre 750 y 1.000 millones de euros anuales se destinan al tratamiento de esta patolog\u00eda en nuestro pa\u00eds.<\/p>\n","protected":false},"excerpt":{"rendered":"En Espa\u00f1a, la EPOC afecta a m\u00e1s de tres millones de personas, aunque m\u00e1s del 70% a\u00fan no&hellip;\n","protected":false},"author":2,"featured_media":244211,"comment_status":"","ping_status":"","sticky":false,"template":"","format":"standard","meta":{"footnotes":""},"categories":[92],"tags":[5738,24078,25,24,165,166,23],"class_list":{"0":"post-244210","1":"post","2":"type-post","3":"status-publish","4":"format-standard","5":"has-post-thumbnail","7":"category-salud","8":"tag-al-dia","9":"tag-de-interes","10":"tag-es","11":"tag-espana","12":"tag-health","13":"tag-salud","14":"tag-spain"},"share_on_mastodon":{"url":"https:\/\/pubeurope.com\/@es\/115575478382267251","error":""},"_links":{"self":[{"href":"https:\/\/www.europesays.com\/es\/wp-json\/wp\/v2\/posts\/244210","targetHints":{"allow":["GET"]}}],"collection":[{"href":"https:\/\/www.europesays.com\/es\/wp-json\/wp\/v2\/posts"}],"about":[{"href":"https:\/\/www.europesays.com\/es\/wp-json\/wp\/v2\/types\/post"}],"author":[{"embeddable":true,"href":"https:\/\/www.europesays.com\/es\/wp-json\/wp\/v2\/users\/2"}],"replies":[{"embeddable":true,"href":"https:\/\/www.europesays.com\/es\/wp-json\/wp\/v2\/comments?post=244210"}],"version-history":[{"count":0,"href":"https:\/\/www.europesays.com\/es\/wp-json\/wp\/v2\/posts\/244210\/revisions"}],"wp:featuredmedia":[{"embeddable":true,"href":"https:\/\/www.europesays.com\/es\/wp-json\/wp\/v2\/media\/244211"}],"wp:attachment":[{"href":"https:\/\/www.europesays.com\/es\/wp-json\/wp\/v2\/media?parent=244210"}],"wp:term":[{"taxonomy":"category","embeddable":true,"href":"https:\/\/www.europesays.com\/es\/wp-json\/wp\/v2\/categories?post=244210"},{"taxonomy":"post_tag","embeddable":true,"href":"https:\/\/www.europesays.com\/es\/wp-json\/wp\/v2\/tags?post=244210"}],"curies":[{"name":"wp","href":"https:\/\/api.w.org\/{rel}","templated":true}]}}