{"id":244219,"date":"2025-11-19T08:47:08","date_gmt":"2025-11-19T08:47:08","guid":{"rendered":"https:\/\/www.europesays.com\/es\/244219\/"},"modified":"2025-11-19T08:47:08","modified_gmt":"2025-11-19T08:47:08","slug":"las-zonas-de-espana-afectadas","status":"publish","type":"post","link":"https:\/\/www.europesays.com\/es\/244219\/","title":{"rendered":"las zonas de Espa\u00f1a afectadas"},"content":{"rendered":"<p style=\"\">El <strong>invierno <\/strong>parece haberse adelantado en nuestro pa\u00eds. Tras unos d\u00edas en los que la lluvia ha ca\u00eddo en casi todo el territorio por el paso de la <a href=\"https:\/\/www.abc.es\/sociedad\/borrasca-claudia-aleja-llega-masa-aire-artico-20251116171829-vi_amp.html?next-page\" title=\"www.abc.es\" data-voc-vtm-id=\"in-text-traffic\" data-mrf-link=\"www.abc.es\" rel=\"nofollow noopener\" target=\"_blank\">borrasca Claudia<\/a>, la llegada de un una masa de aire de origen \u00e1rtico deja un escenario  &#8230; completamente invernal en Espa\u00f1a. <\/p>\n<p class=\"voc-p\" style=\"\">As\u00ed lo ha adelantado la Agencia Estatal de Meteorolog\u00eda (Aemet) en un <strong>\u00abaviso especial por nevadas en cotas bajas\u00bb,<\/strong> en el que indica que ese frente \u00abprovocar\u00e1 un acusado descenso t\u00e9rmico y nevadas en el tercio norte de la Pen\u00ednsula\u00bb. <\/p>\n<p class=\"voc-p\" style=\"\">Seg\u00fan esta advertencia, entre el jueves 20 y el viernes 21 de noviembre<strong> la cota de nieve va a bajar hasta unos \u00ab300 a 400 metros <\/strong>en zonas de la mitad norte: nevar\u00e1 no solo en las monta\u00f1as, sino tambi\u00e9n en zonas bajas a partir del jueves a mediod\u00eda\u00bb. <\/p>\n<blockquote class=\"twitter-tweet\">\n<p lang=\"es\" dir=\"ltr\">\u26a0\ufe0fAVISO ESPECIAL | Nevadas en cotas bajas.<\/p>\n<p>\u27a1\ufe0f Tiempo invernal, con heladas y nevadas a partir de 300 a 400 metros en el tercio norte.<\/p>\n<p>\u27a1\ufe0fLa nieve afectar\u00e1 a ciudades y v\u00edas de comunicaci\u00f3n importantes. Mantente informado de la situaci\u00f3n.<\/p>\n<p>+ info \ud83d\udc49<a href=\"https:\/\/t.co\/48Lsr8R9TN\" rel=\"nofollow\">https:\/\/t.co\/48Lsr8R9TN<\/a> <a href=\"https:\/\/t.co\/O3el2v8ZvG\" rel=\"nofollow\">pic.twitter.com\/O3el2v8ZvG<\/a><\/p>\n<p>\u2014 AEMET (@AEMET_Esp) <a href=\"https:\/\/twitter.com\/AEMET_Esp\/status\/1990791491510546551?ref_src=twsrc%5Etfw\" rel=\"nofollow noopener\" target=\"_blank\">November 18, 2025<\/a><\/p><\/blockquote>\n<p class=\"voc-p\" style=\"\">Esa masa de aire \u00e1rtico que entra en nuestro pa\u00eds a partir de hoy tambi\u00e9n hace que las temperaturas disminuyan y sean bajas para esta \u00e9poca del a\u00f1o, seg\u00fan la Aemet. A ello suma que veremos <strong>heladas y valores por debajo de los 10 grados <\/strong>durante el d\u00eda en muchas zonas de interior. <\/p>\n<p>\nNevadas y lluvias en estas zonas\n<\/p>\n<p class=\"voc-p\" style=\"\">Para este mi\u00e9rcoles, la Aemet indica que se \u00abestablecer\u00e1 en el Cant\u00e1brico un flujo h\u00famedo de componente norte con gran recorrido mar\u00edtimo, que dar\u00e1 lugar a<strong> precipitaciones moderadas y persistentes<\/strong>, especialmente durante la segunda mitad del d\u00eda. Ser\u00e1n en forma de nieve a partir de unos 900 y 1.200 metros, super\u00e1ndose espesores de cinco cent\u00edmetros <strong>en puntos de la cordillera Cant\u00e1brica y de la cara norte de Pirineos<\/strong>\u00bb. <\/p>\n<p class=\"voc-p\" style=\"\">As\u00ed, la cota de nieve seguir\u00e1 descendiendo para el jueves, quedando en los 600 metros de manera general en el tercio norte peninsular con <strong>nieve <\/strong>que no sola caer\u00e1 en \u00e1reas de monta\u00f1a, ya que tambi\u00e9n llegar\u00e1 a \u00abzonas bajas circundantes a partir de mediod\u00eda, como <strong>puntos de interior de Pa\u00eds Vasco, Navarra y el norte de la meseta Norte<\/strong>. Ser\u00e1n <strong>especialmente copiosas en la cordillera Cant\u00e1brica, donde se podr\u00e1n acumular localmente m\u00e1s de 20 cm en 24 horas<\/strong>\u00bb, apunta el organismo meteorol\u00f3gico. <\/p>\n<p class=\"voc-p\" style=\"\">De cara al viernes, las primeras horas del d\u00eda ser\u00e1n \u00abel momento \u00e1lgido\u00bb, registr\u00e1ndose una<strong> cota de nieve de entre 300 y 400 metros en el Cant\u00e1brico oriental y alto Ebro<\/strong>. La Aemet avisa de que \u00abel impacto podr\u00e1 ser significativo en esta zona, siendo probable que las <strong>acumulaciones superen los 3 o 5 cent\u00edmetros, afectando a v\u00edas de comunicaci\u00f3n importantes<\/strong>. Adem\u00e1s, durante el viernes se podr\u00edan acumular nuevamente m\u00e1s de 10-20 cent\u00edmetros en puntos de monta\u00f1a del tercio norte peninsular\u00bb.<\/p>\n<p class=\"voc-p\" style=\"\">En los sistemas Ib\u00e9rico y Central y el pirineo catal\u00e1n puede haber tambi\u00e9n <strong>precipitaciones en forma de nieve<\/strong>, pero de manera menos significativa que en los casos citados.<\/p>\n<p>\nBaj\u00f3n t\u00e9rmico propio del invierno\n<\/p>\n<p class=\"voc-p\" style=\"\">Como ya ven\u00eda adelantando la Aemet, la masa de aire \u00e1rtico conlleva un desplome de los term\u00f3metros casi a nivel general en nuestro pa\u00eds. <\/p>\n<p class=\"voc-p\" style=\"\">De esta forma, \u00abse espera que <strong>las m\u00e1ximas se sit\u00faen por debajo de los 10 grados<\/strong> en amplias zonas de la Pen\u00ednsula, a excepci\u00f3n del cuadrante suroeste y los litorales, donde ser\u00e1n ligeramente superiores\u00bb. Por otro lado, van a ganar protagonismo y cobertura<strong> las heladas <\/strong>\u00abpudiendo ser fuertes en Pirineos y moderadas en el resto de entornos monta\u00f1osos de la mitad norte y las B\u00e9ticas. Ser\u00e1n d\u00e9biles en otros puntos de interior, destacando la meseta Norte\u00bb. <\/p>\n<p class=\"voc-p\" style=\"\">Las m\u00e1ximas m\u00e1s bajas las encontraremos entre el jueves y el viernes, con <strong>entre -3 de m\u00ednima y 3 de m\u00e1xima en Burgos<\/strong>, -3 de m\u00ednima y 4 de m\u00e1xima en \u00c1vila o -2 de m\u00ednima y 4 de m\u00e1xima en Segovia o Vitoria, entre otras provincias con variaciones de term\u00f3metro similares. <\/p>\n<p><script async src=\"https:\/\/platform.twitter.com\/widgets.js\" charset=\"utf-8\"><\/script><\/p>\n","protected":false},"excerpt":{"rendered":"El invierno parece haberse adelantado en nuestro pa\u00eds. Tras unos d\u00edas en los que la lluvia ha ca\u00eddo&hellip;\n","protected":false},"author":2,"featured_media":244220,"comment_status":"","ping_status":"","sticky":false,"template":"","format":"standard","meta":{"footnotes":""},"categories":[8],"tags":[2980,7997,2977,8917,17,18,26513,25,24,12608,13,14,11,62572,2629,19,20,62571,9,10,15,16,23,6195,12,21,22,7996],"class_list":{"0":"post-244219","1":"post","2":"type-post","3":"status-publish","4":"format-standard","5":"has-post-thumbnail","7":"category-espana","8":"tag-aemet","9":"tag-afectadas","10":"tag-aviso","11":"tag-bajas","12":"tag-breaking-news","13":"tag-breakingnews","14":"tag-cotas","15":"tag-es","16":"tag-espana","17":"tag-especial","18":"tag-featured-news","19":"tag-featurednews","20":"tag-headlines","21":"tag-invernales","22":"tag-lanza","23":"tag-latest-news","24":"tag-latestnews","25":"tag-nevadas","26":"tag-news","27":"tag-noticias","28":"tag-noticias-destacadas","29":"tag-noticiasdestacadas","30":"tag-spain","31":"tag-temperaturas","32":"tag-titulares","33":"tag-ultimas-noticias","34":"tag-ultimasnoticias","35":"tag-zonas"},"share_on_mastodon":{"url":"https:\/\/pubeurope.com\/@es\/115575498015982467","error":""},"_links":{"self":[{"href":"https:\/\/www.europesays.com\/es\/wp-json\/wp\/v2\/posts\/244219","targetHints":{"allow":["GET"]}}],"collection":[{"href":"https:\/\/www.europesays.com\/es\/wp-json\/wp\/v2\/posts"}],"about":[{"href":"https:\/\/www.europesays.com\/es\/wp-json\/wp\/v2\/types\/post"}],"author":[{"embeddable":true,"href":"https:\/\/www.europesays.com\/es\/wp-json\/wp\/v2\/users\/2"}],"replies":[{"embeddable":true,"href":"https:\/\/www.europesays.com\/es\/wp-json\/wp\/v2\/comments?post=244219"}],"version-history":[{"count":0,"href":"https:\/\/www.europesays.com\/es\/wp-json\/wp\/v2\/posts\/244219\/revisions"}],"wp:featuredmedia":[{"embeddable":true,"href":"https:\/\/www.europesays.com\/es\/wp-json\/wp\/v2\/media\/244220"}],"wp:attachment":[{"href":"https:\/\/www.europesays.com\/es\/wp-json\/wp\/v2\/media?parent=244219"}],"wp:term":[{"taxonomy":"category","embeddable":true,"href":"https:\/\/www.europesays.com\/es\/wp-json\/wp\/v2\/categories?post=244219"},{"taxonomy":"post_tag","embeddable":true,"href":"https:\/\/www.europesays.com\/es\/wp-json\/wp\/v2\/tags?post=244219"}],"curies":[{"name":"wp","href":"https:\/\/api.w.org\/{rel}","templated":true}]}}