{"id":244221,"date":"2025-11-19T08:48:24","date_gmt":"2025-11-19T08:48:24","guid":{"rendered":"https:\/\/www.europesays.com\/es\/244221\/"},"modified":"2025-11-19T08:48:24","modified_gmt":"2025-11-19T08:48:24","slug":"maria-jesus-montero-se-reune-con-las-hermanas-de-manuel-jose-garcia-caparros-asesinado-el-4-de-diciembre-de-1977-en-malaga-en-la-manifestacion-por-la-autonomia-de-andalucia-ministerio-de-hacienda","status":"publish","type":"post","link":"https:\/\/www.europesays.com\/es\/244221\/","title":{"rendered":"Mar\u00eda Jes\u00fas Montero se re\u00fane con las hermanas de Manuel Jos\u00e9 Garc\u00eda Caparr\u00f3s, asesinado el 4 de diciembre de 1977 en M\u00e1laga en la manifestaci\u00f3n por la autonom\u00eda de Andaluc\u00eda: Ministerio de Hacienda"},"content":{"rendered":"<p>\u200bLa vicepresidenta primera del Gobierno con, de izquierda a derecha, Paqui, Purificaci\u00f3n y Dolores Garc\u00eda Caparr\u00f3s, hermanas de Manuel Jos\u00e9 Garc\u00eda Caparr\u00f3s\u00a0<\/p>\n<p>La vicepresidenta primera del Gobierno y ministra de Hacienda, Mar\u00eda Jes\u00fas Montero, ha mantenido un encuentro hoy con Purificaci\u00f3n, Dolores y Paqui Garc\u00eda Caparr\u00f3s, las hermanas de Manuel Jos\u00e9 Garc\u00eda Caparr\u00f3s, joven asesinado el 4 de diciembre de 1977 en M\u00e1laga, durante las manifestaciones donde se reclamaba un Estatuto de Autonom\u00eda para Andaluc\u00eda.<\/p>\n<p>Este encuentro se produce despu\u00e9s de que este martes la familia de Garc\u00eda Caparr\u00f3s haya visitado el Congreso de los Diputados y haya podido tener acceso por fin a toda la documentaci\u00f3n de la Comisi\u00f3n de Encuesta que se habilit\u00f3 a ra\u00edz de la muerte de su hermano tras recibir el disparo de un polic\u00eda durante las citadas movilizaciones.\u00a0<\/p>\n<p>Toda la documentaci\u00f3n en torno a este asesinato se encuentra clasificada en el Congreso, pero gracias a una nueva norma sobre el funcionamiento del archivo de la C\u00e1mara, aprobada por la Mesa del Congreso, podr\u00e1n consultar informaci\u00f3n clasificada de forma completa, sin anonimizar ni eliminar ning\u00fan nombre.\u00a0<\/p>\n<p>Esa iniciativa parlamentaria fue un compromiso expresado por la vicepresidenta primera del Gobierno el pasado mes de febrero durante el acto de entrega de la declaraci\u00f3n de reconocimiento y reparaci\u00f3n a Garc\u00eda Caparr\u00f3s, en cumplimiento de la Ley de Memoria Democr\u00e1tica aprobada por este Gobierno.<\/p>\n<p>En dicho acto, Mar\u00eda Jes\u00fas Montero destac\u00f3 la necesidad de situar la memoria de este joven en el lugar que le corresponde en la historia de Espa\u00f1a, como v\u00edctima de la represi\u00f3n por razones pol\u00edticas, y tambi\u00e9n resalt\u00f3 la lucha de la familia Garc\u00eda Caparr\u00f3s durante todos estos a\u00f1os por conocer la verdad de lo que ocurri\u00f3.<\/p>\n<p>M\u00e1s im\u00e1genes del encuentro <a href=\"https:\/\/we.tl\/t-XYw2toPZTw\" rel=\"nofollow noopener\" target=\"_blank\">aqu\u00ed<\/a>.\u200b<\/p>\n","protected":false},"excerpt":{"rendered":"\u200bLa vicepresidenta primera del Gobierno con, de izquierda a derecha, Paqui, Purificaci\u00f3n y Dolores Garc\u00eda Caparr\u00f3s, hermanas de&hellip;\n","protected":false},"author":2,"featured_media":244222,"comment_status":"","ping_status":"","sticky":false,"template":"","format":"standard","meta":{"footnotes":""},"categories":[5],"tags":[62573,2627,259,8025,38354,17,18,16658,10699,10702,35329,10697,25,24,13,14,2746,3142,10700,11,3553,5782,2467,19,20,3855,5087,841,1932,2466,9,10,15,16,10701,10698,4984,7745,23,10704,12,21,22,10703],"class_list":{"0":"post-244221","1":"post","2":"type-post","3":"status-publish","4":"format-standard","5":"has-post-thumbnail","7":"category-titulares","8":"tag-62573","9":"tag-2627","10":"tag-andalucia","11":"tag-asesinado","12":"tag-autonomia","13":"tag-breaking-news","14":"tag-breakingnews","15":"tag-caparros","16":"tag-companies","17":"tag-confidence","18":"tag-diciembre","19":"tag-employ","20":"tag-es","21":"tag-espana","22":"tag-featured-news","23":"tag-featurednews","24":"tag-finance","25":"tag-garcia","26":"tag-growth","27":"tag-headlines","28":"tag-hermanas","29":"tag-jesus","30":"tag-jose","31":"tag-latest-news","32":"tag-latestnews","33":"tag-malaga","34":"tag-manifestacion","35":"tag-manuel","36":"tag-maria","37":"tag-montero","38":"tag-news","39":"tag-noticias","40":"tag-noticias-destacadas","41":"tag-noticiasdestacadas","42":"tag-public-administration","43":"tag-reforms","44":"tag-reune","45":"tag-se","46":"tag-spain","47":"tag-stability","48":"tag-titulares","49":"tag-ultimas-noticias","50":"tag-ultimasnoticias","51":"tag-welfare"},"share_on_mastodon":{"url":"","error":"Validation failed: Text character limit of 500 exceeded"},"_links":{"self":[{"href":"https:\/\/www.europesays.com\/es\/wp-json\/wp\/v2\/posts\/244221","targetHints":{"allow":["GET"]}}],"collection":[{"href":"https:\/\/www.europesays.com\/es\/wp-json\/wp\/v2\/posts"}],"about":[{"href":"https:\/\/www.europesays.com\/es\/wp-json\/wp\/v2\/types\/post"}],"author":[{"embeddable":true,"href":"https:\/\/www.europesays.com\/es\/wp-json\/wp\/v2\/users\/2"}],"replies":[{"embeddable":true,"href":"https:\/\/www.europesays.com\/es\/wp-json\/wp\/v2\/comments?post=244221"}],"version-history":[{"count":0,"href":"https:\/\/www.europesays.com\/es\/wp-json\/wp\/v2\/posts\/244221\/revisions"}],"wp:featuredmedia":[{"embeddable":true,"href":"https:\/\/www.europesays.com\/es\/wp-json\/wp\/v2\/media\/244222"}],"wp:attachment":[{"href":"https:\/\/www.europesays.com\/es\/wp-json\/wp\/v2\/media?parent=244221"}],"wp:term":[{"taxonomy":"category","embeddable":true,"href":"https:\/\/www.europesays.com\/es\/wp-json\/wp\/v2\/categories?post=244221"},{"taxonomy":"post_tag","embeddable":true,"href":"https:\/\/www.europesays.com\/es\/wp-json\/wp\/v2\/tags?post=244221"}],"curies":[{"name":"wp","href":"https:\/\/api.w.org\/{rel}","templated":true}]}}