{"id":244225,"date":"2025-11-19T08:57:12","date_gmt":"2025-11-19T08:57:12","guid":{"rendered":"https:\/\/www.europesays.com\/es\/244225\/"},"modified":"2025-11-19T08:57:12","modified_gmt":"2025-11-19T08:57:12","slug":"el-ebro-no-pagara-50-000-euros-por-jugar-en-el-ibercaja-estadio-ante-osasuna","status":"publish","type":"post","link":"https:\/\/www.europesays.com\/es\/244225\/","title":{"rendered":"El Ebro no pagar\u00e1 50.000 euros por jugar en el Ibercaja Estadio ante Osasuna"},"content":{"rendered":"<p>            El Ebro no pagar\u00e1 50.000 euros por jugar en el Ibercaja Estadio ante Osasuna                <\/p>\n<p>El Ebro no pagar\u00e1 50.000 euros por jugar en el Ibercaja Estadio ante Osasuna<\/p>\n<p class=\"epigraph\">Esa es la cantidad aproximada que el Real Zaragoza solicitar\u00e1 por disputar el partido copero con los navarros, fijado para el d\u00eda 2 de diciembre<\/p>\n<p class=\"paragraph\"><b>El encuentro de la segunda eliminatoria de la Copa del Rey entre el Ebro y Osasuna, programado para el d\u00eda 2 de diciembre a las 19.00 horas, todav\u00eda no ha concretado su escenario<\/b>. En un principio, est\u00e1 se\u00f1alado el Ibercaja Estadio como terreno de juego, pero fuentes del  Ebro confirmaron ayer a HERALDO que<b> la entidad del barrio de La Almozara no puede pagar los aproximadamente 50.000 euros que el Real Zaragoza, arrendatario de la instalaci\u00f3n, va a solicitar en concepto de alquiler de la misma<\/b>. Tanto el d\u00eda como la hora y el escenario ya est\u00e1n confirmados en la programaci\u00f3n de la Real Federaci\u00f3n Espa\u00f1ola de F\u00fatbol (RFEF), entidad organizadora del Campeonato de Espa\u00f1a, nombre oficial de la Copa, la competici\u00f3n m\u00e1s antigua del f\u00fatbol espa\u00f1ol, apellidada por el nombre del Jefe del Estado correspondiente: Copa del Rey Alfonso XIII (1903- 32), Torneo Presidente de la Rep\u00fablica (1932-36), Trofeo del General\u00edsimo (1939), Copa del General\u00edsimo (1940-76) y Copa del Rey (desde 1977).<\/p>\n<p>            Conforme a los criterios de<br \/>\n            <a class=\"trustproject_img\" id=\"trustproject_img\" href=\"https:\/\/thetrustproject.org\/\" target=\"_blank\" rel=\"nofollow noopener\" aria-label=\"Trust Project\"><img decoding=\"async\" loading=\"lazy\" src=\"https:\/\/www.heraldo.es\/images\/Trust-Logo-Horizontal.svg\" alt=\"Logo Trust Project\" width=\"200\" height=\"34\"\/><\/a><\/p>\n<p>                <img decoding=\"async\" loading=\"lazy\" src=\"https:\/\/www.europesays.com\/es\/wp-content\/uploads\/2025\/11\/raul-lahoz.jpeg\" class=\"author-image\" width=\"120\" height=\"120\" alt=\"Ra\u00fal Lahoz\"\/><\/p>\n<p>        <a href=\"https:\/\/www.henneo.com\/\" title=\"Grupo Henneo\" class=\"logo\" rel=\"nofollow noopener\" target=\"_blank\"><br \/>\n            <img decoding=\"async\" src=\"https:\/\/www.heraldo.es\/images\/logo_henneo_gris.svg\" alt=\"Logo Henneo\" width=\"559\" height=\"389\" loading=\"lazy\"\/><br \/>\n        <\/a><\/p>\n<p>\u00a9 HERALDO DE ARAGON EDITORA, S.L.U.<br \/>Tel\u00e9fono 976 765 000 \/ &#8211; P\u00ba. Independencia, 29, 50001 Zaragoza &#8211; CIF: B99288763 &#8211; Inscrita en el Registro Mercantil de Zaragoza al Tomo 3796, Libro 0, Folio 177, Secci\u00f3n 8, Hoja Z-50564<br \/>Queda prohibida toda reproducci\u00f3n sin permiso escrito de la empresa a los efectos del art\u00edculo 32.1, p\u00e1rrafo segundo, de la Ley de Propiedad Intelectual<\/p>\n<p>\n                P\u00ba Independencia, 29, 50001 Zaragoza<br \/> Tel\u00e9fono 976 765 000\n            <\/p>\n<p>                    Actualmente tu navegador no permite ejecutar JavaScript. Para poder disfrutar de nuestro contenido es necesario que lo permita.<br \/>\n                                        <img decoding=\"async\" loading=\"lazy\" alt=\"Heraldo logo\" src=\"https:\/\/dkumiip2e9ary.cloudfront.net\/xalok\/heraldo\/especiales\/hola-de-nuevo\/logo-heraldo.svg\" width=\"215\" height=\"43\"\/><\/p>\n","protected":false},"excerpt":{"rendered":"El Ebro no pagar\u00e1 50.000 euros por jugar en el Ibercaja Estadio ante Osasuna El Ebro no pagar\u00e1&hellip;\n","protected":false},"author":2,"featured_media":244226,"comment_status":"","ping_status":"","sticky":false,"template":"","format":"standard","meta":{"footnotes":""},"categories":[268],"tags":[168,25,24,3129,280,282,3126,7532,621,2341,281,23,167],"class_list":{"0":"post-244225","1":"post","2":"type-post","3":"status-publish","4":"format-standard","5":"has-post-thumbnail","7":"category-futbol","8":"tag-deportes","9":"tag-es","10":"tag-espana","11":"tag-estadio","12":"tag-football","13":"tag-futbol","14":"tag-ibercaja","15":"tag-jugar","16":"tag-osasuna","17":"tag-pagara","18":"tag-soccer","19":"tag-spain","20":"tag-sports"},"share_on_mastodon":{"url":"https:\/\/pubeurope.com\/@es\/115575537678473839","error":""},"_links":{"self":[{"href":"https:\/\/www.europesays.com\/es\/wp-json\/wp\/v2\/posts\/244225","targetHints":{"allow":["GET"]}}],"collection":[{"href":"https:\/\/www.europesays.com\/es\/wp-json\/wp\/v2\/posts"}],"about":[{"href":"https:\/\/www.europesays.com\/es\/wp-json\/wp\/v2\/types\/post"}],"author":[{"embeddable":true,"href":"https:\/\/www.europesays.com\/es\/wp-json\/wp\/v2\/users\/2"}],"replies":[{"embeddable":true,"href":"https:\/\/www.europesays.com\/es\/wp-json\/wp\/v2\/comments?post=244225"}],"version-history":[{"count":0,"href":"https:\/\/www.europesays.com\/es\/wp-json\/wp\/v2\/posts\/244225\/revisions"}],"wp:featuredmedia":[{"embeddable":true,"href":"https:\/\/www.europesays.com\/es\/wp-json\/wp\/v2\/media\/244226"}],"wp:attachment":[{"href":"https:\/\/www.europesays.com\/es\/wp-json\/wp\/v2\/media?parent=244225"}],"wp:term":[{"taxonomy":"category","embeddable":true,"href":"https:\/\/www.europesays.com\/es\/wp-json\/wp\/v2\/categories?post=244225"},{"taxonomy":"post_tag","embeddable":true,"href":"https:\/\/www.europesays.com\/es\/wp-json\/wp\/v2\/tags?post=244225"}],"curies":[{"name":"wp","href":"https:\/\/api.w.org\/{rel}","templated":true}]}}