{"id":244260,"date":"2025-11-19T09:25:17","date_gmt":"2025-11-19T09:25:17","guid":{"rendered":"https:\/\/www.europesays.com\/es\/244260\/"},"modified":"2025-11-19T09:25:17","modified_gmt":"2025-11-19T09:25:17","slug":"todo-sobre-los-rumores-que-apuntan-a-una-gira-de-conciertos-de-miley-cyrus-para-celebrar-los-20-anos-de-hannah-montana","status":"publish","type":"post","link":"https:\/\/www.europesays.com\/es\/244260\/","title":{"rendered":"Todo sobre los rumores que apuntan a una gira de conciertos de Miley Cyrus para celebrar los 20 a\u00f1os de Hannah Montana"},"content":{"rendered":"<p>Hubo una serie que marc\u00f3 a una generaci\u00f3n: la protagonista era rubia, ten\u00eda una melena larga y lisa, era una superestrella del pop, pero tambi\u00e9n una estudiante de secundaria de Malib\u00fa. S\u00ed, hablamos de <a href=\"https:\/\/los40.com\/2024\/07\/08\/que-es-la-generacion-hannah-montana-asi-se-ve-la-nueva-revolucion-pop\/\" target=\"_blank\" rel=\"noreferrer nofollow noopener\" title=\"https:\/\/los40.com\/2024\/07\/08\/que-es-la-generacion-hannah-montana-asi-se-ve-la-nueva-revolucion-pop\/\"><b>Hannah Montana<\/b><\/a><b> y de su alter ego, Miley Stewart. <\/b>De eso han pasado ya 20 a\u00f1os, tiempo m\u00e1s que suficiente para que Disney plantee hacer algo para celebrarlo por todo lo alto. <\/p>\n<p>Unos rumores de aniversario que han hecho que los seguidores de la serie se revolucionen, a pesar de conocer los problemas de salud que padece la artista. No obstante, tras las declaraciones de <a href=\"https:\/\/los40.cl\/2025\/09\/25\/nueva-musica-de-miley-cyrus-en-camino-esto-es-lo-que-dijo-la-artista\/\" target=\"_blank\" rel=\"noreferrer nofollow noopener\" title=\"https:\/\/los40.cl\/2025\/09\/25\/nueva-musica-de-miley-cyrus-en-camino-esto-es-lo-que-dijo-la-artista\/\">Miley Cyrus<\/a>, las posibilidades de que la de Tenneessee pueda subirse a los escenarios, aunque sea de manera puntual, no han hecho m\u00e1s que crecer. <\/p>\n<p>Seg\u00fan las declaraciones compartidos por el medio Top Music Universe, \u00ab<b>Miley Cyrus realizar\u00e1 cinco conciertos en el Madison Square Garden en el mes de Marzo<\/b>, esto en celebraci\u00f3n de los 20 a\u00f1os de Hannah Montana\u00bb. As\u00ed pues, estos shows que tendr\u00edan lugar en Nueva York tendr\u00edan un doble objetivo, pues en la informaci\u00f3n compartida han asegurado que la artista cantar\u00e1 \u00ab\u00e9xitos propios y los \u00e9xitos que hicieron grande a Hannah Montana\u00bb.<\/p>\n<p><img decoding=\"async\" src=\"https:\/\/los40.com\/pf\/resources\/img\/logo-40-v-c.svg?d=913\" alt=\"LOS40\" class=\"i-pro\" width=\"68\" height=\"68\" loading=\"lazy\"\/>\u00bfUna informaci\u00f3n cre\u00edble?<\/p>\n<p>Aunque nadie descarta que estos conciertos puedan suceder, m\u00e1s a\u00fan sabiendo que Disney quiere hacer algo, lo cierto es que el medio estadounidense no ha confirmado la fuente oficial de la informaci\u00f3n, <b>ni siquiera Miley ni su equipo se han pronunciado al respecto. <\/b>As\u00ed pues, solo nos queda esperar y confiar en que esto suceda y que incluso de el salto y venga a Espa\u00f1a <\/p>\n","protected":false},"excerpt":{"rendered":"Hubo una serie que marc\u00f3 a una generaci\u00f3n: la protagonista era rubia, ten\u00eda una melena larga y lisa,&hellip;\n","protected":false},"author":2,"featured_media":244261,"comment_status":"","ping_status":"","sticky":false,"template":"","format":"standard","meta":{"footnotes":""},"categories":[170],"tags":[146,147,25,24,184,185,23],"class_list":{"0":"post-244260","1":"post","2":"type-post","3":"status-publish","4":"format-standard","5":"has-post-thumbnail","7":"category-musica","8":"tag-entertainment","9":"tag-entretenimiento","10":"tag-es","11":"tag-espana","12":"tag-music","13":"tag-musica","14":"tag-spain"},"share_on_mastodon":{"url":"https:\/\/pubeurope.com\/@es\/115575647764597104","error":""},"_links":{"self":[{"href":"https:\/\/www.europesays.com\/es\/wp-json\/wp\/v2\/posts\/244260","targetHints":{"allow":["GET"]}}],"collection":[{"href":"https:\/\/www.europesays.com\/es\/wp-json\/wp\/v2\/posts"}],"about":[{"href":"https:\/\/www.europesays.com\/es\/wp-json\/wp\/v2\/types\/post"}],"author":[{"embeddable":true,"href":"https:\/\/www.europesays.com\/es\/wp-json\/wp\/v2\/users\/2"}],"replies":[{"embeddable":true,"href":"https:\/\/www.europesays.com\/es\/wp-json\/wp\/v2\/comments?post=244260"}],"version-history":[{"count":0,"href":"https:\/\/www.europesays.com\/es\/wp-json\/wp\/v2\/posts\/244260\/revisions"}],"wp:featuredmedia":[{"embeddable":true,"href":"https:\/\/www.europesays.com\/es\/wp-json\/wp\/v2\/media\/244261"}],"wp:attachment":[{"href":"https:\/\/www.europesays.com\/es\/wp-json\/wp\/v2\/media?parent=244260"}],"wp:term":[{"taxonomy":"category","embeddable":true,"href":"https:\/\/www.europesays.com\/es\/wp-json\/wp\/v2\/categories?post=244260"},{"taxonomy":"post_tag","embeddable":true,"href":"https:\/\/www.europesays.com\/es\/wp-json\/wp\/v2\/tags?post=244260"}],"curies":[{"name":"wp","href":"https:\/\/api.w.org\/{rel}","templated":true}]}}