{"id":244272,"date":"2025-11-19T09:31:09","date_gmt":"2025-11-19T09:31:09","guid":{"rendered":"https:\/\/www.europesays.com\/es\/244272\/"},"modified":"2025-11-19T09:31:09","modified_gmt":"2025-11-19T09:31:09","slug":"la-valoracion-de-el-corte-ingles-alcanza-el-pico-en-una-decada-con-14-000-millones","status":"publish","type":"post","link":"https:\/\/www.europesays.com\/es\/244272\/","title":{"rendered":"La valoraci\u00f3n de El Corte Ingl\u00e9s alcanza el pico en una d\u00e9cada con 14.000 millones"},"content":{"rendered":"<p>El Corte Ingl\u00e9s, m\u00e1s valioso. El grupo espa\u00f1ol de grandes almacenes ha alcanzado su m\u00e1xima valoraci\u00f3n en, al menos, una d\u00e9cada, despu\u00e9s de la revisi\u00f3n al alza del valor de sus acciones que ha llevado a cabo el jeque Hamad bin Jassim bin Jaber Al Thani, que entr\u00f3 en el capital de la compa\u00f1\u00eda en 2015. El accionista catar\u00ed, que posee un 5,53% del capital de El Corte Ingl\u00e9s, ha tasado en 775 millones el valor de su participaci\u00f3n, elevando hasta 14.009 millones de euros el valor del conjunto del grupo, tal y como avanza\u00a0Cinco D\u00edas.<\/p>\n<p>\u00a0<\/p>\n<p><strong>Primefin, la sociedad luxemburguesa propiedad de Al Thani a trav\u00e9s de la cual gestiona su participaci\u00f3n en El Corte Ingl\u00e9s, ha aumentado un 8,5% interanual su valoraci\u00f3n del grupo<\/strong>\u00a0a cierre de 2024. El valor que la compa\u00f1\u00eda del jeque catar\u00ed da a su participaci\u00f3n en la empresa, adem\u00e1s, encadena su tercer a\u00f1o consecutivo al alza, aunque ha ralentizado respecto al a\u00f1o anterior: en 2023, Primefin aument\u00f3 un 12,9% el valor de sus acciones, que pas\u00f3 de 632 millones de euros a 714 millones.<\/p>\n<p>\u00a0<\/p>\n<p>Al Thani entr\u00f3 en el capital de El Corte Ingl\u00e9s en 2015 a trav\u00e9s de un cr\u00e9dito participativo de 1.000 millones de euros, que m\u00e1s tarde canje\u00f3 por el 10,33% de las acciones del grupo. En 2022, el empresario vendi\u00f3 por 500 millones de euros la mitad de su participaci\u00f3n, valorando a la compa\u00f1\u00eda en 9.000 millones de euros.<\/p>\n<p>\u00a0<\/p>\n<p>\u00a0<\/p>\n<p class=\"news_featured_text\">El Corte Ingl\u00e9s ha aumentado su valoraci\u00f3n un 60% desde 2021<\/p>\n<p>\u00a0<\/p>\n<p>\u00a0<\/p>\n<p>El alza que ha llevado a cabo la compa\u00f1\u00eda en estos tres \u00faltimos a\u00f1os sigue a la reducci\u00f3n que anot\u00f3 tras el estallido de la pandemia. En 2020, Primefin disminuy\u00f3 un 15,3% la valoraci\u00f3n de sus acciones en El Corte Ingl\u00e9s, hasta los 972 millones de euros, mientras que en 2021 lo hizo en otro 6,4%, hasta 909 millones. En ese momento, el jeque catar\u00ed a\u00fan pose\u00eda m\u00e1s del 10% de las acciones del grupo, por lo que la valoraci\u00f3n total de la compa\u00f1\u00eda se situ\u00f3 en 9.406 millones y 8.803 millones de euros, respectivamente.<\/p>\n<p>\u00a0<\/p>\n<p>Desde ese a\u00f1o, y hasta los 14.009 millones de euros en los que est\u00e1 valorado El Corte Ingl\u00e9s actualmente,\u00a0<strong>la cifra ha aumentado ya en un 60%.<\/strong>\u00a0El tope en la valoraci\u00f3n que hace Al Thani del grupo espa\u00f1ol de grandes almacenes llega en un momento clave para su permanencia. Hace diez a\u00f1os, con la entrada de Primefin en el capital de la empresa, la sociedad ten\u00eda la capacidad de vender unilateralmente sus t\u00edtulos en un plazo de diez a\u00f1os si El Corte Ingl\u00e9s no hab\u00eda ejecutado ninguna operaci\u00f3n que le permitiera liquidar su inversi\u00f3n en la empresa, como lo ser\u00eda una salida a Bolsa.<\/p>\n<p>\u00a0<\/p>\n<p>La fecha l\u00edmite lleg\u00f3 en julio de este a\u00f1o, y Al Thani opt\u00f3 por mantener su participaci\u00f3n, aunque volver\u00e1 a tener opciones de salir en tres ocasiones m\u00e1s: 2028, 2032 y 2034. Tal y como explica\u00a0Cinco D\u00edas, sin embargo, la situaci\u00f3n actual de El Corte Ingl\u00e9s beneficia al empresario, ya que el grupo espa\u00f1ol ostenta su menor deuda en los \u00faltimos 17 a\u00f1os, adem\u00e1s de haber intensificado su pol\u00edtica de dividendos.\u00a0<strong>La \u00faltima junta de El Corte Ingl\u00e9s aprob\u00f3 el reparto hist\u00f3rico de 225 millones de euros, de los cuales 12 millones corresponden a Al Thani.<\/strong><\/p>\n<p>\u00a0<\/p>\n<p>Internamente, sin embargo, el momento de la compa\u00f1\u00eda es algo m\u00e1s turbulento,\u00a0<strong><a href=\"https:\/\/www.modaes.com\/empresas\/seis-anos-y-seis-primeros-ejecutivos-en-el-corte-ingles-de-marta-alvarez\" data-saferedirecturl=\"https:\/\/www.google.com\/url?q=https:\/\/www.modaes.com\/empresas\/seis-anos-y-seis-primeros-ejecutivos-en-el-corte-ingles-de-marta-alvarez&amp;source=gmail&amp;ust=1763629878898000&amp;usg=AOvVaw0Co8yKEGzBLELiRiq4wNwO\" rel=\"nofollow noopener\" target=\"_blank\">habiendo tenido seis primeros directivos diferentes en los seis \u00faltimos a\u00f1os, periodo en el que Marta \u00c1lvarez asumi\u00f3 la presidencia del grupo.<\/a><\/strong>\u00a0El \u00faltimo cambio se dio hace apenas unas semanas, con la salida de Gast\u00f3n Bottazzini de su cargo como consejero delegado, al que sustituy\u00f3, en ese caso como director general, Santiago Bau.\u00a0<\/p>\n","protected":false},"excerpt":{"rendered":"El Corte Ingl\u00e9s, m\u00e1s valioso. El grupo espa\u00f1ol de grandes almacenes ha alcanzado su m\u00e1xima valoraci\u00f3n en, al&hellip;\n","protected":false},"author":2,"featured_media":244273,"comment_status":"","ping_status":"","sticky":false,"template":"","format":"standard","meta":{"footnotes":""},"categories":[80],"tags":[82,95,94,25,24,23],"class_list":{"0":"post-244272","1":"post","2":"type-post","3":"status-publish","4":"format-standard","5":"has-post-thumbnail","7":"category-economia","8":"tag-business","9":"tag-economia","10":"tag-economy","11":"tag-es","12":"tag-espana","13":"tag-spain"},"share_on_mastodon":{"url":"https:\/\/pubeurope.com\/@es\/115575671005747667","error":""},"_links":{"self":[{"href":"https:\/\/www.europesays.com\/es\/wp-json\/wp\/v2\/posts\/244272","targetHints":{"allow":["GET"]}}],"collection":[{"href":"https:\/\/www.europesays.com\/es\/wp-json\/wp\/v2\/posts"}],"about":[{"href":"https:\/\/www.europesays.com\/es\/wp-json\/wp\/v2\/types\/post"}],"author":[{"embeddable":true,"href":"https:\/\/www.europesays.com\/es\/wp-json\/wp\/v2\/users\/2"}],"replies":[{"embeddable":true,"href":"https:\/\/www.europesays.com\/es\/wp-json\/wp\/v2\/comments?post=244272"}],"version-history":[{"count":0,"href":"https:\/\/www.europesays.com\/es\/wp-json\/wp\/v2\/posts\/244272\/revisions"}],"wp:featuredmedia":[{"embeddable":true,"href":"https:\/\/www.europesays.com\/es\/wp-json\/wp\/v2\/media\/244273"}],"wp:attachment":[{"href":"https:\/\/www.europesays.com\/es\/wp-json\/wp\/v2\/media?parent=244272"}],"wp:term":[{"taxonomy":"category","embeddable":true,"href":"https:\/\/www.europesays.com\/es\/wp-json\/wp\/v2\/categories?post=244272"},{"taxonomy":"post_tag","embeddable":true,"href":"https:\/\/www.europesays.com\/es\/wp-json\/wp\/v2\/tags?post=244272"}],"curies":[{"name":"wp","href":"https:\/\/api.w.org\/{rel}","templated":true}]}}