{"id":244276,"date":"2025-11-19T09:33:10","date_gmt":"2025-11-19T09:33:10","guid":{"rendered":"https:\/\/www.europesays.com\/es\/244276\/"},"modified":"2025-11-19T09:33:10","modified_gmt":"2025-11-19T09:33:10","slug":"el-psn-psoe-expresa-su-rechazo-ante-las-ultimas-informaciones-conocidas-relativas-a-santos-cerdan-partido-socialista-de-navarra","status":"publish","type":"post","link":"https:\/\/www.europesays.com\/es\/244276\/","title":{"rendered":"El PSN-PSOE expresa su rechazo ante las \u00faltimas informaciones conocidas relativas a Santos Cerd\u00e1n \u2014 Partido Socialista de Navarra"},"content":{"rendered":"<p>El PSN-PSOE expresa su rechazo ante las informaciones conocidas en las \u00faltimas horas relativas a Santos Cerd\u00e1n a ra\u00edz de un nuevo informe de la UCO.<\/p>\n<p>Los socialistas navarros consideran que los hechos descritos representan una \u201cactuaci\u00f3n inaceptable, impropia de la responsabilidad pol\u00edtica que deber\u00eda ejercerse con rigor, transparencia y respeto institucional\u201d.<\/p>\n<p>El PSN-PSOE considera que \u201cla ciudadan\u00eda merece m\u00e1s respeto y una actuaci\u00f3n ejemplar de todos sus representantes y, actuaciones y comportamientos como los se\u00f1alados resultan gravemente perjudiciales para la confianza p\u00fablica\u201d.<\/p>\n<p>Los socialistas respetan las actuaciones judiciales encaminadas a que todas las personas implicadas asuman las responsabilidades que les correspondan. El PSN seguir\u00e1 trabajando con \u201chonestidad, responsabilidad y siempre velando por proteger los intereses de Navarra\u201d.<\/p>\n","protected":false},"excerpt":{"rendered":"El PSN-PSOE expresa su rechazo ante las informaciones conocidas en las \u00faltimas horas relativas a Santos Cerd\u00e1n a&hellip;\n","protected":false},"author":2,"featured_media":244277,"comment_status":"","ping_status":"","sticky":false,"template":"","format":"standard","meta":{"footnotes":""},"categories":[8],"tags":[17,18,62587,25,24,13,14,11,19,20,708,9,10,15,16,8412,62588,62589,8411,23,12,29786,2155,21,22],"class_list":{"0":"post-244276","1":"post","2":"type-post","3":"status-publish","4":"format-standard","5":"has-post-thumbnail","7":"category-espana","8":"tag-breaking-news","9":"tag-breakingnews","10":"tag-confianza-publica","11":"tag-es","12":"tag-espana","13":"tag-featured-news","14":"tag-featurednews","15":"tag-headlines","16":"tag-latest-news","17":"tag-latestnews","18":"tag-navarra","19":"tag-news","20":"tag-noticias","21":"tag-noticias-destacadas","22":"tag-noticiasdestacadas","23":"tag-psn-psoe","24":"tag-rechazo-socialista","25":"tag-responsabilidad-politica","26":"tag-santos-cerdan","27":"tag-spain","28":"tag-titulares","29":"tag-transparencia-institucional","30":"tag-uco","31":"tag-ultimas-noticias","32":"tag-ultimasnoticias"},"share_on_mastodon":{"url":"https:\/\/pubeurope.com\/@es\/115575678921683118","error":""},"_links":{"self":[{"href":"https:\/\/www.europesays.com\/es\/wp-json\/wp\/v2\/posts\/244276","targetHints":{"allow":["GET"]}}],"collection":[{"href":"https:\/\/www.europesays.com\/es\/wp-json\/wp\/v2\/posts"}],"about":[{"href":"https:\/\/www.europesays.com\/es\/wp-json\/wp\/v2\/types\/post"}],"author":[{"embeddable":true,"href":"https:\/\/www.europesays.com\/es\/wp-json\/wp\/v2\/users\/2"}],"replies":[{"embeddable":true,"href":"https:\/\/www.europesays.com\/es\/wp-json\/wp\/v2\/comments?post=244276"}],"version-history":[{"count":0,"href":"https:\/\/www.europesays.com\/es\/wp-json\/wp\/v2\/posts\/244276\/revisions"}],"wp:featuredmedia":[{"embeddable":true,"href":"https:\/\/www.europesays.com\/es\/wp-json\/wp\/v2\/media\/244277"}],"wp:attachment":[{"href":"https:\/\/www.europesays.com\/es\/wp-json\/wp\/v2\/media?parent=244276"}],"wp:term":[{"taxonomy":"category","embeddable":true,"href":"https:\/\/www.europesays.com\/es\/wp-json\/wp\/v2\/categories?post=244276"},{"taxonomy":"post_tag","embeddable":true,"href":"https:\/\/www.europesays.com\/es\/wp-json\/wp\/v2\/tags?post=244276"}],"curies":[{"name":"wp","href":"https:\/\/api.w.org\/{rel}","templated":true}]}}