{"id":244280,"date":"2025-11-19T09:39:09","date_gmt":"2025-11-19T09:39:09","guid":{"rendered":"https:\/\/www.europesays.com\/es\/244280\/"},"modified":"2025-11-19T09:39:09","modified_gmt":"2025-11-19T09:39:09","slug":"no-estoy-ni-cerca-de-sentarme-en-la-mesa-del-big-three","status":"publish","type":"post","link":"https:\/\/www.europesays.com\/es\/244280\/","title":{"rendered":"No estoy ni cerca de sentarme en la mesa del &#8216;Big Three"},"content":{"rendered":"<p data-mrf-recirculation=\"Links P\u00e1rrafos\" class=\"ue-c-article__paragraph paragraph ue-c-article--first-letter-highlighted\">Carlos Alcaraz ha terminado el a\u00f1o como n\u00famero uno y disputando la final de las ATP Finals de Tur\u00edn ante Jannik Sinner. Antes de causar baja en la Final a 8 de la Copa Davis por un edema en el isquiotibial de la pierna derecha, el mejor tenista del planeta se sienta con MARCA para hablar de su gran rival, de la eterna figura de Novak Djokovic y los siguientes retos.<\/p>\n<p data-mrf-recirculation=\"Links P\u00e1rrafos\" class=\"ue-c-article__paragraph paragraph\"><strong>Pregunta. En 2023, cuando gan\u00f3 el primero de los dos t\u00edtulos en Wimbledon, me comentaba que no pod\u00eda haber un cambio de era mientras estuvieran jugando Rafa Nadal y Novak Djokovic. Usted y Jannik Sinner se han repartido los \u00faltimos ocho grandes t\u00edtulos. \u00bfHay cambio de era? \u00bfEstamos en la era de Alcaraz y Sinner?<\/strong><\/p>\n<p data-mrf-recirculation=\"Links P\u00e1rrafos\" class=\"ue-c-article__paragraph paragraph\"><strong>Respuesta.<\/strong> Bueno, Djokovic sigue jugando. Van pasando los a\u00f1os, pero Djokovic todav\u00eda est\u00e1 ah\u00ed, es el cuatro del mundo y ha hecho semifinales en todos los Grand Slam.  Tiene el nivel y la motivaci\u00f3n, porque el f\u00edsico le da, de seguir compitiendo y de seguir estando al m\u00e1ximo nivel. S\u00ed que es verdad que, los \u00faltimos a\u00f1os, tanto Jannik como yo, somos los que hemos estado m\u00e1s ah\u00ed, junto a otros. Pero de cabeza nosotros dos. Puede ser que vayamos pasando a otra generaci\u00f3n.<\/p>\n<p data-mrf-recirculation=\"Links P\u00e1rrafos\" class=\"ue-c-article__paragraph paragraph\"><strong>P. El galo Nicolas Mahut, que se retir\u00f3 en el pasado Masters 1000 de Par\u00eds, cree que Sinner est\u00e1 obsesionado con usted. \u00bfCu\u00e1l es su opini\u00f3n?<\/strong><\/p>\n<p data-mrf-recirculation=\"Links P\u00e1rrafos\" class=\"ue-c-article__paragraph paragraph\"><strong>R.<\/strong> Yo creo que los dos. \u00c9l ha perdido dos o tres partidos los dos \u00faltimos a\u00f1os y la gran mayor\u00eda han sido conmigo. Jannik tiene que ver y pensar lo que tiene que mejorar para vencer al jugador al que no ha podido vencer m\u00e1s veces. Es l\u00f3gico y es normal. Yo s\u00ed que he perdido con m\u00e1s jugadores, pero mi pensamiento es intentar mejorar y hacer las cosas para que la pr\u00f3xima vez que nos enfrentemos sea mucho mejor jugador.<\/p>\n<blockquote class=\"ue-c-article__blockquote\">\n<p>Creo que tanto Sinner como yo estamos obsesionados con el otro<\/p>\n<p>Carlos Alcaraz<\/p><\/blockquote>\n<p data-mrf-recirculation=\"Links P\u00e1rrafos\" class=\"ue-c-article__paragraph paragraph\"><strong>P. \u00bfCu\u00e1l ha sido la \u00faltima vez que llor\u00f3 por el tenis?<\/strong><\/p>\n<p data-mrf-recirculation=\"Links P\u00e1rrafos\" class=\"ue-c-article__paragraph paragraph\"><strong>R.<\/strong> Fue en Miami, s\u00ed en Miami.<\/p>\n<p data-mrf-recirculation=\"Links P\u00e1rrafos\" class=\"ue-c-article__paragraph paragraph\"><strong>P. Dentro de su equipo tiene una psic\u00f3loga como Isabel Balaguer. \u00bfHablan mucho y de qu\u00e9 hablan?<\/strong><\/p>\n<p data-mrf-recirculation=\"Links P\u00e1rrafos\" class=\"ue-c-article__paragraph paragraph\"><strong>R.<\/strong> Cada vez estoy hablando menos. Es una relaci\u00f3n en la que Juanqui y Samu hablan mucho con ella para darle instrucciones para que luego en la pista me las puedan dar a m\u00ed. Hablo con ella cuando tengo la necesidad de desahogarme y de hablar con alguien. Gracias a Dios, desde Miami no he tenido esa sensaci\u00f3n de tener que desahogarme porque ha ido todo muy bien. Y yo, tanto dentro como fuera de la pista, me sent\u00ed muy bien.<\/p>\n<p data-mrf-recirculation=\"Links P\u00e1rrafos\" class=\"ue-c-article__paragraph paragraph\"><strong>P. \u00bfQu\u00e9 primer recuerdo se le viene a la cabeza de la Copa Davis?<\/strong><\/p>\n<p data-mrf-recirculation=\"Links P\u00e1rrafos\" class=\"ue-c-article__paragraph paragraph\"><strong>R.<\/strong> La \u00fanica vez que pude ver la Copa Davis en vivo fue en Valencia, un Espa\u00f1a-Alemania. Es la \u00fanica vez que fui de espectador, con el partido hist\u00f3rico de David (Ferrer) frente a Kohlschreiber. Fue un momento incre\u00edble.<\/p>\n<blockquote class=\"ue-c-article__blockquote\">\n<p>No s\u00e9 si la Copa Davis me debe algo, pero tarde o temprano me llegar\u00e1 el momento<\/p>\n<p>Carlos Alcaraz<\/p><\/blockquote>\n<p data-mrf-recirculation=\"Links P\u00e1rrafos\" class=\"ue-c-article__paragraph paragraph\"><strong>P. La Ferrero Tennis Academy est\u00e1 llena de fotograf\u00edas de su entrenador en la final de 2000 donde fue el art\u00edfice del triunfo con el punto ganado a Lleyton Hewitt. \u00bfLe ha hablado mucho Ferrero de lo que vivi\u00f3 en el Palau Sant Jordi?<\/strong><\/p>\n<p data-mrf-recirculation=\"Links P\u00e1rrafos\" class=\"ue-c-article__paragraph paragraph\"><strong>R.<\/strong> Alguna vez s\u00ed que me ha comentado esa sensaci\u00f3n que tuvo, el detr\u00e1s de c\u00e1maras que se dice. Siempre me dice que fue un momento que probablemente lo cambi\u00f3 todo.<\/p>\n<p data-mrf-recirculation=\"Links P\u00e1rrafos\" class=\"ue-c-article__paragraph paragraph\"><strong>P. Ha tenido diferentes problemas f\u00edsicos  en la Copa Davis desde que debut\u00f3. \u00bfSiente que la competici\u00f3n le debe algo?<\/strong><\/p>\n<p data-mrf-recirculation=\"Links P\u00e1rrafos\" class=\"ue-c-article__paragraph paragraph\"><strong>R.<\/strong> No s\u00e9 si me debe algo la Copa Davis, pero de lo que estoy seguro es que tarde o temprano llegar\u00e1 el momento. Prefiero que sea m\u00e1s temprano que tarde, pero alg\u00fan d\u00eda llegar\u00e1.<\/p>\n<blockquote class=\"ue-c-article__blockquote\">\n<p>No me veo jugando hasta los 38, a\u00f1o a a\u00f1o y a ver hasta d\u00f3nde llego<\/p>\n<p>Carlos Alcaraz<\/p><\/blockquote>\n<p data-mrf-recirculation=\"Links P\u00e1rrafos\" class=\"ue-c-article__paragraph paragraph\"><strong>P. \u00bfPerder el a\u00f1o pasado en el adi\u00f3s oficial de su \u00eddolo Rafael Nadal en el Mart\u00edn Carpena de M\u00e1laga ha sido uno de los d\u00edas m\u00e1s tristes de su carrera profesional?<\/strong><\/p>\n<p data-mrf-recirculation=\"Links P\u00e1rrafos\" class=\"ue-c-article__paragraph paragraph\"><strong>R.<\/strong> Fue muy duro a la vez que triste. Yo di mi punto en el individual, pero tambi\u00e9n jugu\u00e9 el dobles  y me siento responsable de no poder avanzar. Fue un momento muy dif\u00edcil. Pero fue m\u00e1s duro perder el dobles en los Juegos Ol\u00edmpicos de Par\u00eds con \u00e9l que la Copa Davis.<\/p>\n<p data-mrf-recirculation=\"Links P\u00e1rrafos\" class=\"ue-c-article__paragraph paragraph\"><strong>P. \u00bfEntonces dir\u00eda que la derrota ol\u00edmpica s\u00ed fue uno de los momentos m\u00e1s tristes?<\/strong><\/p>\n<p data-mrf-recirculation=\"Links P\u00e1rrafos\" class=\"ue-c-article__paragraph paragraph\"><strong>R. <\/strong>S\u00ed, sin ninguna duda. Estuve muy de baj\u00f3n despu\u00e9s del partido.<\/p>\n<p data-mrf-recirculation=\"Links P\u00e1rrafos\" class=\"ue-c-article__paragraph paragraph\"><strong>P. Suma seis t\u00edtulos del \u2018Grand Slam\u2019 con s\u00f3lo 22 a\u00f1os. \u00bfTiene hueco ya para sentarse en la mesa del \u2018Big Three\u2019 de la raqueta?<\/strong><\/p>\n<p data-mrf-recirculation=\"Links P\u00e1rrafos\" class=\"ue-c-article__paragraph paragraph\"><strong>R. <\/strong>Todav\u00eda ni me acerco. No estoy ni cerca.<\/p>\n<blockquote class=\"ue-c-article__blockquote\">\n<p>Hablo con mi psic\u00f3loga cuando tengo la necesidad de desahogarme, gracias a Dios desde Miami no he tenido esa sensaci\u00f3n<\/p>\n<p>Carlos Alcaraz<\/p><\/blockquote>\n<p data-mrf-recirculation=\"Links P\u00e1rrafos\" class=\"ue-c-article__paragraph paragraph\"><strong>P. Usted es uno de los deportistas m\u00e1s reconocidos en la actualidad vaya donde vaya. \u00bfQu\u00e9 es lo mejor y lo peor de la fama?<\/strong><\/p>\n<p data-mrf-recirculation=\"Links P\u00e1rrafos\" class=\"ue-c-article__paragraph paragraph\"><strong>R.<\/strong> Lo mejor es que te abre muchas puertas a conocer a \u00eddolos, a conocer a gente muy importante, a poder visitar e ir a sitios que nunca podr\u00edas ir. Lo malo es que no puedes estar lo tranquilo que te gustar\u00eda. Yo soy una persona muy natural y muy cercana y el hecho de dar un paseo lo veo como algo muy normal y no puedo hacerlo sin que te pare alguien, sin que te reconozca alguien, sin que te sientas observado&#8230; Creo que es lo peor de la fama.<\/p>\n<p data-mrf-recirculation=\"Links P\u00e1rrafos\" class=\"ue-c-article__paragraph paragraph\"><strong>P. Llevan mucho tiempo trabajando con la multinacional estadounidense Nike \u2014la marca que le viste desde 2020 y le calza\u2014 acerca de su l\u00ednea personalizada de ropa.  \u00bfLa podremos ver ya la pr\u00f3xima temporada?<\/strong><\/p>\n<p data-mrf-recirculation=\"Links P\u00e1rrafos\" class=\"ue-c-article__paragraph paragraph\"><strong>R.<\/strong> Estamos trabajando en ello, estamos viendo c\u00f3mo hacerlo, pero conf\u00edo en el que el a\u00f1o que viene tengamos algo.<\/p>\n<p data-mrf-recirculation=\"Links P\u00e1rrafos\" class=\"ue-c-article__paragraph paragraph\"><strong>P. Ha habido muchas especulaciones sobre qu\u00e9 s\u00edmbolo le va a identificar. \u00bfVan a aparecer de alguna manera las tres \u2018C\u2019 de su abuelo, lo de cabeza, coraz\u00f3n y cojones?<\/strong><\/p>\n<p data-mrf-recirculation=\"Links P\u00e1rrafos\" class=\"ue-c-article__paragraph paragraph\"><strong>R.<\/strong> No, eso no ha estado en el plan en ning\u00fan momento.<\/p>\n<p data-mrf-recirculation=\"Links P\u00e1rrafos\" class=\"ue-c-article__paragraph paragraph\"><strong>P. Usted fue uno de los afortunados que vio desde la primera fila de la Philippe Chatrier el homenaje que la organizaci\u00f3n de Roland Garros tribut\u00f3 a Nadal por su brillante trayectoria en el Abierto galo. Ostenta 14 coronas en los Internacionales de Francia. \u00bfPuede describirme c\u00f3mo lo vivi\u00f3? \u00bfSe le puso la piel de gallina?<\/strong><\/p>\n<p data-mrf-recirculation=\"Links P\u00e1rrafos\" class=\"ue-c-article__paragraph paragraph\"><strong>R. <\/strong> Se me puso la piel de gallina porque fue un momento muy emocionante a la vez que bonito como \u00e9l se merec\u00eda. Con Roger, con Novak y con Andy. Los v\u00eddeos, Roland Garros, la placa. La despedida fue magn\u00edfica.<\/p>\n<blockquote class=\"ue-c-article__blockquote\">\n<p>Me gustar\u00eda una despedida como la de Rafa en Roland Garros porque significar\u00e1 que me lo he merecido<\/p>\n<p>Carlos Alcaraz<\/p><\/blockquote>\n<p data-mrf-recirculation=\"Links P\u00e1rrafos\" class=\"ue-c-article__paragraph paragraph\"><strong>P. \u00bfLe gustar\u00eda una despedida as\u00ed al final de su trayectoria?<\/strong><\/p>\n<p data-mrf-recirculation=\"Links P\u00e1rrafos\" class=\"ue-c-article__paragraph paragraph\"><strong>R.<\/strong> Obviamente s\u00ed que me gustar\u00eda, porque significar\u00e1 que me lo he merecido durante toda mi carrera. Todo el mundo tiene lo que se merece y Rafa tuvo lo que se merec\u00eda.<\/p>\n<p data-mrf-recirculation=\"Links P\u00e1rrafos\" class=\"ue-c-article__paragraph paragraph\"><strong>P. Toni Nadal, t\u00edo mentor de Rafa y con reconocido prestigio en el circuito masculino, afirma que deber\u00eda haber cambios en el tenis para que no se le pegue tan fuerte a la pelota. Habla de reducir el tama\u00f1o de las raquetas. \u00bfLe compra esa idea?<\/strong><\/p>\n<p data-mrf-recirculation=\"Links P\u00e1rrafos\" class=\"ue-c-article__paragraph paragraph\"><strong>R.<\/strong> Ser\u00eda como ir un paso hacia atr\u00e1s. El tenis empez\u00f3 con raquetas de madera, pas\u00f3 a raquetas de metal, de aluminio y ahora tenemos otro tipo de raquetas que te permiten hacer m\u00e1s efectos. Antes se jugaba m\u00e1s plano, m\u00e1s cortados, sin tanta velocidad. Con el paso de los a\u00f1os, en la \u00e9poca de Rafa ya se jugaba con m\u00e1s velocidad que antes y ahora a\u00fan m\u00e1s. No podemos ir en contra de la evoluci\u00f3n. Tenemos que estar f\u00edsicamente preparados para la velocidad en la que se est\u00e1 jugando. Dir\u00eda que no le compro la idea.<\/p>\n<p data-mrf-recirculation=\"Links P\u00e1rrafos\" class=\"ue-c-article__paragraph paragraph\"><strong>P. Empez\u00f3 su exitosa carrera muy joven. Es el n\u00famero 1 m\u00e1s precoz. \u00bfTiene pensado jugar hasta los 38 a\u00f1os como han hecho las leyendas Nadal y Djokovic?<\/strong><\/p>\n<p data-mrf-recirculation=\"Links P\u00e1rrafos\" class=\"ue-c-article__paragraph paragraph\"><strong>R. <\/strong>No, de momento no me veo. Prefiero ir a\u00f1o a a\u00f1o a ver hasta d\u00f3nde puede llegar mi cuerpo. Y, sobre todo, si tengo la motivaci\u00f3n y las ganas. No pienso si voy a llegar a los 33 o a los 38. Voy a cuidarme para que mi carrera sea lo m\u00e1s larga posible.\u00a0<\/p>\n","protected":false},"excerpt":{"rendered":"Carlos Alcaraz ha terminado el a\u00f1o como n\u00famero uno y disputando la final de las ATP Finals de&hellip;\n","protected":false},"author":2,"featured_media":244281,"comment_status":"","ping_status":"","sticky":false,"template":"","format":"standard","meta":{"footnotes":""},"categories":[274],"tags":[168,25,24,23,167,327,326],"class_list":{"0":"post-244280","1":"post","2":"type-post","3":"status-publish","4":"format-standard","5":"has-post-thumbnail","7":"category-tenis","8":"tag-deportes","9":"tag-es","10":"tag-espana","11":"tag-spain","12":"tag-sports","13":"tag-tenis","14":"tag-tennis"},"share_on_mastodon":{"url":"https:\/\/pubeurope.com\/@es\/115575702511287742","error":""},"_links":{"self":[{"href":"https:\/\/www.europesays.com\/es\/wp-json\/wp\/v2\/posts\/244280","targetHints":{"allow":["GET"]}}],"collection":[{"href":"https:\/\/www.europesays.com\/es\/wp-json\/wp\/v2\/posts"}],"about":[{"href":"https:\/\/www.europesays.com\/es\/wp-json\/wp\/v2\/types\/post"}],"author":[{"embeddable":true,"href":"https:\/\/www.europesays.com\/es\/wp-json\/wp\/v2\/users\/2"}],"replies":[{"embeddable":true,"href":"https:\/\/www.europesays.com\/es\/wp-json\/wp\/v2\/comments?post=244280"}],"version-history":[{"count":0,"href":"https:\/\/www.europesays.com\/es\/wp-json\/wp\/v2\/posts\/244280\/revisions"}],"wp:featuredmedia":[{"embeddable":true,"href":"https:\/\/www.europesays.com\/es\/wp-json\/wp\/v2\/media\/244281"}],"wp:attachment":[{"href":"https:\/\/www.europesays.com\/es\/wp-json\/wp\/v2\/media?parent=244280"}],"wp:term":[{"taxonomy":"category","embeddable":true,"href":"https:\/\/www.europesays.com\/es\/wp-json\/wp\/v2\/categories?post=244280"},{"taxonomy":"post_tag","embeddable":true,"href":"https:\/\/www.europesays.com\/es\/wp-json\/wp\/v2\/tags?post=244280"}],"curies":[{"name":"wp","href":"https:\/\/api.w.org\/{rel}","templated":true}]}}