{"id":244294,"date":"2025-11-19T09:48:28","date_gmt":"2025-11-19T09:48:28","guid":{"rendered":"https:\/\/www.europesays.com\/es\/244294\/"},"modified":"2025-11-19T09:48:28","modified_gmt":"2025-11-19T09:48:28","slug":"he-vivido-situaciones-muy-duras-perdidas-insoportables-pero-la-musica-me-salvo","status":"publish","type":"post","link":"https:\/\/www.europesays.com\/es\/244294\/","title":{"rendered":"He vivido situaciones muy duras, p\u00e9rdidas insoportables, pero la m\u00fasica me salv\u00f3"},"content":{"rendered":"<p class=\"HOLA-TEMAS_5--TEXTO-1er-PARRAFO\" id=\"eFIlS5K80Jji\" data-wc=\"100\">Cuarenta\u00a0a\u00f1os en la m\u00fasica. Y fabulosa.<strong>\u00a0Desde que Marta S\u00e1nchez empez\u00f3, en 1985, cuando se uni\u00f3, con 19 a\u00f1os, a Ol\u00e9 Ol\u00e9 como vocalista<\/strong>, su carrera ha sido mete\u00f3rica, <strong>gan\u00e1ndose por derecho propio el t\u00edtulo de \u00abreina del pop espa\u00f1ol\u00bb.\u00a0<\/strong>Con su potente voz y su inconfundible estilo, es todo un icono, una estrella idolatrada por su legi\u00f3n de \u00abfans\u00bb<strong>\u00a0a los dos lados del Atl\u00e1ntico, donde ha vendido m\u00e1s de diez millones de discos.<\/strong><a class=\"hm-link ho-link\" href=\"https:\/\/www.hola.com\/actualidad\/20240509253672\/marta-sanchez-fiesta-58-cumpleanios\/\" data-mrf-recirculation=\"article-body-link\" rel=\"nofollow noopener\" target=\"_blank\">\u00a0Ahora, a punto de cumplir los 60 \u2014ser\u00e1 el 8 de mayo\u2014, celebra estos 40 de trayectoria con la misma ilusi\u00f3n de los comienzos.<\/a><\/p>\n<p>  <img src=\"https:\/\/www.europesays.com\/es\/wp-content\/uploads\/2025\/11\/2ce951dce135-ararat-joyas1494-copia.jpg\"   width=\"1080\" height=\"1080\" loading=\"lazy\" decoding=\"async\" alt=\"Marta, sentada en una &quot;lounge chair&quot; de Vitra\" fetchpriority=\"auto\" class=\"image ho-image\"\/>\u00a9 Jes\u00fas CorderoMarta, sentada en una \u00ablounge chair\u00bb de Vitra, posa ante el \u00abcollage\u00bb de cuatro metros de altura que le regal\u00f3 a su novio, el empresario canario Fede Le\u00f3n. \u00abTard\u00e9 un mes y medio en terminarlo\u00bb, confiesa la artista, que ha descubierto en esta t\u00e9cnica art\u00edstica una nueva forma de expresar su creatividad<\/p>\n<p class=\"HOLA-TEMAS_5a--TEXTO-NORMAL\" id=\"efO5NKc-Wy3s\" data-wc=\"66\">No son unas bodas de oro, pero <strong>Marta se presenta dorada y rutilante en la portada del \u00e1lbum conmemorativo\u00a01985-2025,<\/strong> que publica el <strong>21 de noviembre<\/strong> y que<strong>\u00a0incluye 40 \u00e9xitos de su repertorio y otras 40 canciones in\u00e9ditas.\u00a0<\/strong>Todo un regalo para los incondicionales de esta cantante y compositora que se ha atrevido con todo y que, tras reinventarse varias veces, sigue explorando nuevos caminos.<\/p>\n<blockquote class=\"ho-bl-1081603 -no-figcaption\" cite=\"\">\n<p id=\"eXm4QS-4CEo\">\u00abEstoy muy orgullosa de mi hija. Tiene facilidad para la est\u00e9tica. Me gusta su forma de vestir. Y me aconseja bien\u00bb, nos dice de Paula, que en esta sesi\u00f3n ejerce de estilista de su madre<\/p>\n<\/blockquote>\n<p class=\"HOLA-TEMAS_5a--TEXTO-NORMAL\" id=\"eeHq3OL0fidH\" data-wc=\"133\">Como el del mundo del arte. S\u00ed, porque Marta S\u00e1nchez ahora tambi\u00e9n hace collages, una t\u00e9cnica art\u00edstica con la que ha encontrado, adem\u00e1s de una afici\u00f3n, una nueva v\u00eda para expresar su creatividad. <a class=\"hm-link ho-link\" href=\"https:\/\/www.hola.com\/actualidad\/20250922856050\/marta-sanchez-federico-leon-matching-estilo-puro-romanticismo-celebrar-7-anyos-amor\/\" data-mrf-recirculation=\"article-body-link\" rel=\"nofollow noopener\" target=\"_blank\">El \u00faltimo que hizo, de cuatro metros de alto, se lo regal\u00f3 a Fede Le\u00f3n, su pareja desde hace siete a\u00f1os. Con \u00e9l comparte su vida a caballo entre Madrid y Las Palmas de Gran Canaria, donde reside el empresario\u00a0<\/a>y donde la int\u00e9rprete <strong>ha posado para celebrar con \u00a1HOLA! este aniversario tan especial junto a su hija, Paula.\u00a0<\/strong>La joven, <strong>de 22 a\u00f1os, ha heredado de su madre su pasi\u00f3n por la moda<\/strong> y, tras graduarse en Comunicaci\u00f3n y Estilismo e Imagen de Moda en el Instituto Europeo de Dise\u00f1o, ha ejercido de <strong>estilista en este reportaje tan especial.<\/strong><\/p>\n<p class=\"HOLA-TEMAS_5b--PREGUNTA-NEGRITA question-s1\" id=\"ep8YPw2F8hIb\" data-wc=\"20\"><strong>Marta, 40 a\u00f1os en la m\u00fasica. \u00bfQu\u00e9 sentimientos te vienen al mirar atr\u00e1s y ver todo lo que has logrado?<\/strong><\/p>\n<p class=\"HOLA-TEMAS_5a--TEXTO-NORMAL answer-s1\" id=\"e2eEXzv2_Whe\" data-wc=\"68\">Me siento <strong>muy orgullosa y agradecida de haber logrado llegar hasta aqu\u00ed.<\/strong> Y con muchas ganas de seguir trabajando en lo que m\u00e1s me gusta, que es mi profesi\u00f3n. <strong>Han sido 40 a\u00f1os de mucho trabajo, de aprendizaje y de sacrificios.<\/strong> De un deseo de mejorar, de dar lo mejor de m\u00ed. Me parece incre\u00edble que ya hayan pasado cuatro d\u00e9cadas desde que comenz\u00f3 este sue\u00f1o hecho realidad.<\/p>\n<p>Un regalo especial<\/p>\n<p class=\"HOLA-TEMAS_5b--PREGUNTA-NEGRITA question-s1\" id=\"eVocbd-qWiB2\" data-wc=\"26\"><strong>Para celebrarlo, adem\u00e1s, publicas nuevo disco, que recoge 40 canciones de tu repertorio y otras 40 in\u00e9\u00additas. \u00bfC\u00f3mo surgi\u00f3 la idea de un proyecto tan ambicioso?<\/strong><\/p>\n<p class=\"HOLA-TEMAS_5a--TEXTO-NORMAL answer-s1\" id=\"eHdH5FHw1A2n\" data-wc=\"105\">Mi nuevo doble \u00e1lbum se titula 1985-2025. Cuarenta a\u00f1os de trayectoria merec\u00edan una celebraci\u00f3n por todo lo alto.\u00a0<strong>Y mis\u00a0fans\u00a0e incondicionales se merec\u00edan un regalo especial por tanta fidelidad.\u00a0<\/strong>Han sido casi nueve meses de trabajo, buscando esas canciones que sorprendieran a mis admiradores, buscando entre decenas de cajas esas fotos que hac\u00eda d\u00e9cadas que no ve\u00eda, de cantar temas nuevos y de<strong>\u00a0recopilar historias musicales que nunca fueron editadas y que son muy valiosas para m\u00ed<\/strong> y de las que estoy muy orgullosa. Universal y en especial Jorge S\u00e1nchez han sido un gran apoyo y se han entregado en cuerpo y alma.<\/p>\n<p>  <img src=\"https:\/\/www.europesays.com\/es\/wp-content\/uploads\/2025\/11\/6df2076487f9-3afc1b12cc2824c9f9133b6ae41d937cmartasanchez1329.jpg\"   width=\"1080\" height=\"1080\" loading=\"lazy\" decoding=\"async\" alt=\"Dos sillones Big Easy en el refugio de la artista canaria\" fetchpriority=\"auto\" class=\"image ho-image\"\/>\u00a9 Jes\u00fas CorderoDos sillones \u00abBig Easy\u00bb, de Moroso, en uno de los refugios de la artista en Canarias<\/p>\n<p>  <img src=\"https:\/\/www.europesays.com\/es\/wp-content\/uploads\/2025\/11\/8915b40244fb-9e8f48578e6be88dff954e9b78ebe74amartasanchez1347.jpg\"   width=\"1080\" height=\"1080\" loading=\"lazy\" decoding=\"async\" alt=\"El despacho de Marta S\u00e1nchez\" fetchpriority=\"auto\" class=\"image ho-image\"\/>\u00a9 Jes\u00fas Cordero<\/p>\n<p class=\"HOLA-TEMAS_5b--PREGUNTA-NEGRITA question-s1\" id=\"eSXWIgGUvBBz\" data-wc=\"10\"><strong>\u00bfCu\u00e1l ha sido el momento m\u00e1s determinante de tu carrera?<\/strong><\/p>\n<p class=\"HOLA-TEMAS_5a--TEXTO-NORMAL answer-s1\" id=\"eToJCwcRI3PF\" data-wc=\"111\">Hay muchos momentos que pienso que han sido determinantes: el <strong>llegar a un grupo ya consagrado como<\/strong><strong>\u00a0Ol\u00e9 Ol\u00e9<\/strong>, donde tuve el list\u00f3n alto y super\u00e9 las expectativas. El dejar mi zona de confort cuando est\u00e1bamos en un momento de <strong>gran \u00e9xito y decidir dar el gran paso de comenzar una carrera en solitario tambi\u00e9n fue un momento decisivo\u2026 Fui valiente, arriesgu\u00e9 y gan\u00e9.\u00a0<\/strong>Tambi\u00e9n fue importante el hecho de cantar temas que me abrieron m\u00e1s puertas, que me dieron la posibilidad de ganarme el respeto del p\u00fablico, dejando en segundo plano el f\u00edsico, que tanto distra\u00eda en ese momento, con temas como Vivo por ella\u00a0o baladas como Amor perdido.<\/p>\n<p>\u00abEstoy donde debo estar\u00bb<\/p>\n<p class=\"HOLA-TEMAS_5b--PREGUNTA-NEGRITA question-s1\" id=\"eCpuaGIkb6VR\" data-wc=\"16\"><strong>\u00bfQu\u00e9 ha cambiado en Marta S\u00e1nchez, la artista y la mujer, desde tus inicios hasta hoy?<\/strong><\/p>\n<p class=\"HOLA-TEMAS_5a--TEXTO-NORMAL answer-s1\" id=\"eoIAnQGKhauP\" data-wc=\"84\">Los<strong>\u00a0a\u00f1os y la experiencia te cambian, te hacen ver con m\u00e1s claridad d\u00f3nde quieres ir<\/strong> y con qu\u00e9 eres m\u00e1s feliz, priorizando lo importante y dedicando tu tiempo en lo que crees que merece la pena. <a class=\"hm-link ho-link\" href=\"https:\/\/www.hola.com\/actualidad\/20250807848965\/marta-sanchez-banadores-firma-espanola-59-anos\/\" data-mrf-recirculation=\"article-body-link\" rel=\"nofollow noopener\" target=\"_blank\">En el fondo, sigo siendo la misma persona, la que hace las cosas con esa ilusi\u00f3n por mejorar.\u00a0<\/a>Sigo siendo igual de exigente conmigo misma. Con mi caracter\u00edstica ingenuidad y tambi\u00e9n mi nobleza\u2026 y apreciando cada d\u00eda el presente. <strong>Estoy donde debo estar. Y eso me gusta.<\/strong><\/p>\n<blockquote class=\"ho-bl-1081603 -no-figcaption\" cite=\"\">\n<p id=\"eaZXpUlqSK5\">\u00abA la Marta de los inicios, quiz\u00e1, le hubiera dicho que se relajara y disfrutara m\u00e1s, dejando un poco la man\u00eda de controlarlo todo. Me cuesta delegar\u00bb<\/p>\n<\/blockquote>\n<p class=\"HOLA-TEMAS_5b--PREGUNTA-NEGRITA question-s1\" id=\"euhLS5mV9YVj\" data-wc=\"12\"><strong>Si pudieras hablar con la Marta de 1985, \u00bfqu\u00e9 consejo le dar\u00edas?<\/strong><\/p>\n<p class=\"HOLA-TEMAS_5a--TEXTO-NORMAL answer-s1\" id=\"eiMtA5F1ToW5\" data-wc=\"125\">A la Marta de los comienzos le dir\u00eda que le espera una vida llena de satisfacciones y de \u00e9xitos, pero que no estar\u00e1n exentos de sacrificio, de momentos de soledad en la habitaci\u00f3n de un hotel\u2026 <strong>Le dir\u00eda que va a ser una mujer privilegiada, con una profesi\u00f3n hermosa, pero, a la vez, dura.\u00a0<\/strong>Esa Marta ya sab\u00eda que el destino le hab\u00eda dado un don que ven\u00eda de familia, por mi padre, cantante de \u00f3pera bajo bar\u00edtono, y esa Marta sab\u00eda que no perder\u00eda esa oportunidad. <strong>As\u00ed que no habr\u00eda hecho falta que le dijera mucho m\u00e1s. Lo ten\u00eda muy claro. Pero, quiz\u00e1, s\u00ed le hubiera dicho que se relajara y disfrutara m\u00e1s,<\/strong> dejando un poco la man\u00eda de controlarlo todo. Me cuesta delegar.<\/p>\n<p class=\"HOLA-TEMAS_5b--PREGUNTA-NEGRITA question-s1\" id=\"ewiTU54WcB\" data-wc=\"11\"><strong data-gid=\"ebmZYqx8KoVA\">\u00bfCambiar\u00edas algo de lo que has vivido en estos 40 a\u00f1os?<\/strong><\/p>\n<p class=\"HOLA-TEMAS_5a--TEXTO-NORMAL answer-s1\" id=\"eW5ObT8v5wz\" data-wc=\"53\">Todo pasa por algo. <strong data-gid=\"eV20iFYi2HY\">Todas las decisiones que tomamos lo hacemos pensado en que es lo mejor, aunque sean las incorrectas.\u00a0<\/strong>Acepto mis errores, pero no me culpo, porque creo que lo hice con el coraz\u00f3n. Claro que hay algunas decisiones que hubiera rectificado, pero tambi\u00e9n <strong data-gid=\"eln7zq5HmM\">me hicieron crecer, conocerme m\u00e1s y mejorar.<\/strong><\/p>\n<blockquote class=\"ho-bl-1081603 -no-figcaption\" cite=\"\">\n<p id=\"e69FpbOVtWr\">\u00abPaula tiene las cosas claras. Tiene mucha personalidad. Le auguro un futuro brillante\u00bb<\/p>\n<\/blockquote>\n<p>  <img src=\"https:\/\/www.europesays.com\/es\/wp-content\/uploads\/2025\/11\/d2ef13bd35b1-22e3a40592eea77108a4e3597932b170araratjoyas1764.jpg\"   width=\"1080\" height=\"1800\" loading=\"lazy\" decoding=\"async\" alt=\"Marta S\u00e1nchez con su hija Paula\" fetchpriority=\"auto\" class=\"image ho-image\"\/>\u00a9 Jes\u00fas CorderoPaula Cabanas, nacida hace 22 a\u00f1os del matrimonio entre Marta y Jes\u00fas Cabanas, no se plantea seguir los pasos de su madre en el mundo de la m\u00fasica. Pero s\u00ed que ha heredado su pasi\u00f3n por la moda. Tras graduarse en Comunicaci\u00f3n y Estilismo e Imagen de Moda en el Instituto Europeo de Dise\u00f1o, la joven ya ayuda a su madre con sus \u00ablooks\u00bb, como en este reportaje<\/p>\n<p>En bucle<\/p>\n<p class=\"HOLA-TEMAS_5b--PREGUNTA-NEGRITA question-s1\" id=\"eXHPreoS1haQ\" data-wc=\"14\"><strong>\u00bfY qu\u00e9 momento repetir\u00edas en bucle porque es el que m\u00e1s feliz te hace?<\/strong><\/p>\n<p class=\"HOLA-TEMAS_5a--TEXTO-NORMAL answer-s1\" id=\"eNzaRyzP1HWm\" data-wc=\"51\">Uno de los <strong>momentos m\u00e1s incre\u00edbles de mi vida<\/strong>, sin duda, fue el d\u00eda que tuve en brazos a mi hija por primera vez. Es algo \u00fanico, m\u00e1gico, milagroso. Tambi\u00e9n<strong>\u00a0cientos de conciertos en los que mi p\u00fablico me hizo llorar, re\u00edr y hacerme sentir especial\u2026<\/strong> Esa energ\u00eda es una bendici\u00f3n.<\/p>\n<blockquote class=\"ho-bl-1081603 -no-figcaption\" cite=\"\">\n<p id=\"emOofiZXGJV\">\u00abSoy una mujer muy sensible, muy rom\u00e1ntica, muy fr\u00e1gil en algunos momentos. Pero soy tambi\u00e9n muy fuerte y nunca me rindo\u00bb<\/p>\n<\/blockquote>\n<p>  <img src=\"https:\/\/www.europesays.com\/es\/wp-content\/uploads\/2025\/11\/9f9ee584a8c2-ararat-joyas1732.jpg\"   width=\"1080\" height=\"1800\" loading=\"lazy\" decoding=\"async\" alt=\"Marta S\u00e1nchez con top blanco y falda de cuero negra\" fetchpriority=\"auto\" class=\"image ho-image\"\/>\u00a9 Jes\u00fas Cordero<\/p>\n<p class=\"HOLA-TEMAS_5b--PREGUNTA-NEGRITA question-s1\" id=\"e7QH0W4tu0do\" data-wc=\"18\"><strong>A lo largo de tu carrera te has reinventado en varias ocasiones. \u00bfQu\u00e9 significa \u00abreinventarse\u00bb para ti hoy?<\/strong><\/p>\n<p class=\"HOLA-TEMAS_5a--TEXTO-NORMAL answer-s1\" id=\"ebpIeD7f4ndh\" data-wc=\"112\">Empec\u00e9 <strong>con 19 a\u00f1os, 20 reci\u00e9n cumplidos.\u00a0<\/strong>Cuatro d\u00e9cadas dan para mucha reinvenci\u00f3n. Sobre todo, si eres valiente y no tienes miedo a los cambios. Y yo de joven disfrutaba vi\u00e9ndome diferente, cambiando no solo mi forma de vestir, sino tambi\u00e9n mi m\u00fasica. Me divert\u00ed much\u00edsimo haci\u00e9ndolo y vivir en el extranjero; ayuda mucho a inspirarte para ello, viajar enriquece.<strong>\u00a0Ahora, a mis casi 60 a\u00f1os, me lo tomo de otra manera. Ya no le doy tanta importancia a los cambios dr\u00e1sticos.\u00a0<\/strong>Ni en los looks ni en la m\u00fasica. Creo que ya experiment\u00e9 y arriesgu\u00e9 todo lo que ten\u00eda que hacerlo. Aunque no puedo decir ni prometer que no pasar\u00e1 (r\u00ede).<\/p>\n<p class=\"HOLA-TEMAS_5b--PREGUNTA-NEGRITA question-s1\" id=\"eIRd4dn3lyjk\" data-wc=\"6\"><strong>\u00bfQu\u00e9 artistas te han inspirado m\u00e1s?<\/strong><\/p>\n<p class=\"HOLA-TEMAS_5a--TEXTO-NORMAL answer-s1\" id=\"eHfQZt2i1D1z\" data-wc=\"87\">Recuerdo <a class=\"hm-link ho-link\" href=\"https:\/\/www.hola.com\/hemeroteca\/20230601303197\/rocio-jurado-15-aniversario-muerte-portadas-vida-revista\/\" data-mrf-recirculation=\"article-body-link\" rel=\"nofollow noopener\" target=\"_blank\">como si fuera ayer el d\u00eda que Roc\u00edo Jurado me hizo llorar con su talento en un concierto. Era \u00fanica.\u00a0<\/a>Tambi\u00e9n admir\u00e9 much\u00edsimo a Marisol, fue mi \u00eddolo desde que era una ni\u00f1a. Mecano fue un grupo al que siempre vener\u00e9<strong>. Alaska es un referente para m\u00ed como artista \u00fanica y personalidad aplastante.<\/strong> Los Jackson 5 fueron verdaderos maestros, no dejaban de sonar en mi tocadiscos. Igual que Barbra Streisand y Olivia Newton-John. Me encanta Coldplay, me han ayudado much\u00edsimo en momentos dif\u00edciles&#8230; Y tantos m\u00e1s.<\/p>\n<p>Luces y sombras<\/p>\n<p class=\"HOLA-TEMAS_5b--PREGUNTA-NEGRITA question-s1\" id=\"eWxb1lxnOiC7\" data-wc=\"23\"><strong>En tu vida ha habido muchas luces, pero tambi\u00e9n momentos dif\u00edciles. \u00bfQu\u00e9 has aprendido sobre ti misma a trav\u00e9s de esos momentos complicados?<\/strong><\/p>\n<p class=\"HOLA-TEMAS_5a--TEXTO-NORMAL answer-s1\" id=\"eoexDIZf3L0B\" data-wc=\"45\">Soy una <strong>mujer muy sensible, muy rom\u00e1ntica, muy fr\u00e1gil en algunos momentos.<\/strong> Pero soy tambi\u00e9n muy fuerte y nunca me rindo. Y eso que he vivido situaciones muy duras, p\u00e9rdidas insoportables\u2026 Pero mi m\u00fasica me salv\u00f3 en todos esos momentos en los que estaba rota.<\/p>\n<p>  <img src=\"https:\/\/www.europesays.com\/es\/wp-content\/uploads\/2025\/11\/0fadc96de428-ararat-joyas1833.jpg\"   width=\"1080\" height=\"1800\" loading=\"lazy\" decoding=\"async\" alt=\"Marta S\u00e1nchez en su biblioteca con un vestido morado\" fetchpriority=\"auto\" class=\"image ho-image\"\/>\u00a9 Jes\u00fas Cordero<\/p>\n<p class=\"HOLA-TEMAS_5b--PREGUNTA-NEGRITA question-s1\" id=\"eRPQfIUGrSgr\" data-wc=\"31\"><strong>La fama lleg\u00f3 muy pronto para ti, \u00bfc\u00f3mo gestionabas las inseguridades en esos primeros a\u00f1os y de qu\u00e9 forma aprendiste a vivir con la presi\u00f3n de ser un todo un s\u00edmbolo?<\/strong><\/p>\n<p class=\"HOLA-TEMAS_5a--TEXTO-NORMAL answer-s1\" id=\"ePfhOBB0ggad\" data-wc=\"122\">De alguna manera, yo ya viv\u00eda rodeada de m\u00fasica y de artistas. No era algo extra\u00f1o y desconocido para m\u00ed del todo. Pero s\u00ed que es verdad que vivirlo en primera persona es diferente. <strong>Cuando empec\u00e9, ten\u00eda como meta destacar. No me import\u00f3 el esfuerzo.<\/strong> Quer\u00eda dar lo mejor y as\u00ed lo hice. Ten\u00eda inseguridades, pero las fui dejando atr\u00e1s con trabajo y amor propio.<strong>\u00a0La fama tiene muchas caras, algunas son positivas, resultado de la exposici\u00f3n al p\u00fablico.<\/strong> Pero tambi\u00e9n tienes que<strong>\u00a0estar preparada para las que te quitan libertad.<\/strong> Al principio me cost\u00f3 ese cambio en mi vida, pero el precio que se paga es inevitable si quieres tener \u00e9xito en esta profesi\u00f3n. Todas las profesiones tienen un lado amargo.<\/p>\n<p class=\"HOLA-TEMAS_5b--PREGUNTA-NEGRITA question-s1\" id=\"eJoHPzCv5gV9\" data-wc=\"16\"><strong>Volvamos a tu nuevo \u00e1lbum. \u00bfC\u00f3mo fue el proceso de selecci\u00f3n de tus temas de siempre?<\/strong><\/p>\n<p class=\"HOLA-TEMAS_5a--TEXTO-NORMAL answer-s1\" id=\"ehueLwpuLL3_\" data-wc=\"58\">Tengo la<strong>\u00a0suerte de contar con discos maravillosos<\/strong>, de los que han brillado muchas canciones convirti\u00e9ndose en \u00e9xitos\u2026 Por eso, la selecci\u00f3n de canciones no fue f\u00e1cil: muchos de esos temas que tanto gustan no cab\u00edan. Pero est\u00e1n los temas que s\u00e9 que no pod\u00edan faltar y que han sido la banda sonora de muchos de mis fans.<\/p>\n<blockquote class=\"ho-bl-1081603 -no-figcaption\" cite=\"\">\n<p id=\"eWKlzeFRbNh\">\u00abUno de los momentos m\u00e1s incre\u00edbles de mi vida, sin duda, fue el d\u00eda que tuve en brazos a mi hija por primera vez. Es algo \u00fanico, m\u00e1gico, milagroso\u00bb<\/p>\n<\/blockquote>\n<p class=\"HOLA-TEMAS_5b--PREGUNTA-NEGRITA question-s1\" id=\"edMluCEV0aq9\" data-wc=\"20\"><strong>Y las composiciones in\u00e9ditas, \u00bfson todas nuevas? \u00bfHas rescatado algunas que no hab\u00edas publicado a lo largo de tu carrera?<\/strong><\/p>\n<p class=\"HOLA-TEMAS_5a--TEXTO-NORMAL answer-s1\" id=\"eZ0fC2f5tWTg\" data-wc=\"57\">Muchos de<strong>\u00a0los temas in\u00e9ditos son nuevos, nunca se hab\u00edan escuchado<\/strong>. Otras son canciones que Universal y yo<strong>\u00a0no hab\u00edamos publicado y que, pasado un tiempo, al volver a revisarlas, nos parecen preciosas.\u00a0<\/strong>A veces, las canciones tienen algo que las hace tan especiales que no pasa el tiempo por ellas e incluso se vuelven m\u00e1s valiosas.<\/p>\n<p>  <img src=\"https:\/\/www.europesays.com\/es\/wp-content\/uploads\/2025\/11\/53822fe616e1-ararat-joyas1448.jpg\"   width=\"1080\" height=\"1800\" loading=\"lazy\" decoding=\"async\" alt=\"Marta S\u00e1nchez y su hija Paula, posando juntas\" fetchpriority=\"auto\" class=\"image ho-image\"\/>\u00a9 Jes\u00fas Cordero\u00bbLa fama tiene muchas caras, algunas son positivas, resultado de la exposici\u00f3n al p\u00fablico. Pero tambi\u00e9n tienes que estar preparada para las que te quitan libertad. El precio que se paga es inevitable si quieres tener \u00e9xito en esta profesi\u00f3n\u00bb, asegura Marta sobre c\u00f3mo gestion\u00f3 hacerse famosa con 19 a\u00f1os, edad en la que comenz\u00f3 su carrera al unirse como vocalista al grupo Ol\u00e9 Ol\u00e9<\/p>\n<p class=\"HOLA-TEMAS_5b--PREGUNTA-NEGRITA question-s1\" id=\"evsS3MLz8hLm\" data-wc=\"11\"><strong>\u00bfAlguna de esas canciones nuevas tiene un significado especial para ti?<\/strong><\/p>\n<p class=\"HOLA-TEMAS_5a--TEXTO-NORMAL answer-s1\" id=\"e4hFPhGkGtK7\" data-wc=\"111\">S\u00ed. Soy una artista que tiende a hacer solo lo que me llena, lo que me gusta defender. Y <strong>m\u00e1s despu\u00e9s de llevar 40 a\u00f1os en la m\u00fasica.<\/strong> Hay un tema compuesto por m\u00ed, Tiempos de amor, del que estoy muy orgullosa. Tambi\u00e9n Let go, una canci\u00f3n que grab\u00e9 cuando viv\u00eda en Nueva York y que compusieron grandes m\u00fasicos americanos, con Martika en los coros (la pod\u00e9is recordar por aquel gran \u00e9xito Toy soldiers o\u00a0Love thy will be done\u2026 Nos hicimos amigas en la ciudad). Hay una canci\u00f3n que me encanta que se titula\u00a0Te necesito, y otra, Es por ti, que me identifico mucho con su estilo e interpretaci\u00f3n.<\/p>\n<blockquote class=\"ho-bl-1081603 -no-figcaption\" cite=\"\">\n<p id=\"eTIFFM-FJYA\">\u00abTemas como\u00a0Vivo por ella o Amor perdido\u00a0me dieron la posibilidad de ganarme el respeto del p\u00fablico, dejando en segundo plano el f\u00edsico, que tanto distra\u00eda en ese momento\u00bb<\/p>\n<\/blockquote>\n<p>  <img src=\"https:\/\/www.europesays.com\/es\/wp-content\/uploads\/2025\/11\/6aae496e4657-ararat-joyas2009cut.jpg\"   width=\"1080\" height=\"1800\" loading=\"lazy\" decoding=\"async\" alt=\"Paula Cabanas, con camisa blanca y botas altas negras\" fetchpriority=\"auto\" class=\"image ho-image\"\/>\u00a9 Jes\u00fas Cordero\u00bbDesde muy peque\u00f1a, se vio rodeada de vestidos, de mis armarios llenos de ropa incre\u00edble por mi profesi\u00f3n. Le gusta la moda. Tiene gusto y me asesora muy bien\u00bb, comenta Marta S\u00e1nchez de su hija, a la que vemos en solitario<\/p>\n<p class=\"HOLA-TEMAS_5b--PREGUNTA-NEGRITA question-s1\" id=\"exHUQmDn6qf3\" data-wc=\"15\"><strong>\u00bfCon qu\u00e9 sonido o estilo musical te has sentido m\u00e1s identificada en esta nueva etapa?<\/strong><\/p>\n<p class=\"HOLA-TEMAS_5a--TEXTO-NORMAL answer-s1\" id=\"eBK9l1M_yCYY\" data-wc=\"70\">Creo que tengo facilidad para cambiar de registro. Me gusta la m\u00fasica mel\u00f3dica, el pop, el disco, hasta el rock. Y me he atrevido incluso con el dubstep o la copla a mi manera. <a class=\"hm-link ho-link\" href=\"https:\/\/www.hola.com\/actualidad\/20200410165374\/marta-sanchez-nueva-cancion-solidaria\/\" data-mrf-recirculation=\"article-body-link\" rel=\"nofollow noopener\" target=\"_blank\">Pero si me das a elegir, me identifico con baladas en las que pueda disfrutar interpretando, sintiendo cada frase, emocionando.\u00a0<\/a>Y sin duda, <strong>m\u00fasica que anime los corazones, que nos haga bailar y celebrar la vida.<\/strong><\/p>\n<p class=\"HOLA-TEMAS_5b--PREGUNTA-NEGRITA question-s1\" id=\"e7dkGoHsSU58\" data-wc=\"27\"><strong>En esta sesi\u00f3n de fotos, no solo posas con Paula, adem\u00e1s ella te ha hecho el estilismo. \u00bfC\u00f3mo la ves en esta nueva etapa de su vida?<\/strong><\/p>\n<p class=\"HOLA-TEMAS_5a--TEXTO-NORMAL answer-s1\" id=\"ewhVMvjgPpBs\" data-wc=\"90\">Paula es una mujer con las cosas claras.<strong>\u00a0Tiene mucha personalidad. Es muy madura y muy sensible.<\/strong><a class=\"hm-link ho-link\" href=\"https:\/\/www.hola.com\/actualidad\/20250725846483\/asi-describe-paula-cabanas-hija-marta-sanchez-cantante-para-mi-es-simplemente-mama\/\" data-mrf-recirculation=\"article-body-link\" rel=\"nofollow noopener\" target=\"_blank\">\u00a0Tiene facilidad para la est\u00e9tica. Me gusta su forma de vestir. Y me aconseja bien. Es muy sincera y me dice lo que le gusta para m\u00ed y lo que cree que me favorece m\u00e1s.<\/a> Estoy muy orgullosa de ella porque sac\u00f3 un diez en su examen final de carrera. Se entrega mucho en todo lo que hace. Le auguro un futuro brillante. Espero que sea muy feliz con lo que decida hacer.<\/p>\n<p>\u00abNadie te regala nada\u00bb<\/p>\n<p class=\"HOLA-TEMAS_5b--PREGUNTA-NEGRITA question-s1\" id=\"e1dlVJKlS-yG\" data-wc=\"17\"><strong>\u00bfQu\u00e9 consejo le has dado ahora con el que se va a enfrentar a la vida adulta?<\/strong><\/p>\n<p class=\"HOLA-TEMAS_5a--TEXTO-NORMAL answer-s1\" id=\"eIyd1_GEjQdn\" data-wc=\"72\">Siempre le digo que <strong>todo lo que merece la pena en esta vida exige mucha perseverancia y dedicaci\u00f3n.<\/strong> Nadie te regala nada. Pero, sobre todo, le inculco que elija el camino que le haga feliz, que la emocione y que vaya descubriendo su potencial. Que vaya a por todas y que defienda su punto de vista, <strong>que se junte con gente trabajadora, positiva y que sume.<\/strong> Tiene un don de gentes incre\u00edble.<\/p>\n<blockquote class=\"ho-bl-1081603 -no-figcaption\" cite=\"\">\n<p id=\"enASp8JfUH-\">\u00abHe vivido situaciones muy duras, p\u00e9rdidas insoportables\u2026 Pero mi m\u00fasica me salv\u00f3 en todos esos momentos que estaba rota\u00bb<\/p>\n<\/blockquote>\n<p>  <img src=\"https:\/\/www.europesays.com\/es\/wp-content\/uploads\/2025\/11\/d91e8b64cfc1-ararat-joyas1699.jpg\"   width=\"1080\" height=\"1800\" loading=\"lazy\" decoding=\"async\" alt=\"Paula Cabanas y Marta S\u00e1nchez, madre e hijas, muy unidas en una foto\" fetchpriority=\"auto\" class=\"image ho-image\"\/>\u00a9 Jes\u00fas CorderoMadre e hija<\/p>\n<p class=\"HOLA-TEMAS_5b--PREGUNTA-NEGRITA question-s1\" id=\"eH0NjxXA4Xug\" data-wc=\"6\"><strong>\u00bfCrees que es tu mejor asesora?<\/strong><\/p>\n<p class=\"HOLA-TEMAS_5a--TEXTO-NORMAL answer-s1\" id=\"eb0A1Qufi0KG\" data-wc=\"29\">Desde <strong>muy peque\u00f1a se vio rodeada de vestidos,<\/strong> de mis armarios llenos de ropa incre\u00edble por mi profesi\u00f3n. Le gusta la moda. Tiene gusto y <strong>me aconseja muy bien.<\/strong><\/p>\n<p class=\"HOLA-TEMAS_5b--PREGUNTA-NEGRITA question-s1\" id=\"eCZMLFF9ZjMh\" data-wc=\"8\"><strong>\u00bfDe qu\u00e9 te sientes m\u00e1s orgullosa de ella?<\/strong><\/p>\n<p class=\"HOLA-TEMAS_5a--TEXTO-NORMAL answer-s1\" id=\"eDjeG3TQA174\" data-wc=\"97\">Me enorgullece<strong>\u00a0su sensibilidad, su nobleza. Es muy amiga de sus amigos.<\/strong> Tambi\u00e9n le encantan los animales. Siempre est\u00e1 donde haya un perrito, un gato en la calle, un pajarito que se cae de un \u00e1rbol y lo recoge para cuidarlo\u2026<a class=\"hm-link ho-link\" href=\"https:\/\/www.hola.com\/actualidad\/20250925857948\/paula-cabanas-la-hija-de-marta-sanchez-posa-espectacular-en-bikini\/\" data-mrf-recirculation=\"article-body-link\" rel=\"nofollow noopener\" target=\"_blank\">\u00a0Tambi\u00e9n es muy disfrutona, le gusta mucho viajar y es curiosa. Es responsable y nunca me ha dado motivos para estar preocupada. Conf\u00edo plenamente en ella.\u00a0<\/a>Paula tiene una tendencia muy grande al orden, es bastante met\u00f3dica: sus armarios y sus cajones son de otro mundo, nunca he visto a nadie que sea tan escrupulosamente ordenado.<\/p>\n<blockquote class=\"ho-bl-1081603 -no-figcaption\" cite=\"\">\n<p id=\"e_eZXOs4QMM\">\u00abFede y yo nos conocimos en un momento de nuestra vida en el que sab\u00edamos que juntos \u00edbamos en el mismo camino, habiendo vivido etapas y con madurez para vivir otras nuevas\u00bb<\/p>\n<\/blockquote>\n<p>  <img src=\"https:\/\/www.europesays.com\/es\/wp-content\/uploads\/2025\/11\/b43d55c35620-ararat-joyas1593.jpg\"   width=\"1080\" height=\"1800\" loading=\"lazy\" decoding=\"async\" alt=\"Marta S\u00e1nchez, posando en el estudio\" fetchpriority=\"auto\" class=\"image ho-image\"\/>\u00a9 Jes\u00fas Cordero<\/p>\n<p class=\"HOLA-TEMAS_5b--PREGUNTA-NEGRITA question-s1\" id=\"eIf3m1ScCyuy\" data-wc=\"7\"><strong>Y Fede, t\u00fa pareja, \u00bfqu\u00e9 te aporta?<\/strong><\/p>\n<p class=\"HOLA-TEMAS_5a--TEXTO-NORMAL answer-s1\" id=\"eYmirwY0KJ0D\" data-wc=\"78\">Fede es una persona muy completa. E<a class=\"hm-link ho-link\" href=\"https:\/\/www.hola.com\/actualidad\/20231216353579\/marta-sanchez-compromiso-fede-relacion-hija-entrevista\/\" data-mrf-recirculation=\"article-body-link\" rel=\"nofollow noopener\" target=\"_blank\">s responsable, sereno, con unos valores y una educaci\u00f3n extraordinarios. Nos conocimos en un momento de nuestra vida en el que los dos sab\u00edamos que juntos \u00edbamos en el mismo camino<\/a>, habiendo vivido etapas y con madurez para vivir otras nuevas. Sin duda, <strong>me aporta mucha serenidad.<\/strong> Los dos respetamos mucho los tiempos y la profesi\u00f3n del otro. Y su opini\u00f3n <strong>me suma mucha coherencia y experiencia<\/strong>. Es un <strong>hombre muy inteligente.<\/strong><\/p>\n<p>  <img src=\"https:\/\/www.europesays.com\/es\/wp-content\/uploads\/2025\/11\/5492f2035977-c92483062cef0739c9d74f10e4f40927araratjoyas1982.jpg\"   width=\"1080\" height=\"1800\" loading=\"lazy\" decoding=\"async\" alt=\"Marta S\u00e1nchez con un micr\u00f3fono en mano junto a su hija Paula\" fetchpriority=\"auto\" class=\"image ho-image\"\/>\u00a9 Jes\u00fas Cordero\u00bbMe enorgullece su sensibilidad, su nobleza. Es muy amiga de sus amigos. Tambi\u00e9n le encantan los animales. Siempre est\u00e1 donde haya un perrito, un gato en la calle, un pajarito que se cae de un \u00e1rbol y lo recoge para cuidarlo\u2026\u00bb, enumera Marta sobre su hija, Paula, con la que ha protagonizado este posado tan especial<\/p>\n<p class=\"HOLA-TEMAS_5b--PREGUNTA-NEGRITA question-s1\" id=\"eEMuUCF1cJHj\" data-wc=\"16\"><strong>Marta, ahora que hablamos de los a\u00f1os, por ti parecen pasar de largo&#8230; \u00bfC\u00f3mo te cuidas?<\/strong><\/p>\n<p class=\"HOLA-TEMAS_5a--TEXTO-NORMAL answer-s1\" id=\"eJ4UsRDe8pVi\" data-wc=\"97\">\u00a1Gracias! <strong>Soy muy disciplinada.\u00a0<\/strong>Le dedico tiempo a hacerme tratamientos faciales y voy a masajes de maderoterapia. <strong>Hago regularmente ejercicio, m\u00ednimo tres d\u00edas: hago cardio, peso y\u00a0<\/strong><strong>balletfit<\/strong>. Hay d\u00edas que me muero de la pereza, pero despu\u00e9s me encuentro como si tuviera alas en los pies. Cuidarse es algo que lleva tiempo y dedicaci\u00f3n. <strong>Pero siempre me gust\u00f3 hacerlo y creo que mi profesi\u00f3n lo requiere.<\/strong> Tambi\u00e9n s\u00e9 disfrutar de los momentos, esos que te dan ese brillo especial: una copa de champ\u00e1n con Fede o un vinito con mis amigas en las comidas \u00abde chicas\u00bb.<\/p>\n<p class=\"HOLA-TEMAS_5b--PREGUNTA-NEGRITA question-s1\" id=\"eAOR6uSfbv-0\" data-wc=\"12\"><strong>Tambi\u00e9n disfrutas haciendo collages, \u00bfno? H\u00e1blanos de esa afici\u00f3n tuya que desconoc\u00edamos.<\/strong><\/p>\n<p class=\"HOLA-TEMAS_5a--TEXTO-NORMAL answer-s1\" id=\"eWr3M5slqyH7\" data-wc=\"71\">Siempre me gustaron las manualidades. Se me dan bien<strong>. De muy jovencita, mi madre me ense\u00f1\u00f3 a coser<\/strong>, le fabriqu\u00e9 pendientes a Don Algod\u00f3n, pintaba y hac\u00eda collages. Hace un par de a\u00f1os, me plante\u00e9 hacerlo m\u00e1s seriamente, con m\u00e1s dedicaci\u00f3n y con un enmarcado cuidado. <strong>A Fede le regal\u00e9 el m\u00e1s especial, de cuatro metros de altura: tard\u00e9 un mes y medio en terminarlo. Quiero hacer una exposici\u00f3n alg\u00fan d\u00eda.<\/strong><\/p>\n<blockquote class=\"ho-bl-1081603 -no-figcaption\" cite=\"\">\n<p id=\"e1oSHrEJ88q\">\u00abMe aporta mucha serenidad. Los dos respetamos mucho los tiempos y la profesi\u00f3n del otro. Es un hombre muy inteligente\u00bb, dice Marta \u00a0 del empresario, con el que lleva siete a\u00f1os de relaci\u00f3n<\/p>\n<\/blockquote>\n<p>  <img src=\"https:\/\/www.europesays.com\/es\/wp-content\/uploads\/2025\/11\/de4fde9bfbb8-01ced77f77d41700c2c3432983b8637bararatjoyas1924.jpg\"   width=\"1080\" height=\"1800\" loading=\"lazy\" decoding=\"async\" alt=\"Marta S\u00e1nchez y su hija Paula, posando encima de un coche rojo\" fetchpriority=\"auto\" class=\"image ho-image\"\/>\u00a9 Jes\u00fas Cordero<\/p>\n<p class=\"HOLA-TEMAS_5b--PREGUNTA-NEGRITA question-s1\" id=\"eM3x3AJ96X7S\" data-wc=\"11\"><strong>Ahora que est\u00e1s casi en los 60, \u00bfcu\u00e1les son tus prioridades?<\/strong><\/p>\n<p class=\"HOLA-TEMAS_5a--TEXTO-NORMAL answer-s1\" id=\"e-udg2Qkvr8-\" data-wc=\"115\">Mis prioridades son, por supuesto, <strong>el tiempo, el utilizarlo para disfrutar, para ser feliz;\u00a0<\/strong>agradecer todo lo que he tenido en la vida cada d\u00eda que me levanto y me despierto por la ma\u00f1ana&#8230; <strong>El permitir y considerar si algo entra o no en mi vida solamente si me suma forma parte tambi\u00e9n de mi prop\u00f3sito.<\/strong> Ya no tengo tiempo para negatividades o cr\u00edticas con maldad, tengo cierta madurez para descartarlas de mi vida; aunque antes me afectaban ahora ya no lo hacen. <strong>Mi felicidad no depende de la opini\u00f3n externa m\u00e1s que la m\u00eda<\/strong>, sin dejar de aceptar, por supuesto, las cr\u00edticas constructivas y corregir errores, que los sigo cometiendo con casi 60 a\u00f1os.<\/p>\n<p class=\"HOLA-TEMAS_5b--PREGUNTA-NEGRITA question-s1\" id=\"ea0Ot5guKKEb\" data-wc=\"7\"><strong>\u00bfQu\u00e9 etapa empiezas a partir de ahora?<\/strong><\/p>\n<p class=\"HOLA-TEMAS_5a--TEXTO-NORMAL answer-s1\" id=\"e1PTilGL34H0\" data-wc=\"23\">Ahora, como dec\u00eda, <strong>mi tiempo es sagrado, solamente atraer\u00e9 lo que me traiga paz\u00a0<\/strong>y, sobre todo, creo que queda Marta para rato.<\/p>\n","protected":false},"excerpt":{"rendered":"Cuarenta\u00a0a\u00f1os en la m\u00fasica. Y fabulosa.\u00a0Desde que Marta S\u00e1nchez empez\u00f3, en 1985, cuando se uni\u00f3, con 19 a\u00f1os,&hellip;\n","protected":false},"author":2,"featured_media":244295,"comment_status":"","ping_status":"","sticky":false,"template":"","format":"standard","meta":{"footnotes":""},"categories":[170],"tags":[3900,517,3899,146,147,25,24,2426,184,185,23],"class_list":{"0":"post-244294","1":"post","2":"type-post","3":"status-publish","4":"format-standard","5":"has-post-thumbnail","7":"category-musica","8":"tag-hola","9":"tag-actualidad","10":"tag-contenido-sensible","11":"tag-entertainment","12":"tag-entretenimiento","13":"tag-es","14":"tag-espana","15":"tag-marta-sanchez","16":"tag-music","17":"tag-musica","18":"tag-spain"},"share_on_mastodon":{"url":"https:\/\/pubeurope.com\/@es\/115575739350032752","error":""},"_links":{"self":[{"href":"https:\/\/www.europesays.com\/es\/wp-json\/wp\/v2\/posts\/244294","targetHints":{"allow":["GET"]}}],"collection":[{"href":"https:\/\/www.europesays.com\/es\/wp-json\/wp\/v2\/posts"}],"about":[{"href":"https:\/\/www.europesays.com\/es\/wp-json\/wp\/v2\/types\/post"}],"author":[{"embeddable":true,"href":"https:\/\/www.europesays.com\/es\/wp-json\/wp\/v2\/users\/2"}],"replies":[{"embeddable":true,"href":"https:\/\/www.europesays.com\/es\/wp-json\/wp\/v2\/comments?post=244294"}],"version-history":[{"count":0,"href":"https:\/\/www.europesays.com\/es\/wp-json\/wp\/v2\/posts\/244294\/revisions"}],"wp:featuredmedia":[{"embeddable":true,"href":"https:\/\/www.europesays.com\/es\/wp-json\/wp\/v2\/media\/244295"}],"wp:attachment":[{"href":"https:\/\/www.europesays.com\/es\/wp-json\/wp\/v2\/media?parent=244294"}],"wp:term":[{"taxonomy":"category","embeddable":true,"href":"https:\/\/www.europesays.com\/es\/wp-json\/wp\/v2\/categories?post=244294"},{"taxonomy":"post_tag","embeddable":true,"href":"https:\/\/www.europesays.com\/es\/wp-json\/wp\/v2\/tags?post=244294"}],"curies":[{"name":"wp","href":"https:\/\/api.w.org\/{rel}","templated":true}]}}