{"id":244310,"date":"2025-11-19T09:56:11","date_gmt":"2025-11-19T09:56:11","guid":{"rendered":"https:\/\/www.europesays.com\/es\/244310\/"},"modified":"2025-11-19T09:56:11","modified_gmt":"2025-11-19T09:56:11","slug":"la-uco-eleva-a-8-los-investigados-por-el-caso-mascarillas-en-almeria","status":"publish","type":"post","link":"https:\/\/www.europesays.com\/es\/244310\/","title":{"rendered":"La UCO eleva a 8 los investigados por el caso mascarillas en Almer\u00eda"},"content":{"rendered":"<p>La Unidad Central Operativa (UCO) de la Guardia Civil ha elevado a ocho el n\u00famero de personas investigadas en el marco de la operaci\u00f3n abierta este martes por orden del Juzgado de Instrucci\u00f3n 1 de Almer\u00eda en el marco del caso &#8216;Mascarillas&#8217;. Seg\u00fan han concretado fuentes de la investigaci\u00f3n a Rtve, <strong>de esas ocho personas, cinco ser\u00edan detenidos y tres m\u00e1s, investigados<\/strong>. <\/p>\n<p>La nueva cifra se conoce despu\u00e9s de que este martes se produjesen las detenciones del presidente de la Diputaci\u00f3n de Almer\u00eda, <strong>Javier Aureliano Garc\u00eda<\/strong>, del vicepresidente<strong> Fernando Gim\u00e9nez <\/strong>y del alcalde de Fines (Almer\u00eda), <strong>Rodrigo S\u00e1nchez<\/strong>, todos ellos del PP. Tambi\u00e9n fueron detenidos un t\u00e9cnico de Obras P\u00fablicas, el hijo del alcalde de Fines y dos empresarios.<\/p>\n<p>Por otra parte, contin\u00faan los registros que comenzaron el martes en diez inmuebles, incluidos el Palacio Provincial y dependencias de Infraestructura Urbana. Esos registros se se prolongaron a lo largo de m\u00e1s de diez horas y contaron con la direcci\u00f3n, entre otros, del teniente coronel jefe del Departamento de Delincuencia Econ\u00f3mica y Anticorrupci\u00f3n de la UCO, Antonio Balas.<\/p>\n<p>Acusados de cohecho, malversaci\u00f3n y blanqueo de capitales<\/p>\n<p>Seg\u00fan el auto que autoriz\u00f3 los registros, la investigaci\u00f3n mantiene sospechas fundadas de delitos de <strong>cohecho, malversaci\u00f3n y blanqueo de capitales<\/strong>, y analiza si los implicados facilitaron adjudicaciones irregulares desde la Diputaci\u00f3n y el Ayuntamiento de Fines a empresas a cambio de comisiones.<\/p>\n<p>Los detenidos ser\u00e1n puestos previsiblemente a disposici\u00f3n judicial este jueves, mientras la Diputaci\u00f3n mantiene la colaboraci\u00f3n con las diligencias y el PP andaluz ha aplicado la suspensi\u00f3n cautelar de militancia a los cargos afectados.<\/p>\n<p>El Gobierno pide al PP explicaciones sobre la Diputaci\u00f3n de Almer\u00eda<\/p>\n<p>El asunto se ha colado en la sesi\u00f3n de control al ejecutivo, donde <strong>Mar\u00eda Jes\u00fas Montero<\/strong> ha pedido al Partido Popular explicaciones \u00abde qu\u00e9 ha ocurrido en la diputaci\u00f3n de Almer\u00eda, donde llevan siempre usando el mismo modus operandi\u00bb.  La vicepresidenta primera y Ministra de Hacienda, ha echado en falta la pregunta que le suelen formular los andaluces El\u00edas Bendodo o Juan Bravo, y lo ha relacionado con lo sucedido en Almer\u00eda, \u00abEs curioso que en la ma\u00f1ana de hoy no me pregunte ning\u00fan diputado del PP de Andaluc\u00eda \u00bfpor qu\u00e9?\u00bb. <\/p>\n<p>Se defend\u00eda as\u00ed de los ataques del PP por el caso que mantiene en la c\u00e1rcel al exsecretario de Organizaci\u00f3n del PSOE Santos Cerd\u00e1n y el \u00faltimo informe de la Unidad Central Operativa (UCO) de la Guardia Civil seg\u00fan el cual la empresa Servinabar, vinculada a Cerd\u00e1n, se quedaba con el 2% de los contratos que se adjudicaban a Acciona.<\/p>\n<p>Mar\u00eda Jes\u00fas Montero ha criticado adem\u00e1s que el presidente de la Junta de Andaluc\u00eda, Juanma Moreno, no haya dado explicaciones de lo que est\u00e1 ocurriendo y haya dicho que \u00abno conoc\u00eda nada de ese caso y que no le cog\u00edan el tel\u00e9fono en Almer\u00eda\u00bb. Y recuerda al Partido Popular que lo que sucedi\u00f3 este martes en Almer\u00eda no fue una \u00abretenci\u00f3n\u00bb sino una \u00abdetenci\u00f3n\u00bb.<\/p>\n","protected":false},"excerpt":{"rendered":"La Unidad Central Operativa (UCO) de la Guardia Civil ha elevado a ocho el n\u00famero de personas investigadas&hellip;\n","protected":false},"author":2,"featured_media":244311,"comment_status":"","ping_status":"","sticky":false,"template":"","format":"standard","meta":{"footnotes":""},"categories":[8],"tags":[17,18,25,24,13,14,11,19,20,9,10,15,16,23,12,21,22],"class_list":{"0":"post-244310","1":"post","2":"type-post","3":"status-publish","4":"format-standard","5":"has-post-thumbnail","7":"category-espana","8":"tag-breaking-news","9":"tag-breakingnews","10":"tag-es","11":"tag-espana","12":"tag-featured-news","13":"tag-featurednews","14":"tag-headlines","15":"tag-latest-news","16":"tag-latestnews","17":"tag-news","18":"tag-noticias","19":"tag-noticias-destacadas","20":"tag-noticiasdestacadas","21":"tag-spain","22":"tag-titulares","23":"tag-ultimas-noticias","24":"tag-ultimasnoticias"},"share_on_mastodon":{"url":"https:\/\/pubeurope.com\/@es\/115575769357560302","error":""},"_links":{"self":[{"href":"https:\/\/www.europesays.com\/es\/wp-json\/wp\/v2\/posts\/244310","targetHints":{"allow":["GET"]}}],"collection":[{"href":"https:\/\/www.europesays.com\/es\/wp-json\/wp\/v2\/posts"}],"about":[{"href":"https:\/\/www.europesays.com\/es\/wp-json\/wp\/v2\/types\/post"}],"author":[{"embeddable":true,"href":"https:\/\/www.europesays.com\/es\/wp-json\/wp\/v2\/users\/2"}],"replies":[{"embeddable":true,"href":"https:\/\/www.europesays.com\/es\/wp-json\/wp\/v2\/comments?post=244310"}],"version-history":[{"count":0,"href":"https:\/\/www.europesays.com\/es\/wp-json\/wp\/v2\/posts\/244310\/revisions"}],"wp:featuredmedia":[{"embeddable":true,"href":"https:\/\/www.europesays.com\/es\/wp-json\/wp\/v2\/media\/244311"}],"wp:attachment":[{"href":"https:\/\/www.europesays.com\/es\/wp-json\/wp\/v2\/media?parent=244310"}],"wp:term":[{"taxonomy":"category","embeddable":true,"href":"https:\/\/www.europesays.com\/es\/wp-json\/wp\/v2\/categories?post=244310"},{"taxonomy":"post_tag","embeddable":true,"href":"https:\/\/www.europesays.com\/es\/wp-json\/wp\/v2\/tags?post=244310"}],"curies":[{"name":"wp","href":"https:\/\/api.w.org\/{rel}","templated":true}]}}