{"id":244312,"date":"2025-11-19T09:57:52","date_gmt":"2025-11-19T09:57:52","guid":{"rendered":"https:\/\/www.europesays.com\/es\/244312\/"},"modified":"2025-11-19T09:57:52","modified_gmt":"2025-11-19T09:57:52","slug":"primeros-listados-definitivos-del-proceso-excepcional-de-2023-carrera-profesional-del-sas","status":"publish","type":"post","link":"https:\/\/www.europesays.com\/es\/244312\/","title":{"rendered":"Primeros listados definitivos del proceso excepcional de 2023 Carrera Profesional del SAS"},"content":{"rendered":"<p>El Bolet\u00edn Oficial de la Junta de Andaluc\u00eda (BOJA), de 18 de noviembre de 2025, ha publicado la resoluci\u00f3n que aprueba el <strong>primer listado definitivo de profesionales certificados en el Proceso Excepcional de Certificaci\u00f3n de 2023<\/strong> de Carrera Profesional del Servicio Andaluz de Salud (SAS).<\/p>\n<p>Las <strong>solicitudes de participaci\u00f3n fueron presentadas desde el 14 de septiembre de 2023 hasta el 14 de octubre de 2023<\/strong>, ambos inclusive. En dicho listado se han tenido en consideraci\u00f3n, en su caso, las alegaciones formuladas contra el listado provisional por las personas que figuran en el listado que aprueba la presente resoluci\u00f3n.<\/p>\n<p>En las listas <strong>consta la categor\u00eda y el nivel de Carrera Profesional asignado a los profesionales certificados definitivamente<\/strong> en este Proceso Excepcional de Certificaci\u00f3n de 2023. Los\/las profesionales que han solicitado un nivel de Carrera para el que no re\u00fanen los requisitos exigidos, y que pudieran certificarse en alg\u00fan nivel inferior al mismo, figuran en el listado con el nivel de carrera reconocido y con alguna de las causas de no certificaci\u00f3n que imposibilita el acceso al nivel solicitado, por incurrir en alguno de los motivos que se detallan en el anexo que forma parte de esta resoluci\u00f3n.<\/p>\n<p><strong>Aquellos profesionales que han incurrido en error material<\/strong> en la solicitud de este proceso, pero re\u00fanen los requisitos exigidos en el proceso excepcional de ponderaci\u00f3n convocado mediante la misma Resoluci\u00f3n de 21 de julio de 2023,<strong> han sido valorados de conformidad al proceso correspondiente seg\u00fan el cumplimiento de sus requisitos y as\u00ed se indica en los listados.<\/strong><\/p>\n<p>La resoluci\u00f3n y los listados se encuentran publicados en la web del SAS y pueden consultarse en los siguientes enlaces:<\/p>\n<p>               Efectos de la certificaci\u00f3n<\/p>\n<p>La fecha de efectos de la certificaci\u00f3n depender\u00e1 del proceso en el que cada profesional haya sido encuadrado, seg\u00fan el cumplimiento de los requisitos exigidos:<\/p>\n<ul>\n<li>Para los profesionales que reunieran los requisitos en el per\u00edodo correspondiente al Segundo Proceso Permanente de Certificaci\u00f3n de 2022, <strong>la fecha de efectos ser\u00e1 el 1 de enero de 2023.<\/strong><\/li>\n<li>Para el personal que reuniera los requisitos dentro del plazo correspondiente al Primer Proceso Permanente de 2023, los <strong>efectos de la certificaci\u00f3n ser\u00e1n el 1 de julio de 2023.<\/strong><\/li>\n<li>Aquellos profesionales que han sido <strong>encuadrados dentro del primer proceso de 2023<\/strong> figuran en los listados con fecha de <strong>efectos 1 de julio de 2023. <\/strong><\/li>\n<li><strong>El resto de profesionales en los que no se especifica <\/strong>fecha de efectos se entender\u00e1n <strong>encuadrados dentro del Segundo Proceso Permanente de 2022<\/strong>, siendo sus efectos el <strong>1 de enero de 2023.<\/strong><\/li>\n<\/ul>\n<p>               Recurso<\/p>\n<p><strong>S\u00f3lo los profesionales que figuran en estos primeros listados<\/strong> definitivos <strong>podr\u00e1n interponer recurso potestativo de reposici\u00f3n <\/strong>ante la \u00a0Direcci\u00f3n General de Personal en el plazo de un mes desde el d\u00eda siguiente de su publicaci\u00f3n, as\u00ed como recurso contencioso-administrativo en el plazo de dos meses contados desde el d\u00eda siguiente al de la presente publicaci\u00f3n, ante el \u00f3rgano jurisdiccional competente.<\/p>\n<p>Y es que el Sindicato de Enfermer\u00eda recuerda que, tal y como ya adelant\u00f3 la semana pasada, <strong>estos listados recogen s\u00f3lo los profesionales certificados <\/strong>y es el primero de varios que se publicar\u00e1n relativos a este proceso excepcional. Una vez revisados todos los casos, se publicar\u00e1n unos segundos listados definitivos con efectos retroactivos, manteniendo la misma fecha de abono que los actuales.<\/p>\n<p>En caso de dudas o de necesitar m\u00e1s informaci\u00f3n, acude a tu delegado\/a sindical o sede provincial del Sindicato de Enfermer\u00eda.<br \/>\u00a0<\/p>\n","protected":false},"excerpt":{"rendered":"El Bolet\u00edn Oficial de la Junta de Andaluc\u00eda (BOJA), de 18 de noviembre de 2025, ha publicado la&hellip;\n","protected":false},"author":2,"featured_media":244313,"comment_status":"","ping_status":"","sticky":false,"template":"","format":"standard","meta":{"footnotes":""},"categories":[5],"tags":[17,18,25,24,13,14,11,19,20,9,10,15,16,23,12,21,22],"class_list":{"0":"post-244312","1":"post","2":"type-post","3":"status-publish","4":"format-standard","5":"has-post-thumbnail","7":"category-titulares","8":"tag-breaking-news","9":"tag-breakingnews","10":"tag-es","11":"tag-espana","12":"tag-featured-news","13":"tag-featurednews","14":"tag-headlines","15":"tag-latest-news","16":"tag-latestnews","17":"tag-news","18":"tag-noticias","19":"tag-noticias-destacadas","20":"tag-noticiasdestacadas","21":"tag-spain","22":"tag-titulares","23":"tag-ultimas-noticias","24":"tag-ultimasnoticias"},"share_on_mastodon":{"url":"https:\/\/pubeurope.com\/@es\/115575777063990234","error":""},"_links":{"self":[{"href":"https:\/\/www.europesays.com\/es\/wp-json\/wp\/v2\/posts\/244312","targetHints":{"allow":["GET"]}}],"collection":[{"href":"https:\/\/www.europesays.com\/es\/wp-json\/wp\/v2\/posts"}],"about":[{"href":"https:\/\/www.europesays.com\/es\/wp-json\/wp\/v2\/types\/post"}],"author":[{"embeddable":true,"href":"https:\/\/www.europesays.com\/es\/wp-json\/wp\/v2\/users\/2"}],"replies":[{"embeddable":true,"href":"https:\/\/www.europesays.com\/es\/wp-json\/wp\/v2\/comments?post=244312"}],"version-history":[{"count":0,"href":"https:\/\/www.europesays.com\/es\/wp-json\/wp\/v2\/posts\/244312\/revisions"}],"wp:featuredmedia":[{"embeddable":true,"href":"https:\/\/www.europesays.com\/es\/wp-json\/wp\/v2\/media\/244313"}],"wp:attachment":[{"href":"https:\/\/www.europesays.com\/es\/wp-json\/wp\/v2\/media?parent=244312"}],"wp:term":[{"taxonomy":"category","embeddable":true,"href":"https:\/\/www.europesays.com\/es\/wp-json\/wp\/v2\/categories?post=244312"},{"taxonomy":"post_tag","embeddable":true,"href":"https:\/\/www.europesays.com\/es\/wp-json\/wp\/v2\/tags?post=244312"}],"curies":[{"name":"wp","href":"https:\/\/api.w.org\/{rel}","templated":true}]}}