{"id":244316,"date":"2025-11-19T10:03:07","date_gmt":"2025-11-19T10:03:07","guid":{"rendered":"https:\/\/www.europesays.com\/es\/244316\/"},"modified":"2025-11-19T10:03:07","modified_gmt":"2025-11-19T10:03:07","slug":"mario-cipollini-hospitalizado-tras-una-afeccion-cardiaca","status":"publish","type":"post","link":"https:\/\/www.europesays.com\/es\/244316\/","title":{"rendered":"Mario Cipollini, hospitalizado tras una afecci\u00f3n cardiaca"},"content":{"rendered":"<p class=\"\"><b>El ciclista italiano Mario Cipollini, de 58 a\u00f1os,<\/b> se recupera de una intervenci\u00f3n cardiaca a la que fue sometido este martes para subsanar los recientes problemas de coraz\u00f3n que ha sufrido \u2018S\u00faper Mario\u2019 en los \u00faltimos a\u00f1os.<\/p>\n<p class=\"\">Cipollini, el \u2018Rey Le\u00f3n\u2019 del ciclismo con sus 163 victorias como profesional, 42 de ellas en etapas del Giro de Italia y un t\u00edtulo mundial en 2002, <b>fue intervenido este martes en el Hospital de Torrette, en Ancona, en una operaci\u00f3n realizada por el doctor Antonio Dello Russo<\/b> y en el que a Cipollini se le implant\u00f3 un desfibrilador subcut\u00e1neo para evitar sustos mayores en el futuro. <\/p>\n<p class=\"\">Una operaci\u00f3n programada que el propio Cipollini explicaba de esta forma en redes sociales antes someterse a esta intervenci\u00f3n. <b>\u201cAqu\u00ed estamos de nuevo, dispuesto a luchar. Mi coraz\u00f3n sigue dando problemas.<\/b> El a\u00f1o pasado me operaron por \u00faltima vez y ahora tengo un peque\u00f1o dispositivo cerca del coraz\u00f3n que controla mi estado cardiaco e indic\u00f3 que algo ha salido mal en este periodo. Me llamaron para que estuviera alerta y<b> me dijeron que quiz\u00e1s deba implantarme un desfibrilador subcut\u00e1neo.<\/b> Estoy en manos de profesionales altamente capacitados\u201d<\/p>\n<p class=\"\">Horas despu\u00e9s de la intervenci\u00f3n, el propio Cipollini subi\u00f3 un nuevo v\u00eddeo en el que quiso tranquilizar a los aficionados, asegurando que toda la operaci\u00f3n sali\u00f3 bien.<b> \u201cLes agradezco con todo mi coraz\u00f3n (aunque est\u00e9 enfermo) su cercan\u00eda y cari\u00f1o. Quer\u00eda hacer este v\u00eddeo para responder a todos los mensajes que recib\u00ed<\/b>, ya que no pod\u00eda escribiros a todos. Ma\u00f1ana (por este mi\u00e9rcoles) os contar\u00e9 con m\u00e1s claridad lo que me ha pasado hoy. Ha sido una jornada complicada. No estoy en condiciones de explicaros qu\u00e9 fue lo que pas\u00f3, pero os quer\u00eda decir que est\u00e9is tranquilos y que todo ha salido bien\u201d.<\/p>\n<p>Noticias relacionadas<\/p>\n<p class=\"\"><b>\u00a1Tus opiniones importan!<\/b> Comenta en los art\u00edculos y suscr\u00edbete gratis a nuestra <a href=\"https:\/\/asfan.as.com\/newsletters\/\" target=\"_blank\" rel=\"nofollow noopener\" title=\"https:\/\/asfan.as.com\/newsletters\/\">newsletter<\/a> y a las alertas informativas en la <a href=\"https:\/\/as.com\/aplicacion-de-as-n\/\" target=\"_blank\" rel=\"nofollow noopener\" title=\"https:\/\/as.com\/aplicacion-de-as-n\/\">App<\/a> o el canal de <a href=\"https:\/\/www.whatsapp.com\/channel\/0029VaAasdA7j6g745nz9M10\" target=\"_blank\" rel=\"nofollow noopener\" title=\"https:\/\/www.whatsapp.com\/channel\/0029VaAasdA7j6g745nz9M10\">WhatsApp<\/a>.<\/p>\n<p class=\"\">\u00bfBuscas licenciar contenido? Haz clic <a href=\"https:\/\/profesional.elpais.com\/soluciones-sindicacion?utm_medium=interno&amp;utm_source=crosslinking&amp;utm_campaign=sindicacion_as_pie_articulos\" target=\"_blank\" rel=\"nofollow noopener\" title=\"https:\/\/profesional.elpais.com\/soluciones-sindicacion?utm_medium=interno&amp;utm_source=crosslinking&amp;utm_campaign=sindicacion_as_pie_articulos\">aqu\u00ed<\/a><\/p>\n","protected":false},"excerpt":{"rendered":"El ciclista italiano Mario Cipollini, de 58 a\u00f1os, se recupera de una intervenci\u00f3n cardiaca a la que fue&hellip;\n","protected":false},"author":2,"featured_media":244317,"comment_status":"","ping_status":"","sticky":false,"template":"","format":"standard","meta":{"footnotes":""},"categories":[273],"tags":[313,312,168,25,24,23,167],"class_list":{"0":"post-244316","1":"post","2":"type-post","3":"status-publish","4":"format-standard","5":"has-post-thumbnail","7":"category-ciclismo","8":"tag-ciclismo","9":"tag-cycling","10":"tag-deportes","11":"tag-es","12":"tag-espana","13":"tag-spain","14":"tag-sports"},"share_on_mastodon":{"url":"https:\/\/pubeurope.com\/@es\/115575796730516380","error":""},"_links":{"self":[{"href":"https:\/\/www.europesays.com\/es\/wp-json\/wp\/v2\/posts\/244316","targetHints":{"allow":["GET"]}}],"collection":[{"href":"https:\/\/www.europesays.com\/es\/wp-json\/wp\/v2\/posts"}],"about":[{"href":"https:\/\/www.europesays.com\/es\/wp-json\/wp\/v2\/types\/post"}],"author":[{"embeddable":true,"href":"https:\/\/www.europesays.com\/es\/wp-json\/wp\/v2\/users\/2"}],"replies":[{"embeddable":true,"href":"https:\/\/www.europesays.com\/es\/wp-json\/wp\/v2\/comments?post=244316"}],"version-history":[{"count":0,"href":"https:\/\/www.europesays.com\/es\/wp-json\/wp\/v2\/posts\/244316\/revisions"}],"wp:featuredmedia":[{"embeddable":true,"href":"https:\/\/www.europesays.com\/es\/wp-json\/wp\/v2\/media\/244317"}],"wp:attachment":[{"href":"https:\/\/www.europesays.com\/es\/wp-json\/wp\/v2\/media?parent=244316"}],"wp:term":[{"taxonomy":"category","embeddable":true,"href":"https:\/\/www.europesays.com\/es\/wp-json\/wp\/v2\/categories?post=244316"},{"taxonomy":"post_tag","embeddable":true,"href":"https:\/\/www.europesays.com\/es\/wp-json\/wp\/v2\/tags?post=244316"}],"curies":[{"name":"wp","href":"https:\/\/api.w.org\/{rel}","templated":true}]}}