{"id":244318,"date":"2025-11-19T10:05:11","date_gmt":"2025-11-19T10:05:11","guid":{"rendered":"https:\/\/www.europesays.com\/es\/244318\/"},"modified":"2025-11-19T10:05:11","modified_gmt":"2025-11-19T10:05:11","slug":"lebron-james-debuta-en-su-temporada-numero-23-en-la-nba","status":"publish","type":"post","link":"https:\/\/www.europesays.com\/es\/244318\/","title":{"rendered":"LeBron James debuta en su temporada n\u00famero 23 en la NBA"},"content":{"rendered":"<p class=\"ft-text\"><strong>LeBron James debut\u00f3 este mi\u00e9rcoles en la presente temporada, su octava en Los \u00c1ngeles y la n\u00famero 23 de su carrera en la NBA, tras perderse los primeros 14 partidos por una lesi\u00f3n en el nervio ci\u00e1tico. <\/strong>James, de 40 a\u00f1os, hizo su esperado debut como titular en un duelo frente a los Utah Jazz que se disputa en Crypto.com Arena de Los \u00c1ngeles.<\/p>\n<p class=\"ft-text\">Es el primer jugador en la historia de la NBA en disputar 23 temporadas. En su ausencia,<strong> los Lakers han protagonizado un s\u00f3lido inicio de temporada con un balance de 10-4, con Luka Doncic promediando 34,9 puntos, 8,9 rebotes y 8,9 asistencias por partido.<\/strong><\/p>\n<p class=\"ft-text\"><strong>Esta es la \u00faltima temporada que James tiene en su contrato con los Lakers y, aunque no lo ha hecho oficial, todo apunta a que ser\u00e1 la de su retirada. <\/strong><\/p>\n<p><img decoding=\"async\" src=\"https:\/\/www.europesays.com\/es\/wp-content\/uploads\/2025\/11\/05fe78fb-3055-4efc-920f-9740f79ff44d_alta-libre-aspect-ratio_default_0.jpg\" width=\"1200\" height=\"675\" alt=\"As\u00ed luce LeBron James con 40 a\u00f1os cumplidos\" class=\"ft-helper-img-rd\" loading=\"lazy\"\/><\/p>\n<p class=\"ft-helper-fontColor-quaternary ft-helper-fontSize-body-S ft-helper-spacer-t-xxs\">As\u00ed luce LeBron James con 40 a\u00f1os cumplidos  \/ AP<\/p>\n<p class=\"ft-text\">El cuatro veces campe\u00f3n de la NBA, cuatro veces &#8216;MVP&#8217; y 21 veces &#8216;All-Star&#8217;, pr\u00e1cticamente ha renunciado a los premios individuales de final de temporada, ya que<strong> solo podr\u00eda perderse tres partidos de aqu\u00ed a abril para alcanzar el m\u00ednimo de 65.<\/strong><\/p>\n","protected":false},"excerpt":{"rendered":"LeBron James debut\u00f3 este mi\u00e9rcoles en la presente temporada, su octava en Los \u00c1ngeles y la n\u00famero 23&hellip;\n","protected":false},"author":2,"featured_media":244319,"comment_status":"","ping_status":"","sticky":false,"template":"","format":"standard","meta":{"footnotes":""},"categories":[269],"tags":[299,298,168,25,24,10594,1725,23,167],"class_list":{"0":"post-244318","1":"post","2":"type-post","3":"status-publish","4":"format-standard","5":"has-post-thumbnail","7":"category-baloncesto","8":"tag-baloncesto","9":"tag-basketball","10":"tag-deportes","11":"tag-es","12":"tag-espana","13":"tag-lebron","14":"tag-nba","15":"tag-spain","16":"tag-sports"},"share_on_mastodon":{"url":"https:\/\/pubeurope.com\/@es\/115575804980340430","error":""},"_links":{"self":[{"href":"https:\/\/www.europesays.com\/es\/wp-json\/wp\/v2\/posts\/244318","targetHints":{"allow":["GET"]}}],"collection":[{"href":"https:\/\/www.europesays.com\/es\/wp-json\/wp\/v2\/posts"}],"about":[{"href":"https:\/\/www.europesays.com\/es\/wp-json\/wp\/v2\/types\/post"}],"author":[{"embeddable":true,"href":"https:\/\/www.europesays.com\/es\/wp-json\/wp\/v2\/users\/2"}],"replies":[{"embeddable":true,"href":"https:\/\/www.europesays.com\/es\/wp-json\/wp\/v2\/comments?post=244318"}],"version-history":[{"count":0,"href":"https:\/\/www.europesays.com\/es\/wp-json\/wp\/v2\/posts\/244318\/revisions"}],"wp:featuredmedia":[{"embeddable":true,"href":"https:\/\/www.europesays.com\/es\/wp-json\/wp\/v2\/media\/244319"}],"wp:attachment":[{"href":"https:\/\/www.europesays.com\/es\/wp-json\/wp\/v2\/media?parent=244318"}],"wp:term":[{"taxonomy":"category","embeddable":true,"href":"https:\/\/www.europesays.com\/es\/wp-json\/wp\/v2\/categories?post=244318"},{"taxonomy":"post_tag","embeddable":true,"href":"https:\/\/www.europesays.com\/es\/wp-json\/wp\/v2\/tags?post=244318"}],"curies":[{"name":"wp","href":"https:\/\/api.w.org\/{rel}","templated":true}]}}