{"id":244324,"date":"2025-11-19T10:08:15","date_gmt":"2025-11-19T10:08:15","guid":{"rendered":"https:\/\/www.europesays.com\/es\/244324\/"},"modified":"2025-11-19T10:08:15","modified_gmt":"2025-11-19T10:08:15","slug":"elena-ochoa-la-espanola-con-la-que-norman-foster-comparte-su-vida-desde-hace-30-anos","status":"publish","type":"post","link":"https:\/\/www.europesays.com\/es\/244324\/","title":{"rendered":"Elena Ochoa, la espa\u00f1ola con la que Norman Foster comparte su vida desde hace 30 a\u00f1os"},"content":{"rendered":"<p class=\"paragraph\">La <b>Universidad Aut\u00f3noma de Madrid <\/b>ha investido a <b>Norman Foster<\/b>, con 90 a\u00f1os, como doctor honoris causa, un reconocimiento que encaja casi de manera natural en la trayectoria de uno de los arquitectos m\u00e1s influyentes del \u00faltimo siglo.<\/p>\n<p class=\"paragraph\">Pero, m\u00e1s all\u00e1 de los discursos solemnes y del prestigio acad\u00e9mico, el galard\u00f3n permite volver la mirada hacia la vida del creador del estudio<b> Foster + Partners <\/b>y, sobre todo, hacia la mujer que lo acompa\u00f1a desde hace casi tres d\u00e9cadas: <b>Elena Ochoa<\/b>, de 67 a\u00f1os, la espa\u00f1ola que pas\u00f3 de hablar de sexo en televisi\u00f3n a convertirse en una figura clave del arte contempor\u00e1neo internacional.<\/p>\n<p class=\"paragraph\">Foster, nacido en Manchester en 1935, tiene un curr\u00edculum tan amplio como sus horizontes: aeropuertos gigantes, museos de referencia, la<b> reconstrucci\u00f3n del Reichstag<\/b>, la <b>Torre Hearst<\/b> o el metro de Bilbao. Su arquitectura, siempre asociada a innovaci\u00f3n, luz y escala colosal, ha redefinido las grandes ciudades del mundo. Y mientras sigue proyectando la ampliaci\u00f3n del <b>Museo del Prado <\/b>o el futuro de la <b>Cl\u00ednica Mayo<\/b>, su vida privada, discret\u00edsima, transcurre desde hace a\u00f1os en un \u00e1tico frente al T\u00e1mesis, dise\u00f1ado, por supuesto, por \u00e9l mismo.<\/p>\n<p class=\"paragraph\">All\u00ed vive junto a<b> Elena Ochoa Foster<\/b>, y aqu\u00ed es donde la historia se vuelve fascinante. Porque antes de convertirse en lady Foster, Elena era, literalmente, la mujer que consigui\u00f3 que Espa\u00f1a hablara de sexo sin bajar la mirada. En los noventa apareci\u00f3 en TVE al frente de <b>Hablemos de sexo<\/b>, un programa revolucionario en el que abordaba temas como la homosexualidad, la educaci\u00f3n afectiva o los tab\u00faes \u00edntimos con una naturalidad que desconcert\u00f3 a medio pa\u00eds.<\/p>\n<p class=\"paragraph\">La sensualidad de la puesta en escena contrastaba con su rigor acad\u00e9mico: nacida en<b> Puebla de Trives<\/b>, un peque\u00f1o municipio de Orense, Elena era <b>psic\u00f3loga cl\u00ednica<\/b>, profesora universitaria, seria, brillante y con una trayectoria acad\u00e9mica impecable. Durante m\u00e1s de veinte a\u00f1os desempe\u00f1\u00f3 el cargo de <b>profesora titular de Psicopatolog\u00eda<\/b> en la Universidad Complutense de Madrid y, hasta 2001, fue profesora honoraria del <b>King\u2019s College de Londres<\/b>, donde comenz\u00f3 el cap\u00edtulo m\u00e1s decisivo de su vida.<\/p>\n<p class=\"paragraph\">\u00abTuve que trabajar el doble para mantener mi carrera\u00bb, ha dicho alguna vez, consciente de que la televisi\u00f3n la convirti\u00f3, de golpe, en un rostro reconocible. Por eso, cuando sinti\u00f3 que necesitaba recuperar su anonimato profesional, acept\u00f3 una propuesta del King\u2019s College de Londres. Ese cambio de aires, que parec\u00eda provisional, termin\u00f3 siendo el giro definitivo de su vida. Londres la devolvi\u00f3 a los libros, a la investigaci\u00f3n, y sobre todo la puso frente a Foster.<\/p>\n<p class=\"c-detail__media__subtitle composite_image\">\n<p>        Elena Ochoa y Norman FosterGTRES<\/p>\n<p class=\"paragraph\">Se conocieron en los<b> pasillos universitarios <\/b>en los a\u00f1os noventa. \u00c9l, ya un arquitecto consagrado; ella, reci\u00e9n separada del escritor <b>Luis Racionero<\/b>. Los veintitr\u00e9s a\u00f1os de diferencia se diluyeron en cuanto descubrieron sus afinidades: arte, pensamiento, ciudades, belleza. \u00abDec\u00eda Picasso que quien es joven, siempre es joven\u00bb, suele repetir ella al hablar de su relaci\u00f3n. Tres a\u00f1os despu\u00e9s del primer encuentro se casaron en una ceremonia \u00edntima con solo seis personas. M\u00e1s tarde organizaron una celebraci\u00f3n mayor, pero siempre lejos del foco.<\/p>\n<p class=\"paragraph\">Desde entonces han construido una vida conjunta en la que la cultura marca el ritmo de todo. Ella dej\u00f3 de ser \u00abla de la tele\u00bb para convertirse en curadora internacional, directora de <b>Ivorypress<\/b>, editora de libros de arte y promotora de proyectos que combinan arquitectura, fotograf\u00eda y pensamiento. \u00c9l sigui\u00f3 creando edificios ic\u00f3nicos. Y juntos formaron una familia s\u00f3lida con dos hijos, <b>Paola <\/b>y <b>Eduardo<\/b>, que crecieron entre <b>planos<\/b>, <b>literaturab m\u00fasica, chino, solfeo y debates intelectuales<\/b> alrededor de la mesa. En casa, la creatividad no es un privilegio, es una rutina.<\/p>\n<p class=\"paragraph\">Aun as\u00ed, Elena conserva un punto de lucidez que la aleja de los t\u00f3picos de la vida perfecta. \u00abLa felicidad como estado constante es una imbecilidad\u00bb, dijo una vez citando a <b>V\u00e1zquez Montalb\u00e1n<\/b>. \u00abLa felicidad es la tranquilidad, la paz contigo mismo\u00bb. Y quiz\u00e1 por eso su pareja funciona: porque, bajo el brillo del lujo y las vistas al T\u00e1mesis, hay dos personas que eligieron la serenidad como forma de vida.<\/p>\n","protected":false},"excerpt":{"rendered":"La Universidad Aut\u00f3noma de Madrid ha investido a Norman Foster, con 90 a\u00f1os, como doctor honoris causa, un&hellip;\n","protected":false},"author":2,"featured_media":244325,"comment_status":"","ping_status":"","sticky":false,"template":"","format":"standard","meta":{"footnotes":""},"categories":[173],"tags":[229,233,231,230,232,234,146,147,25,24,23],"class_list":{"0":"post-244324","1":"post","2":"type-post","3":"status-publish","4":"format-standard","5":"has-post-thumbnail","7":"category-arte-y-diseno","8":"tag-arte","9":"tag-arte-y-diseno","10":"tag-arts","11":"tag-arts-and-design","12":"tag-design","13":"tag-diseno","14":"tag-entertainment","15":"tag-entretenimiento","16":"tag-es","17":"tag-espana","18":"tag-spain"},"share_on_mastodon":{"url":"https:\/\/pubeurope.com\/@es\/115575816398925078","error":""},"_links":{"self":[{"href":"https:\/\/www.europesays.com\/es\/wp-json\/wp\/v2\/posts\/244324","targetHints":{"allow":["GET"]}}],"collection":[{"href":"https:\/\/www.europesays.com\/es\/wp-json\/wp\/v2\/posts"}],"about":[{"href":"https:\/\/www.europesays.com\/es\/wp-json\/wp\/v2\/types\/post"}],"author":[{"embeddable":true,"href":"https:\/\/www.europesays.com\/es\/wp-json\/wp\/v2\/users\/2"}],"replies":[{"embeddable":true,"href":"https:\/\/www.europesays.com\/es\/wp-json\/wp\/v2\/comments?post=244324"}],"version-history":[{"count":0,"href":"https:\/\/www.europesays.com\/es\/wp-json\/wp\/v2\/posts\/244324\/revisions"}],"wp:featuredmedia":[{"embeddable":true,"href":"https:\/\/www.europesays.com\/es\/wp-json\/wp\/v2\/media\/244325"}],"wp:attachment":[{"href":"https:\/\/www.europesays.com\/es\/wp-json\/wp\/v2\/media?parent=244324"}],"wp:term":[{"taxonomy":"category","embeddable":true,"href":"https:\/\/www.europesays.com\/es\/wp-json\/wp\/v2\/categories?post=244324"},{"taxonomy":"post_tag","embeddable":true,"href":"https:\/\/www.europesays.com\/es\/wp-json\/wp\/v2\/tags?post=244324"}],"curies":[{"name":"wp","href":"https:\/\/api.w.org\/{rel}","templated":true}]}}