{"id":244329,"date":"2025-11-19T10:12:12","date_gmt":"2025-11-19T10:12:12","guid":{"rendered":"https:\/\/www.europesays.com\/es\/244329\/"},"modified":"2025-11-19T10:12:12","modified_gmt":"2025-11-19T10:12:12","slug":"el-detalle-de-daniel-radcliffe-hacia-el-nuevo-harry-potter-solo-quiero-darle-un-abrazo","status":"publish","type":"post","link":"https:\/\/www.europesays.com\/es\/244329\/","title":{"rendered":"El detalle de Daniel Radcliffe hacia el nuevo Harry Potter: \u201cSolo quiero darle un abrazo\u201d"},"content":{"rendered":"<p class=\"\">El nombre de Daniel Radcliffe siempre estar\u00e1 vinculado al m\u00e1gico mundo de Hogwarts por su emblem\u00e1tico papel como Harry Potter en las adaptaciones cinematogr\u00e1ficas de las exitosas novelas escritas por J.K. Rowling. Ahora que <b>HBO Max est\u00e1 desarrollando una nueva versi\u00f3n en formato serial <\/b>de la mano de los j\u00f3venes actores <b>Dominic McLaughlin, Arabella Stanton y Alastair Stout<\/b>, el int\u00e9rprete ha recordado su experiencia dentro de la popular franquicia y ha afirmado que ha contactado con su sucesor en el personaje de \u201cEl ni\u00f1o que vivi\u00f3\u201d: \u201cNo dir\u00eda que cualquiera que vaya a interpretar a Harry tenga que contactarme, pero conozco a algunas personas que trabajan en la producci\u00f3n\u201d, confes\u00f3 Radcliffe en el programa \u2018Good Morning America\u2019. \u201c<b>Escrib\u00ed a Dominic, le envi\u00e9 una carta. <\/b>\u00c9l me respondi\u00f3 con una nota muy amable\u201d.<\/p>\n<p><img decoding=\"async\" src=\"https:\/\/www.europesays.com\/es\/wp-content\/uploads\/2025\/11\/7XMHPB6B7JFR7G43ZDNXDTWOEM.jpg\" alt=\"El detalle de Daniel Radcliffe hacia el nuevo Harry Potter: \u201cSolo quiero darle un abrazo\u201d\" height=\"720\" width=\"540\"   loading=\"lazy\"\/><b>Daniel Radcliffe sobre el nuevo elenco de Harry Potter<\/b><\/p>\n<p class=\"\">\u201cNo quiero ser una sombra en la vida de estos ni\u00f1os, pero solo quer\u00eda escribirle para decirle: \u201dEspero que lo pases genial, incluso mejor que yo; <b>yo lo pas\u00e9 de maravilla, pero espero que t\u00fa lo pases a\u00fan mejor<\/b>\u201d, continu\u00f3 Radcliffe. \u201cY de verdad que s\u00ed, <b>veo estas fotos de \u00e9l y los otros ni\u00f1os y solo quiero abrazarlos.<\/b> Parecen tan peque\u00f1os. Los miro y pienso: \u201d\u00a1Qu\u00e9 loco que yo hiciera eso a esa edad!\u201c. Pero tambi\u00e9n es incre\u00edblemente tierno y espero que lo est\u00e9n pasando de maravilla\u201d. <\/p>\n<p class=\"\">El principal objetivo de este anticipado proyecto, que cuenta con la galardonada guionista de \u2018Succession\u2019, Francesca Gardiner, como showrunner y el cineasta Mark Mylod como director, es <b>realizar una adaptaci\u00f3n m\u00e1s fidedigna de las obras literarias<\/b>. Sin embargo, <b>ha sido motivo de debate desde su anuncio<\/b>. Algunas de las principales pol\u00e9micas en las que se ha visto envuelto ha sido la participaci\u00f3n de la <a href=\"https:\/\/as.com\/meristation\/cine\/jk-rowling-responde-con-dureza-a-la-ignorante-emma-watson-era-pobre-cuando-escribia-el-libro-que-la-hizo-famosa-n\/\" target=\"_self\" rel=\"nofollow noopener\" title=\"https:\/\/as.com\/meristation\/cine\/jk-rowling-responde-con-dureza-a-la-ignorante-emma-watson-era-pobre-cuando-escribia-el-libro-que-la-hizo-famosa-n\/\">controvertida J. K. Rowling<\/a> en el rol de productora o las <a href=\"https:\/\/as.com\/meristation\/series\/muestran-uno-de-los-elementos-miticos-de-harry-potter-para-su-nueva-serie-y-comienzan-las-criticas-por-la-poca-creatividad-n\/\" target=\"_self\" rel=\"nofollow noopener\" title=\"https:\/\/as.com\/meristation\/series\/muestran-uno-de-los-elementos-miticos-de-harry-potter-para-su-nueva-serie-y-comienzan-las-criticas-por-la-poca-creatividad-n\/\">excesivas similitudes <\/a>con las pel\u00edculas estrenadas entre 2001 y 2011. <\/p>\n<p>Noticias relacionadas<\/p>\n<p class=\"\">Suscr\u00edbete al <a href=\"https:\/\/www.youtube.com\/@meristation\" target=\"_self\" rel=\"nofollow noopener\" title=\"https:\/\/www.youtube.com\/@meristation\">canal de MeriStation en YouTube<\/a>, tu web de videojuegos y entretenimiento para conocer todas las noticias y novedades sobre el mundo del videojuego, cine, series, manga y anime. An\u00e1lisis, entrevistas, tr\u00e1ileres, gameplays, p\u00f3dcast y mucho m\u00e1s. Tambi\u00e9n te animamos a seguir <a href=\"https:\/\/www.tiktok.com\/@meristation\" rel=\"nofollow noopener\" title=\"https:\/\/www.tiktok.com\/@meristation\" target=\"_blank\">nuestra cuenta de TikTok<\/a>. <\/p>\n<p class=\"\">\u00a1S\u00edguenos en ambas y, si est\u00e1s interesado en licenciar este contenido, pincha <a href=\"https:\/\/profesional.elpais.com\/landing-sindicacion\/?utm_medium=interno&amp;utm_source=crosslinking&amp;utm_campaign=sindicacion_as_pie_articulos\" target=\"_blank\" rel=\"nofollow noopener\" title=\"https:\/\/profesional.elpais.com\/landing-sindicacion\/?utm_medium=interno&amp;utm_source=crosslinking&amp;utm_campaign=sindicacion_as_pie_articulos\">aqu\u00ed<\/a>!<\/p>\n<p><script async src=\"\/\/www.tiktok.com\/embed.js\"><\/script><\/p>\n","protected":false},"excerpt":{"rendered":"El nombre de Daniel Radcliffe siempre estar\u00e1 vinculado al m\u00e1gico mundo de Hogwarts por su emblem\u00e1tico papel como&hellip;\n","protected":false},"author":2,"featured_media":244330,"comment_status":"","ping_status":"","sticky":false,"template":"","format":"standard","meta":{"footnotes":""},"categories":[169],"tags":[177,146,147,25,24,176,175,23],"class_list":{"0":"post-244329","1":"post","2":"type-post","3":"status-publish","4":"format-standard","5":"has-post-thumbnail","7":"category-cine","8":"tag-cine","9":"tag-entertainment","10":"tag-entretenimiento","11":"tag-es","12":"tag-espana","13":"tag-film","14":"tag-movies","15":"tag-spain"},"share_on_mastodon":{"url":"https:\/\/pubeurope.com\/@es\/115575832548756618","error":""},"_links":{"self":[{"href":"https:\/\/www.europesays.com\/es\/wp-json\/wp\/v2\/posts\/244329","targetHints":{"allow":["GET"]}}],"collection":[{"href":"https:\/\/www.europesays.com\/es\/wp-json\/wp\/v2\/posts"}],"about":[{"href":"https:\/\/www.europesays.com\/es\/wp-json\/wp\/v2\/types\/post"}],"author":[{"embeddable":true,"href":"https:\/\/www.europesays.com\/es\/wp-json\/wp\/v2\/users\/2"}],"replies":[{"embeddable":true,"href":"https:\/\/www.europesays.com\/es\/wp-json\/wp\/v2\/comments?post=244329"}],"version-history":[{"count":0,"href":"https:\/\/www.europesays.com\/es\/wp-json\/wp\/v2\/posts\/244329\/revisions"}],"wp:featuredmedia":[{"embeddable":true,"href":"https:\/\/www.europesays.com\/es\/wp-json\/wp\/v2\/media\/244330"}],"wp:attachment":[{"href":"https:\/\/www.europesays.com\/es\/wp-json\/wp\/v2\/media?parent=244329"}],"wp:term":[{"taxonomy":"category","embeddable":true,"href":"https:\/\/www.europesays.com\/es\/wp-json\/wp\/v2\/categories?post=244329"},{"taxonomy":"post_tag","embeddable":true,"href":"https:\/\/www.europesays.com\/es\/wp-json\/wp\/v2\/tags?post=244329"}],"curies":[{"name":"wp","href":"https:\/\/api.w.org\/{rel}","templated":true}]}}