{"id":244343,"date":"2025-11-19T10:19:12","date_gmt":"2025-11-19T10:19:12","guid":{"rendered":"https:\/\/www.europesays.com\/es\/244343\/"},"modified":"2025-11-19T10:19:12","modified_gmt":"2025-11-19T10:19:12","slug":"inproinnova-2025-abre-sus-puertas-en-busca-de-sinergias-para-que-la-tecnologia-ayude-a-mejorar-los-servicios-publicos-diputacion-de-sevilla","status":"publish","type":"post","link":"https:\/\/www.europesays.com\/es\/244343\/","title":{"rendered":"Inproinnova 2025 abre sus puertas en busca de sinergias para que la tecnolog\u00eda ayude a mejorar los servicios p\u00fablicos &#8211; Diputaci\u00f3n de Sevilla"},"content":{"rendered":"<ol>\n<li><a href=\"https:\/\/news.google.com\/rss\/articles\/CBMi-wFBVV95cUxNTDZTTHdwUzcybmZJWk1Tc0x6a0xvLWU3eDFPVDFqZlNiNnRkUEhfUnc0eHBFVUJ4Wk5uTXdlbGxWYlF1aDRiQ2UtVWFvTWlfZ1FuanNKSF9hTDZPNXljLU5RRjA1cjlyLVQwbTN1OV96VjR4S1pOaUYwU0dIQW9TVXdjTFFUbWE4ZkR1SnZDbDlfVTJDcG9OYmpzMDJHX2NOMHRSQmt6dnNoS1p6M3hfN3AxZFZLZng0a3ZjNW4wVjYwVE1OcDNjNkxtWGlXYmJ6MGY4RGdxbG1lVXRDblMwLXk2VERneWNHUXVBdV9ocUkzOGFOODZFb0RFRQ?oc=5\" target=\"_blank\" rel=\"nofollow noopener\">Inproinnova 2025 abre sus puertas en busca de sinergias para que la tecnolog\u00eda ayude a mejorar los servicios p\u00fablicos<\/a>&nbsp;&nbsp;Diputaci\u00f3n de Sevilla<\/li>\n<li><a href=\"https:\/\/news.google.com\/rss\/articles\/CBMi-AFBVV95cUxQWFZ3U3BMTFR5cU9YR1o2S2lyTFhnazljTWI4SDM1ZzFvM0RLSXQzTzJnNjdOc3JtYV90NWZzQ2ZGTVhGM2dOQVJ5Y203UjdxeUFHNWJibTBhQmVOdUtRSGRNaENlbzFEWXE0bjYwNk1LQUFDNUJJSHlwRmxMdmxieGdhRjNFYkQ4UDZ3aldyUFpLRWRWMHE1X1UzaWIzSk5FRDdRSW5MSlZ4NnFzQ0VqS2hmVzQ3MHJabnp1UGYtVFlOQi1FR2NyR21lQzg1QzNNLS1ZZndOLThIQUZFc1dpY3NiUTNHQ0pVVmpsTWJ0UUZ4Um01dXI5WtIB_gFBVV95cUxQM3M5eVd0ZjhZbElxZ08xQjZoM1NKNk1rQnhmQjZkMjZ3TzVtMXE0Y2ZzZWhUTXdyZXdERkhRdXNuMzgxaUh5UmFPQUFOeEVBYkdGUDVHZlFRUHFWMEVFcjJkQVNoX1l1OXZacDFySmhmd2ZXQ0VKemRmZzVlNjMwWE1VZVNFeWZWWTNiMncwYmFrcjZDT1pnOGtSd0FmUmNRelNwWFJfdTBSX3cwSHBYZEhLeHFocmJTcHQ3RmsyS2tGNG5XeEtOOVJFUHROaVpZR1I3NjVNYTN5dWtxeHF0SWVkOF84QWFOVEtSTW1VN3hxbXRHRnQxZExTNklJQQ?oc=5\" target=\"_blank\" rel=\"nofollow noopener\">La Diputaci\u00f3n de Sevilla lidera la estrategia com\u00fan de las provincias andaluzas para impulsar la IA y la digitalizaci\u00f3n de los servicios p\u00fablicos<\/a>&nbsp;&nbsp;ElPlural.com<\/li>\n<li><a href=\"https:\/\/news.google.com\/rss\/articles\/CBMi9gFBVV95cUxQS3p6MWY2Tm00cjFwbmFMQ05RazAxbHNJOUdaYzBBR3J5NmdGOGNoeVlZeGRzR1hSTWw0VEQ4bjRWbmtNY3hFUnRwZktJbzltZzJHWS1rYm1IUmxvdGVzblF2OURub21QNEZfSGRJbDZnaUJtSTRUQkZHMk5KVGU4SzA2N0VSU0pCdFM3TnFPN1hadmRjRlNJZ2lRWGdaS2ZPdFRydVFmQl9pbkRMdnV3OTFJWVFBNjBmdVdZZ1E0VlBpNm1HVnowWnI3MHBUT19DaTRiQ1pvVjFLZGZsRnFWYXk1U3I5V0dsX1JKLWhIVk1yREx3aHfSAfsBQVVfeXFMUHpFbTNGOVprUXFGSmhkSXlYY1l2TFpXVjhaMmdWNFlyeTlzZURZcFVYWGVaQVh1LWlMVElzcGxndWt2WERRYmVCa3Rxd1BRVk5xVFhXdVJTdUVBWC0xTjdoVHRBME02RFFQQWg0cTZPWkFKdjZ1T0pMTUQ4TnpFYmc2SVczWGtjWms4c05kSjFYWllwYlBMa28xNE5EUG0wQm1JQ19uWmlSUHNVUmFzTEp0OHZRX3dwaUNkV0pIdV9sdUE5dDVYdWNzOGZ6cUluaUFCRU1VT3M4QW1QNUl1ZUF3cElhZldQRGFLbnprZ2RSVjExanAzRDVod1k?oc=5\" target=\"_blank\" rel=\"nofollow noopener\">Diputaciones andaluzas analizan estrategias comunes para avanzar en la digitalizaci\u00f3n y afrontar retos de IA<\/a>&nbsp;&nbsp;Teleprensa<\/li>\n<li><a href=\"https:\/\/news.google.com\/rss\/articles\/CBMi-gFBVV95cUxPU1RJSXhTQ2lHMW5Bb3BILUdyVnFJUDY1dDJPelRWR2J6ejk2TnJna1hsQUpwb0pROUo2RVNQRXRVbXBsNzJiUE5xY3FJMjNqY21BM2wxd2RsTEFmendjQWExUTR2TkNWVE0xa0s3cE03NzhKeHJkb1JDdWxFUDJBTlBra1R5VEsxbEVwSHR1ZUJmYXdveUdKbzVvSTJJLXhqV05kaWpVN3c5TzZ3eEQ3SzNMcGdBSTBwdVJBZ3RucXJxMXFiZUNaVnkzTjhsQ245WkhGbkU1SWdfSkhaZUt4dEJvaW0wWm16SWRlTEllb29OYVJVOVBwdlBn?oc=5\" target=\"_blank\" rel=\"nofollow noopener\">Dos Hermanas ser\u00e1 el municipio con mayor representaci\u00f3n TIC en la XII Feria de la Innovaci\u00f3n y Nuevas Tecnolog\u00edas<\/a>&nbsp;&nbsp;Ayuntamiento de Dos Hermanas<\/li>\n<li><a href=\"https:\/\/news.google.com\/rss\/articles\/CBMi0wFBVV95cUxQZUE4b0hkSjlKS1pMY0t6eFU0V2F2NXlnTG1NRlhnZWpUZ081d0c4RnZPT1I5NzZGNk54Qjlkemd0TnNSZHVBWHlWTlhQbGF5Mm5RN0ZzRDZiX2pSUWRfY3I0WWlyNTk0cU1DbWppYjN4bVZ3VEM1cDJYQVItX3ZzaVUwWENoaWEwZEZIOGFLNmN5V2h3Nlh1RlZITDZ5Uk9ucmFyN00zVmdPTzJEQ3FYNVM1YWVrdmN1SXdCZndBN3ZkYzcyekZqR2dGWG9mbzRQM2ww0gHnAUFVX3lxTE9VSlpYR0hSMmUtY3A5ZHhDVWRTOWduTG90MlVwT1M3azN6RHdqQ09pOGdYUmFLcU9VNkNIdEppUV9reUxqd3liN1ZJQUItcjlSOTdwTjh6UE5DUzVzWlE0S0ZMRjl1ck13WHpMMTRpdV9Wck1UUlM0S0hsSG1VU01YMEpjSm1oTlpXbHRodjVmUUFGUzVndkpIUGFtMzdNaUVFTU82TXhUWl9TazhyR2xBQ3lTR3dGMDJlN2UyQlltSzE3NHV5b2x0LWhQMmhqOG1HT1JGUWpfYW11eS0yUkdFTFlDUklWYw?oc=5\" target=\"_blank\" rel=\"nofollow noopener\">InproInnova re\u00fane a 30 empresas del sector TIC de la provincia de Sevilla<\/a>&nbsp;&nbsp;La Raz\u00f3n<\/li>\n<\/ol>\n","protected":false},"excerpt":{"rendered":"Inproinnova 2025 abre sus puertas en busca de sinergias para que la tecnolog\u00eda ayude a mejorar los servicios&hellip;\n","protected":false},"author":2,"featured_media":233937,"comment_status":"","ping_status":"","sticky":false,"template":"","format":"standard","meta":{"footnotes":""},"categories":[8],"tags":[17,18,25,24,13,14,11,19,20,9,10,15,16,23,12,21,22],"class_list":{"0":"post-244343","1":"post","2":"type-post","3":"status-publish","4":"format-standard","5":"has-post-thumbnail","7":"category-espana","8":"tag-breaking-news","9":"tag-breakingnews","10":"tag-es","11":"tag-espana","12":"tag-featured-news","13":"tag-featurednews","14":"tag-headlines","15":"tag-latest-news","16":"tag-latestnews","17":"tag-news","18":"tag-noticias","19":"tag-noticias-destacadas","20":"tag-noticiasdestacadas","21":"tag-spain","22":"tag-titulares","23":"tag-ultimas-noticias","24":"tag-ultimasnoticias"},"share_on_mastodon":{"url":"https:\/\/pubeurope.com\/@es\/115575859838317104","error":""},"_links":{"self":[{"href":"https:\/\/www.europesays.com\/es\/wp-json\/wp\/v2\/posts\/244343","targetHints":{"allow":["GET"]}}],"collection":[{"href":"https:\/\/www.europesays.com\/es\/wp-json\/wp\/v2\/posts"}],"about":[{"href":"https:\/\/www.europesays.com\/es\/wp-json\/wp\/v2\/types\/post"}],"author":[{"embeddable":true,"href":"https:\/\/www.europesays.com\/es\/wp-json\/wp\/v2\/users\/2"}],"replies":[{"embeddable":true,"href":"https:\/\/www.europesays.com\/es\/wp-json\/wp\/v2\/comments?post=244343"}],"version-history":[{"count":0,"href":"https:\/\/www.europesays.com\/es\/wp-json\/wp\/v2\/posts\/244343\/revisions"}],"wp:featuredmedia":[{"embeddable":true,"href":"https:\/\/www.europesays.com\/es\/wp-json\/wp\/v2\/media\/233937"}],"wp:attachment":[{"href":"https:\/\/www.europesays.com\/es\/wp-json\/wp\/v2\/media?parent=244343"}],"wp:term":[{"taxonomy":"category","embeddable":true,"href":"https:\/\/www.europesays.com\/es\/wp-json\/wp\/v2\/categories?post=244343"},{"taxonomy":"post_tag","embeddable":true,"href":"https:\/\/www.europesays.com\/es\/wp-json\/wp\/v2\/tags?post=244343"}],"curies":[{"name":"wp","href":"https:\/\/api.w.org\/{rel}","templated":true}]}}