{"id":244354,"date":"2025-11-19T10:30:11","date_gmt":"2025-11-19T10:30:11","guid":{"rendered":"https:\/\/www.europesays.com\/es\/244354\/"},"modified":"2025-11-19T10:30:11","modified_gmt":"2025-11-19T10:30:11","slug":"pense-que-habian-perdido-la-cabeza","status":"publish","type":"post","link":"https:\/\/www.europesays.com\/es\/244354\/","title":{"rendered":"Pens\u00e9 que hab\u00edan perdido la cabeza"},"content":{"rendered":"<p class=\"article-text\">\n        Este martes,<strong> \u00c1lvaro Morte<\/strong> fue a divertirse a<strong> El Hormiguero<\/strong> y promocionar <a href=\"https:\/\/www.eldiario.es\/vertele\/videos\/trailers-y-avances\/movistar-plus-lanza-trailer-anatomia-instante-deja-ver-suarez-gutierrez-mellado-carrillo-tejero_7_12736170.html\" target=\"_blank\" data-mrf-recirculation=\"links-noticia\" class=\"link\" rel=\"nofollow noopener\"><strong>Anatom\u00eda de un instante<\/strong><\/a><a href=\"https:\/\/www.eldiario.es\/vertele\/videos\/trailers-y-avances\/movistar-plus-lanza-trailer-anatomia-instante-deja-ver-suarez-gutierrez-mellado-carrillo-tejero_7_12736170.html\" target=\"_blank\" data-mrf-recirculation=\"links-noticia\" class=\"link\" rel=\"nofollow noopener\">,<\/a> la nueva serie de <strong>Movistar Plus+<\/strong>, dirigida por <strong>Alberto Rodr\u00edguez<\/strong>, que se estrena el 20 de noviembre, y en la que \u00e9l interpreta a<strong> Adolfo Su\u00e1rez<\/strong>.\n    <\/p>\n<p>    <a href=\"https:\/\/www.eldiario.es\/vertele\/videos\/trailers-y-avances\/movistar-plus-lanza-trailer-anatomia-instante-deja-ver-suarez-gutierrez-mellado-carrillo-tejero_7_12736170.html\" data-mrf-recirculation=\"saber-mas\" data-dl-event=\"saber-mas\" rel=\"nofollow noopener\" target=\"_blank\"><\/p>\n<p class=\"know-more__title\">Movistar Plus+ lanza tr\u00e1iler de &#8216;Anatom\u00eda de un instante&#8217; y deja ver a sus Su\u00e1rez, Guti\u00e9rrez Mellado, Carrillo y Tejero<\/p>\n<p>            <img decoding=\"async\" class=\"lazy\" loading=\"lazy\" data-src=\"https:\/\/static.eldiario.es\/clip\/f0677978-f303-48cd-834c-b1803fe50ea7_16-9-aspect-ratio_default_0.jpg\" src=\"data:image\/svg+xml,%3Csvg xmlns=\" http:=\"\" viewbox=\"0 0 880 495\" alt=\"Movistar Plus+ lanza tr\u00e1iler de 'Anatom\u00eda de un instante' y deja ver a sus Su\u00e1rez, Guti\u00e9rrez Mellado, Carrillo y Tejero\"\/><\/p>\n<p>                            <img decoding=\"async\" class=\"ni-multimedia\" src=\"https:\/\/www.eldiario.es\/assets\/img\/svg\/icons\/gallery-video.h-2e826467718e0ad0cb33a0bdb174f603.svg\" alt=\"Movistar Plus+ lanza tr\u00e1iler de 'Anatom\u00eda de un instante' y deja ver a sus Su\u00e1rez, Guti\u00e9rrez Mellado, Carrillo y Tejero\"\/><br \/>\n                        <\/a><\/p>\n<p class=\"article-text\">\n        El actor explic\u00f3 que la ficci\u00f3n est\u00e1 basada en el libro hom\u00f3nimo de <strong>Javier Cercas<\/strong>, que disecciona uno de los momentos cruciales de nuestra historia reciente: la transici\u00f3n democr\u00e1tica. Una etapa que lament\u00f3 no haberla \u201cestudiado en el colegio, <strong>ni haber llegado a conocer a nadie que lo haya estudiado\u201d. <\/strong>\n    <\/p>\n<p class=\"article-text\">\n        De hecho, el actor tambi\u00e9n critic\u00f3 que en estudios recientes un alto porcentaje de j\u00f3venes piensen que estar\u00edan mejor gobernados por una dictadura. Algo que dicen \u201cpor ignorancia\u201d, lament\u00f3. \u201c<strong>Haciendo esta serie he entendido lo fr\u00e1gil que es la democracia.<\/strong> Si hay quien prefiere un sistema pol\u00edtico en el que los partidos est\u00e1n prohibidos, las mujeres est\u00e1n por debajo del hombre, est\u00e1 perseguida la diversidad cultural, ling\u00fc\u00edstica, religiosa y sexual, creo que se lo tiene que hacer mirar\u201d.\n    <\/p>\n<p class=\"article-text\">\n        <strong>Pablo Motos<\/strong> quiso saber qu\u00e9 pens\u00f3 Morte cuando le propusieron dar vida a Adolfo Su\u00e1rez: <strong>\u201cPens\u00e9 que hab\u00edan perdido la cabeza\u201d<\/strong>, empez\u00f3 confesando el actor. \u201cYo estaba actuando en Londres y las directoras de casting quer\u00edan venir para ser muy precisas en la prueba que quer\u00edan grabar\u201d, explic\u00f3 sobre el casting.\n    <\/p>\n<blockquote class=\"twitter-tweet\" data-lang=\"es\"><p><a href=\"https:\/\/twitter.com\/X\/status\/1990892101102362735?ref_src=twsrc%5Etfw\" rel=\"nofollow noopener\" target=\"_blank\"><\/p><\/blockquote>\n<p class=\"article-text\">\n        Tras hacerlo, \u201cellas me convencieron, tienen esa capacidad maravillosa que pueden ver m\u00e1s all\u00e1 de lo que t\u00fa ves de ti mismo, s\u00e9 que <strong>lucharon mucho para convencer a mucha gente<\/strong>, y les estoy agradecido por este proyecto\u201d, reflexion\u00f3. De hecho, Morte explic\u00f3 que ha intentado parecerse, pero no imitar al pol\u00edtico porque \u201chubiera ca\u00eddo en el rid\u00edculo\u201d.\n    <\/p>\n<p>    <a href=\"https:\/\/www.eldiario.es\/vertele\/noticias\/alvaro-morte-recordo-hormiguero-prueba-adolfo-suarez-pense-habian-perdido-cabeza_1_12778875.html\" data-mrf-recirculation=\"saber-mas-abajo\" data-dl-event=\"saber-mas-abajo\" rel=\"nofollow noopener\" target=\"_blank\"><\/p>\n<p class=\"know-more__title\">La respuesta de Juan del Val a Bob Pop por su duro alegato contra los Premios Planeta: \u201cAbsolutamente lamentable\u201d<\/p>\n<p>            <img decoding=\"async\" class=\"lazy\" loading=\"lazy\" data-src=\"https:\/\/static.eldiario.es\/clip\/51a8cdbf-f20f-40da-85fe-b3a5fd7bda4e_16-9-aspect-ratio_default_0.jpg\" src=\"data:image\/svg+xml,%3Csvg xmlns=\" http:=\"\" viewbox=\"0 0 880 495\" alt=\"\u00c1lvaro Morte record\u00f3 en 'El Hormiguero' su prueba para hacer de Adolfo Su\u00e1rez: &quot;Pens\u00e9 que hab\u00edan perdido la cabeza&quot;\"\/><\/p>\n<p>                        <\/a><\/p>\n<p class=\"article-text\">\n        Para ello tambi\u00e9n le ayud\u00f3 la caracterizaci\u00f3n: <strong>\u201cMe pusieron una nariz falsa<\/strong>. Una vez puesta te olvidas, llega a formar parte de ti\u201d. Y cuando entr\u00f3 el primer d\u00eda al Congreso, caracterizado de Su\u00e1rez, not\u00f3 las miradas de todos los presentes.\n    <\/p>\n<p>                                    <script async src=\"https:\/\/platform.twitter.com\/widgets.js\" charset=\"utf-8\"><\/script><\/p>\n","protected":false},"excerpt":{"rendered":"Este martes, \u00c1lvaro Morte fue a divertirse a El Hormiguero y promocionar Anatom\u00eda de un instante, la nueva&hellip;\n","protected":false},"author":2,"featured_media":244355,"comment_status":"","ping_status":"","sticky":false,"template":"","format":"standard","meta":{"footnotes":""},"categories":[174],"tags":[16892,2607,1067,255,146,147,25,24,256,55619,17775,31104,3376,13679,2761,44743,23,9248],"class_list":{"0":"post-244354","1":"post","2":"type-post","3":"status-publish","4":"format-standard","5":"has-post-thumbnail","7":"category-famosos","8":"tag-adolfo","9":"tag-alvaro","10":"tag-cabeza","11":"tag-celebrities","12":"tag-entertainment","13":"tag-entretenimiento","14":"tag-es","15":"tag-espana","16":"tag-famosos","17":"tag-habian","18":"tag-hormiguero","19":"tag-morte","20":"tag-pense","21":"tag-perdido","22":"tag-prueba","23":"tag-recordo","24":"tag-spain","25":"tag-suarez"},"share_on_mastodon":{"url":"https:\/\/pubeurope.com\/@es\/115575903242983605","error":""},"_links":{"self":[{"href":"https:\/\/www.europesays.com\/es\/wp-json\/wp\/v2\/posts\/244354","targetHints":{"allow":["GET"]}}],"collection":[{"href":"https:\/\/www.europesays.com\/es\/wp-json\/wp\/v2\/posts"}],"about":[{"href":"https:\/\/www.europesays.com\/es\/wp-json\/wp\/v2\/types\/post"}],"author":[{"embeddable":true,"href":"https:\/\/www.europesays.com\/es\/wp-json\/wp\/v2\/users\/2"}],"replies":[{"embeddable":true,"href":"https:\/\/www.europesays.com\/es\/wp-json\/wp\/v2\/comments?post=244354"}],"version-history":[{"count":0,"href":"https:\/\/www.europesays.com\/es\/wp-json\/wp\/v2\/posts\/244354\/revisions"}],"wp:featuredmedia":[{"embeddable":true,"href":"https:\/\/www.europesays.com\/es\/wp-json\/wp\/v2\/media\/244355"}],"wp:attachment":[{"href":"https:\/\/www.europesays.com\/es\/wp-json\/wp\/v2\/media?parent=244354"}],"wp:term":[{"taxonomy":"category","embeddable":true,"href":"https:\/\/www.europesays.com\/es\/wp-json\/wp\/v2\/categories?post=244354"},{"taxonomy":"post_tag","embeddable":true,"href":"https:\/\/www.europesays.com\/es\/wp-json\/wp\/v2\/tags?post=244354"}],"curies":[{"name":"wp","href":"https:\/\/api.w.org\/{rel}","templated":true}]}}