{"id":244360,"date":"2025-11-19T10:34:12","date_gmt":"2025-11-19T10:34:12","guid":{"rendered":"https:\/\/www.europesays.com\/es\/244360\/"},"modified":"2025-11-19T10:34:12","modified_gmt":"2025-11-19T10:34:12","slug":"el-encuentro-final-de-liam-gallagher-con-los-fans-argentinos-que-lo-despidieron-en-el-aeropuerto","status":"publish","type":"post","link":"https:\/\/www.europesays.com\/es\/244360\/","title":{"rendered":"El encuentro final de Liam Gallagher con los fans argentinos que lo despidieron en el aeropuerto"},"content":{"rendered":"<p class=\"paragraph font__body-regular\"><a href=\"https:\/\/tn.com.ar\/musica\/recitales\/2025\/11\/15\/oasis-en-la-argentina-minuto-a-minuto-de-todo-lo-que-tenes-que-saber-sobre-el-show-en-river\/\" target=\"_self\" rel=\"nofollow noopener\" title=\"https:\/\/tn.com.ar\/musica\/recitales\/2025\/11\/15\/oasis-en-la-argentina-minuto-a-minuto-de-todo-lo-que-tenes-que-saber-sobre-el-show-en-river\/\"><b>Liam y Noel Gallagher pasaron por Argentina<\/b> <\/a>con un seguidilla de dos conciertos en Buenos Aires. La banda se volvi\u00f3 a reunir con el p\u00fablico nacional, con el que tienen una relaci\u00f3n estrecha y de mutua admiraci\u00f3n.<\/p>\n<p class=\"paragraph font__body-regular\">D\u00edas antes del show, <a href=\"https:\/\/tn.com.ar\/show\/famosos\/2025\/11\/14\/del-cementerio-de-la-recoleta-a-la-bombonera-asi-fue-el-inesperado-tour-de-noel-gallagher-por-buenos-aires\/\" target=\"_self\" rel=\"nofollow noopener\" title=\"https:\/\/tn.com.ar\/show\/famosos\/2025\/11\/14\/del-cementerio-de-la-recoleta-a-la-bombonera-asi-fue-el-inesperado-tour-de-noel-gallagher-por-buenos-aires\/\"><b>se vio a Noel paseando por la ciudad<\/b><\/a>, haciendo cola para entrar la Cementerio de Recoleta, paseando por sitios ic\u00f3nicos y reencontr\u00e1ndose con los fan\u00e1ticos argentinos.<\/p>\n<p class=\"paragraph font__body-regular\"><b>Le\u00e9 tambi\u00e9n: <\/b><a href=\"https:\/\/tn.com.ar\/musica\/noticias\/2025\/11\/18\/la-renga-estreno-su-disco-solo-hace-falta-un-mundo-para-dar-una-vuelta-grabado-en-vivo-en-la-gira-europea\/\" target=\"_self\" rel=\"nofollow noopener\" title=\"https:\/\/tn.com.ar\/musica\/noticias\/2025\/11\/18\/la-renga-estreno-su-disco-solo-hace-falta-un-mundo-para-dar-una-vuelta-grabado-en-vivo-en-la-gira-europea\/\"><b>La Renga estren\u00f3 su disco \u201cSolo hace falta un mundo para dar una vuelta\u201d, grabado en vivo en la gira europea<\/b><\/a><\/p>\n<p class=\"paragraph font__body-regular\">Los hermanos Gallagher ya hab\u00edan expresado, antes de llegar a Argentina, que esta era una de las paradas de la gira Live \u201825 que m\u00e1s ilusi\u00f3n les hac\u00eda, dado que consideran a nuestro p\u00fablico \u00fanico en el mundo. Y<b> los argentinos estuvieron a la altura de estas expectativas.<\/b><\/p>\n<p><img decoding=\"async\" loading=\"lazy\" fetchpriority=\"low\" data-testid=\"loading-testid\" class=\"image content-image image_placeholder\" alt=\"Los hermanos Gallagher volvieron a la Argentina (Foto: Instagram \/ dfentertainment)\" width=\"767\" height=\"430\" src=\"https:\/\/www.europesays.com\/es\/wp-content\/uploads\/2025\/11\/los-hermanos-gallagher-volvieron-a-la-argentina-foto-instagram-dfentertainment-N566RGDPAFH35OHOAVAVF.jpeg\"\/><\/p>\n<p>Los hermanos Gallagher volvieron a la Argentina (Foto: Instagram \/ dfentertainment)<\/p>\n<p class=\"paragraph font__body-regular\">Pero, ahora lleg\u00f3 el momento de continuar con la gira y Liam Gallagher<b> fue visto en el aeropuerto, listo para dirigirse hacia Chile<\/b>, la pr\u00f3xima parada del tramo sudamericano de la gira.<\/p>\n<p><img decoding=\"async\" loading=\"lazy\" fetchpriority=\"low\" data-testid=\"loading-testid\" class=\"image content-image image_placeholder\" alt=\"Su despedida de los fans argentinos. (Fuente: Twitter\/@mysongbird2)\" width=\"767\" height=\"1707\" src=\"https:\/\/www.europesays.com\/es\/wp-content\/uploads\/2025\/11\/su-despedida-de-los-fans-argentinos-fuente-twittermysongbird2-75MYWTOYI5H77JSYIWWALLVHOQ.jpg\"\/><\/p>\n<p>Su despedida de los fans argentinos. (Fuente: Twitter\/@mysongbird2)<\/p>\n<p class=\"paragraph font__body-regular\"><a href=\"https:\/\/tn.com.ar\/musica\/noticias\/2025\/11\/11\/liam-gallagher-llego-a-la-argentina-las-fotos-de-su-encuentro-con-un-grupo-de-fans-de-oasis\/\" target=\"_self\" rel=\"nofollow noopener\" title=\"https:\/\/tn.com.ar\/musica\/noticias\/2025\/11\/11\/liam-gallagher-llego-a-la-argentina-las-fotos-de-su-encuentro-con-un-grupo-de-fans-de-oasis\/\"><b>Tal como a su llegada<\/b><\/a>, el cantante se encontr\u00f3 con fan\u00e1ticos que pidieron sacarse fotos con \u00e9l y le demostraron su cari\u00f1o. Lo cierto es que, tanto en su llegada como en su partida de Buenos Aires, <b>Gallagher se mostr\u00f3 en confianza con los fans<\/b>, accedi\u00f3 a tomarse fotos y a conversar.<\/p>\n<p class=\"paragraph font__body-regular\"><b>Las fotos de su partida de Buenos Aires<\/b> se volvieron virales en redes sociales y marcaron la despedida con los fans que so\u00f1aban con volver a ver a Oasis luego de su prolongada separaci\u00f3n.<\/p>\n<p>C\u00f3mo fue el regreso de Oasis a Buenos Aires<\/p>\n<p class=\"paragraph font__body-regular\"><a href=\"https:\/\/tn.com.ar\/musica\/noticias\/2025\/11\/16\/oasis-regreso-a-la-argentina-una-noche-con-clasicos-euforia-y-un-homenaje-a-maradona\/\" target=\"_self\" rel=\"nofollow noopener\" title=\"https:\/\/tn.com.ar\/musica\/noticias\/2025\/11\/16\/oasis-regreso-a-la-argentina-una-noche-con-clasicos-euforia-y-un-homenaje-a-maradona\/\"><b>En su cr\u00f3nica para <\/b><b>La Viola (TN)<\/b><\/a>, Carlos Iogna Prat escribi\u00f3: Finalmente lleg\u00f3 el d\u00eda. A las <b>20.30 se apagaron las luces del estadio<\/b> y el p\u00fablico estall\u00f3 al ver ingresar a los <a href=\"https:\/\/tn.com.ar\/musica\/recitales\/2025\/11\/15\/oasis-en-la-argentina-minuto-a-minuto-de-todo-lo-que-tenes-que-saber-sobre-el-show-en-river\/\" rel=\"nofollow noopener\" title=\"https:\/\/tn.com.ar\/musica\/recitales\/2025\/11\/15\/oasis-en-la-argentina-minuto-a-minuto-de-todo-lo-que-tenes-que-saber-sobre-el-show-en-river\/\" target=\"_blank\">hermanos Liam y Noel Gallagher <\/a>juntos al escenario. El milagro se cumpli\u00f3. Las peleas quedaron atr\u00e1s y <a href=\"https:\/\/tn.com.ar\/musica\/recitales\/2025\/11\/15\/oasis-en-la-argentina-minuto-a-minuto-de-todo-lo-que-tenes-que-saber-sobre-el-show-en-river\/\" rel=\"nofollow noopener\" title=\"https:\/\/tn.com.ar\/musica\/recitales\/2025\/11\/15\/oasis-en-la-argentina-minuto-a-minuto-de-todo-lo-que-tenes-que-saber-sobre-el-show-en-river\/\" target=\"_blank\">Oasis<\/a> arranc\u00f3 a escribir un cap\u00edtulo m\u00e1s en su historia con la Argentina. Una espera que fue larga, <b>pero vali\u00f3 la pena.<\/b><\/p>\n<p class=\"paragraph font__body-regular\">A lo largo de dos horas, el grupo oriundo de Manchester entreg\u00f3 un listado contundente, <b>con piezas fundamentales del britpop que sacudi\u00f3 al mundo a<\/b> mediados de los \u201990, destacando la importancia de su obra en el estudio, en especial de sus dos primeros discos: Definitely Maybe y (What\u00b4s The Story) Morning Glory?.<\/p>\n<p><img decoding=\"async\" loading=\"lazy\" fetchpriority=\"low\" data-testid=\"loading-testid\" class=\"image content-image image_placeholder\" alt=\"El p\u00fablico delir\u00f3 en el primer show de Oasis en la Argentina (Foto: Instagram \/ dfentertainment)\" width=\"767\" height=\"607\" src=\"https:\/\/www.europesays.com\/es\/wp-content\/uploads\/2025\/11\/el-publico-deliro-en-el-primer-show-de-oasis-en-la-argentina-foto-instagram-dfentertainment-VW33W6UY.jpeg\"\/><\/p>\n<p>El p\u00fablico delir\u00f3 en el primer show de Oasis en la Argentina (Foto: Instagram \/ dfentertainment)<\/p>\n<p class=\"paragraph font__body-regular\"><b>\u201cHello\u201d<\/b> fue la primera canci\u00f3n en sonar ante la locura de los presentes que pensaban que estaban en un sue\u00f1o. Fue impresionante la cantidad de fans que fueron a verlos con remeras con el s\u00edmbolo \u201coasis\u201d y el sombrero piluso que inmortaliz\u00f3 la banda<\/p>\n<p class=\"paragraph font__body-regular\"><b>\u201cAcquiesce\u201d, \u201cMorning Glory\u201d y \u201cSome Might Say\u201d <\/b>fueron las siguientes perlas tan esperadas. \u201c<b>Bring It On Down\u201d, \u201cCigarettes &amp; Alcohol\u201d y \u201cFade Away\u201d<\/b> emocionaron al Monumental, el mismo escenario que fue testigo de su anterior visita. Un escenario imponente,<b> con pantallas gigantes<\/b>, donde a lo largo de la noche se vieron fotos viejas, animaciones de colores, una suerte de psicodelia, y la aparici\u00f3n por momentos de im\u00e1genes de los fans.<\/p>\n","protected":false},"excerpt":{"rendered":"Liam y Noel Gallagher pasaron por Argentina con un seguidilla de dos conciertos en Buenos Aires. La banda&hellip;\n","protected":false},"author":2,"featured_media":244361,"comment_status":"","ping_status":"","sticky":false,"template":"","format":"standard","meta":{"footnotes":""},"categories":[170],"tags":[146,147,25,24,17102,184,185,3528,23],"class_list":{"0":"post-244360","1":"post","2":"type-post","3":"status-publish","4":"format-standard","5":"has-post-thumbnail","7":"category-musica","8":"tag-entertainment","9":"tag-entretenimiento","10":"tag-es","11":"tag-espana","12":"tag-liam-gallagher","13":"tag-music","14":"tag-musica","15":"tag-oasis","16":"tag-spain"},"share_on_mastodon":{"url":"https:\/\/pubeurope.com\/@es\/115575918815922746","error":""},"_links":{"self":[{"href":"https:\/\/www.europesays.com\/es\/wp-json\/wp\/v2\/posts\/244360","targetHints":{"allow":["GET"]}}],"collection":[{"href":"https:\/\/www.europesays.com\/es\/wp-json\/wp\/v2\/posts"}],"about":[{"href":"https:\/\/www.europesays.com\/es\/wp-json\/wp\/v2\/types\/post"}],"author":[{"embeddable":true,"href":"https:\/\/www.europesays.com\/es\/wp-json\/wp\/v2\/users\/2"}],"replies":[{"embeddable":true,"href":"https:\/\/www.europesays.com\/es\/wp-json\/wp\/v2\/comments?post=244360"}],"version-history":[{"count":0,"href":"https:\/\/www.europesays.com\/es\/wp-json\/wp\/v2\/posts\/244360\/revisions"}],"wp:featuredmedia":[{"embeddable":true,"href":"https:\/\/www.europesays.com\/es\/wp-json\/wp\/v2\/media\/244361"}],"wp:attachment":[{"href":"https:\/\/www.europesays.com\/es\/wp-json\/wp\/v2\/media?parent=244360"}],"wp:term":[{"taxonomy":"category","embeddable":true,"href":"https:\/\/www.europesays.com\/es\/wp-json\/wp\/v2\/categories?post=244360"},{"taxonomy":"post_tag","embeddable":true,"href":"https:\/\/www.europesays.com\/es\/wp-json\/wp\/v2\/tags?post=244360"}],"curies":[{"name":"wp","href":"https:\/\/api.w.org\/{rel}","templated":true}]}}