{"id":244365,"date":"2025-11-19T10:38:20","date_gmt":"2025-11-19T10:38:20","guid":{"rendered":"https:\/\/www.europesays.com\/es\/244365\/"},"modified":"2025-11-19T10:38:20","modified_gmt":"2025-11-19T10:38:20","slug":"el-pp-considera-inaceptable-el-veto-de-urtasun-a-sanchez-mejias-y-lamenta-su-revisionismo-sectario-de-la-historia","status":"publish","type":"post","link":"https:\/\/www.europesays.com\/es\/244365\/","title":{"rendered":"El PP considera \u00abinaceptable\u00bb el veto de Urtasun a S\u00e1nchez Mej\u00edas y lamenta su \u00abrevisionismo sectario de la historia\u00bb"},"content":{"rendered":"<p style=\"\">El Partido Popular considera \u00abinaceptable\u00bb que el ministro de Cultura, <strong>Ernest Urtasun<\/strong>, haya excluido deliberadamente la figura de <a href=\"https:\/\/www.abc.es\/sevilla\/cultura\/urtasun-veta-figura-ignacio-sanchez-mejias-centenario-20251117074136-nts.html\" target=\"_self\" data-voc-vtm-id=\"in-text-traffic\" title=\"Ignacio S\u00e1nchez Mej\u00edas\" data-mrf-link=\"www.abc.es\" rel=\"nofollow noopener\">Ignacio S\u00e1nchez Mej\u00edas<\/a> entre las homenajeadas desde la <strong>Comisi\u00f3n Nacional del Centenario de la Generaci\u00f3n del 27<\/strong>, creada por el propio ministerio. \u00abResulta imposible &#8211; &#8230; dicen los populares- comprender aquel grupo genial sin la figura del torero, dramaturgo y gran mecenas que hizo posible el encuentro de los poetas en el Ateneo de Sevilla en 1927. Borrar al anfitri\u00f3n, al impulsor e inspirador de la Generaci\u00f3n de Plata por el simple hecho de su profesi\u00f3n, el toreo, supone una forma de censura ideol\u00f3gica impropia de una democracia occidental.<\/p>\n<p class=\"voc-p\" style=\"\">Como inform\u00f3 ABC, el ministro ha vetado al diestro en la Comisi\u00f3n Nacional para la conmemoraci\u00f3n del Centenario de la Generaci\u00f3n del 27, obviando su mediaci\u00f3n en la formaci\u00f3n del propio grupo, formado por poetas como<strong> Pedro Salinas, Jorge Guill\u00e9n, Gerardo Diego, D\u00e1maso Alonso, Vicente Aleixandre, Federico Garc\u00eda Lorca, Luis Cernuda o Rafael Alberti<\/strong>. \u00abEn la propia presentaci\u00f3n oficial del Centenario -recuerdan en el PP-, Urtasun afirm\u00f3 que la Generaci\u00f3n del 27 deb\u00eda celebrarse por &#8216;su compromiso con la Rep\u00fablica&#8217;. Esa frase, que nunca form\u00f3 parte de la identidad del grupo, revela exactamente cu\u00e1l es el problema: que un ministro trate de reinterpretar la historia desde la ideolog\u00eda partidista, encajando a la fuerza un relato pol\u00edtico en un movimiento literario que fue est\u00e9tico antes que pol\u00edtico, plural antes que homog\u00e9neo y comprometido con la libertad; esa fue su \u00e9tica&#8217;.<\/p>\n<p class=\"voc-p\" style=\"\">La nota del PP destaca tambi\u00e9n que \u00abesta visi\u00f3n distorsionada explica que haya borrado al propio S\u00e1nchez Mej\u00edas, figura esencial en la vida de Federico Garc\u00eda Lorca, en el despertar taurino de la vanguardia literaria y en la fraternidad intelectual que caracteriz\u00f3 al 27\u00bb.<\/p>\n<p class=\"voc-p\" style=\"\">\u00abLa exclusi\u00f3n -afirman.  es a\u00fan m\u00e1s incomprensible a la luz de la evidencia acad\u00e9mica: la Generaci\u00f3n del 27 mantuvo un v\u00ednculo indiscutible con la tauromaquia, que inspir\u00f3 versos, debates, tertulias y amistades. S\u00e1nchez Mej\u00edas fue mecenas, anfitri\u00f3n, interlocutor y mito de aquellos poetas. Su huella est\u00e1 en las p\u00e1ginas de Lorca, Alberti, Guill\u00e9n, Gerardo Diego y Vicente Aleixandre. Pretender celebrar los cien a\u00f1os del 27 olvidando una <strong>pieza central de su historia<\/strong> no es una conmemoraci\u00f3n, sino un ajuste ideol\u00f3gico. Y lo que el Gobierno pretende borrar de los homenajes lo contar\u00e1 la literatura, los historiadores y los poetas\u00bb.<\/p>\n<p class=\"voc-p\" style=\"\"><strong>Rogelio Reyes<\/strong>, catedr\u00e1tico em\u00e9rito de Literatura Espa\u00f1ola de la Universidad de Sevilla y miembro de n\u00famero de la Real Academia Sevillana de Buenas Letras, dijo en ABC: \u00abConvertido en un aut\u00e9ntico mito y en una referencia esencial en la est\u00e9tica del 27, s\u00f3lo el sectarismo totalitario de nuestro ministro puede pretender que se prescinda de su importante figura en el centenario de aquella pl\u00e9yade de poetas que dieron a las letras hisp\u00e1nicas una nota de modernidad de la que todav\u00eda hoy vive la l\u00edrica de nuestro pa\u00eds\u00bb.<\/p>\n<p class=\"voc-p\" style=\"\">El PP califica este veto de \u00aboperaci\u00f3n de purificaci\u00f3n ideol\u00f3gica\u00bb, y asegura que \u00abforma parte de una deriva m\u00e1s amplia del Ministerio de Cultura: la sustituci\u00f3n del rigor hist\u00f3rico por un relato deshonesto que enfrenta, divide y empobrece. Que elimina, por primera vez en Espa\u00f1a, un Premio Nacional de Artes; el de Tauromaquia. La cultura no puede gestionarse como un manual de propaganda, no se escribe desde los despachos y no se corrige seg\u00fan las fobias del ministro de turno\u00bb.<\/p>\n","protected":false},"excerpt":{"rendered":"El Partido Popular considera \u00abinaceptable\u00bb que el ministro de Cultura, Ernest Urtasun, haya excluido deliberadamente la figura de&hellip;\n","protected":false},"author":2,"featured_media":244366,"comment_status":"","ping_status":"","sticky":false,"template":"","format":"standard","meta":{"footnotes":""},"categories":[91],"tags":[2805,146,147,25,24,448,48466,11174,32304,956,27738,199,62594,23,5876,11538],"class_list":{"0":"post-244365","1":"post","2":"type-post","3":"status-publish","4":"format-standard","5":"has-post-thumbnail","7":"category-entretenimiento","8":"tag-considera","9":"tag-entertainment","10":"tag-entretenimiento","11":"tag-es","12":"tag-espana","13":"tag-historia","14":"tag-inaceptable","15":"tag-lamenta","16":"tag-mejias","17":"tag-pp","18":"tag-revisionismo","19":"tag-sanchez","20":"tag-sectario","21":"tag-spain","22":"tag-urtasun","23":"tag-veto"},"share_on_mastodon":{"url":"https:\/\/pubeurope.com\/@es\/115575934924536096","error":""},"_links":{"self":[{"href":"https:\/\/www.europesays.com\/es\/wp-json\/wp\/v2\/posts\/244365","targetHints":{"allow":["GET"]}}],"collection":[{"href":"https:\/\/www.europesays.com\/es\/wp-json\/wp\/v2\/posts"}],"about":[{"href":"https:\/\/www.europesays.com\/es\/wp-json\/wp\/v2\/types\/post"}],"author":[{"embeddable":true,"href":"https:\/\/www.europesays.com\/es\/wp-json\/wp\/v2\/users\/2"}],"replies":[{"embeddable":true,"href":"https:\/\/www.europesays.com\/es\/wp-json\/wp\/v2\/comments?post=244365"}],"version-history":[{"count":0,"href":"https:\/\/www.europesays.com\/es\/wp-json\/wp\/v2\/posts\/244365\/revisions"}],"wp:featuredmedia":[{"embeddable":true,"href":"https:\/\/www.europesays.com\/es\/wp-json\/wp\/v2\/media\/244366"}],"wp:attachment":[{"href":"https:\/\/www.europesays.com\/es\/wp-json\/wp\/v2\/media?parent=244365"}],"wp:term":[{"taxonomy":"category","embeddable":true,"href":"https:\/\/www.europesays.com\/es\/wp-json\/wp\/v2\/categories?post=244365"},{"taxonomy":"post_tag","embeddable":true,"href":"https:\/\/www.europesays.com\/es\/wp-json\/wp\/v2\/tags?post=244365"}],"curies":[{"name":"wp","href":"https:\/\/api.w.org\/{rel}","templated":true}]}}