{"id":244373,"date":"2025-11-19T10:42:09","date_gmt":"2025-11-19T10:42:09","guid":{"rendered":"https:\/\/www.europesays.com\/es\/244373\/"},"modified":"2025-11-19T10:42:09","modified_gmt":"2025-11-19T10:42:09","slug":"feijoo-ataca-a-sanchez-por-las-comisiones-del-2-de-cerdan-y-el-presidente-critica-la-respuesta-cero-del-pp-ante-la-corrupcion-el-pais","status":"publish","type":"post","link":"https:\/\/www.europesays.com\/es\/244373\/","title":{"rendered":"Feij\u00f3o ataca a S\u00e1nchez por las comisiones del 2% de Cerd\u00e1n y el presidente critica la \u201crespuesta cero\u201d del PP ante la corrupci\u00f3n &#8211; EL PA\u00cdS"},"content":{"rendered":"<ol>\n<li><a href=\"https:\/\/news.google.com\/rss\/articles\/CBMi-wFBVV95cUxQT2ZOaWNxT2owQ09iODRQVmNDSlhDeXhWeXpHUG9sZWdyMGFPS3djSG90RS1PNkN5dWxzY0oySEpGbHpjdnZHVnFuOExTck9SWDdWNGZvY2piaGFidzQyQlhmbGdEYXVXaTdlaVc4c0VueWRHVHpCS0cySFNoYU9ucHg1MDhFSFBRSGY1MWpsY2xZNXNsczZPSk5zSDdpYXZZNHdObF94SE1nLUFtZlkwVkNiT2hONTd5Zy1waF9aV0NUUTM2bWtOS1VOR005ZnhHalI5UWNGSE5UTGl4MWVRSnJFS1l5b3dteUxCelV5TWtsaDBuUmpMMlZ4NNIBjwJBVV95cUxNTGl4R2JoRTBfSy1fX0VTc3UzeWFQOUNvMjhPMzFHdjlmdzAyQnNaa243LXRrcWFmd2gzYWdGNGZGSkVZcGU1eXlSSmhEbXU0N191a1NQRUk0OHBfaEczSkdBYVdMQ1pTS2RCYXMzRE1aXzI3NHJOOVdtRjAxZ2RsQUFnV0U5T01lZEE4eWJ0NDJXWUdvcnNfYW01LXF0X183X3hzOVpUdjF5bW9PYlJVZTJVbjdyRE9wV3o0T2hid05xaWNpU1NtRkhuOGp5YnJYaUxxMFhvcXdEbGVia3d1c2duWXZmVm5hTVBKTnlZQ3hoWWtvMWhORlM2elhsYVQtbDg1Z2xMWTRTeGlKZnM4?oc=5\" target=\"_blank\" rel=\"nofollow noopener\">Feij\u00f3o ataca a S\u00e1nchez por las comisiones del 2% de Cerd\u00e1n y el presidente critica la \u201crespuesta cero\u201d del PP ante la corrupci\u00f3n<\/a>&nbsp;&nbsp;EL PA\u00cdS<\/li>\n<li><a href=\"https:\/\/news.google.com\/rss\/articles\/CBMi_wFBVV95cUxNLWRzVzlacDFjYW5oRHNNcFNOZTVocUQxX25nOTkwTUhCa3A5SXFDamZJZEdaV1ZUZ2RmSWVwMVFKMnNDTk5oNFVNUVU3blJ2aEZtNFNjakNZeU45N3MyeG1jTmJ4LTJiQXUtZHJQdF81VWlGSnV1NVFOakE3TEd2SEVWcXZFbkxUOENuTlIzcVVLY1ZieFAwZ2dKcDAzU3REUmFhVVU0T2FsNGV6QXNfRnYxd2VwU1U3REhhbWRiN1dVUDFMbkxXTFpYQ0ZXQzJfVmFOVjhPVlNXeEx2eFRnTmh3TU9vTnF2MXpLeWF1bkEzYnJVMjNUT1ViT1k3ZFHSAf8BQVVfeXFMTWFVSkpxR0RSbE03b0lpMmxINUdTRXNLLUJYS0Z1V0dQS1NBUHQ4ai01Vll3VDJUbXl0UmpDdmptQlV5TVpJSFlqeG5Ra2RjNmtPZGhZS0Z4dVJFa2I5eVpEYzRUMklDZVVzV0NnaU16UmJVMlNRVUN1UFNtZXFGekN3YnhDTGpueGhHbks4VkdiVjd3dGkxX2Y1XzZJMHJiOWpVU0NoOHd5cjdYcU0xYzhxYmVWMnNoZlM0MlFpNFd0WmU4cDY5RXlPZk41WWdXRkExQ0xaaGtRVWpMcDlJWWw4a3lPM1k2b3JFNDQ4T2k3S3dDQTg3aUdWNUxvMlVV?oc=5\" target=\"_blank\" rel=\"nofollow noopener\">Sesi\u00f3n de control al Gobierno, en directo | Feij\u00f3o le reprocha las mordidas del 2% de Cerd\u00e1n a un S\u00e1nchez que<\/a>&nbsp;&nbsp;LaSexta<\/li>\n<li><a href=\"https:\/\/news.google.com\/rss\/articles\/CBMiggFBVV95cUxOZnVEcFVHank5U3B0Y0RQUkhUQVNaNFlVdEJCZDh6dTQ4STNIUmtEQWJhLXFabTBkMGpxSzJtYXRXand3Zi04RTBGVmxzRTVJaHEwTGN6VFZBNFhDYlVHT1FJcUttaWs2Wi1iaHZ6dEZ3Vml5MjdFNGZ1eWNkZFlnMjlR0gGCAUFVX3lxTE5rWEdwSlhlRGVzWWFDdzFmekt5ck5abkNuYl9jSDdOV0MxaDV1MHFBU2taZE1ITU04VU5faC1LY1JMa3lhWWU1UDdGS3FrU1lQbDFGS09VTFd2TVFtR2FQR3gtZ0JmT18yNWlvSndaeUdJbS1Dd1JhZW1mVlRPS1Q0LVE?oc=5\" target=\"_blank\" rel=\"nofollow noopener\">Duro rifirrafe entre Feij\u00f3o y S\u00e1nchez en el Congreso: \u00abM\u00edrese al espejo antes de dar lecciones\u00bb<\/a>&nbsp;&nbsp;El Mundo<\/li>\n<li><a href=\"https:\/\/news.google.com\/rss\/articles\/CBMinAFBVV95cUxNM0EzeFdvdzUzcWFvaFAxb1pxN3p6YWlubDlUVzJQS0ZYWjFoWFA4NVl5emM4VklOckZVREVEYXlXNzNHZmtPYVRGR0FLeUVuUnlpdEFvSEZYM2VWYlpsdGEwVEtER3JLWjBlNkpiS3pHQ09ZdDZtRXdaaEVaeUkxa0NyU1B5VWNUM2RQR2doQ0sxN25Ma0gwNDZBc08?oc=5\" target=\"_blank\" rel=\"nofollow noopener\">Feij\u00f3o blande el informe de la UCO contra S\u00e1nchez: \u00abLa cloaca es Ferraz y la ha llevado a la Moncloa\u00bb<\/a>&nbsp;&nbsp;ABC<\/li>\n<li><a href=\"https:\/\/news.google.com\/rss\/articles\/CBMixwFBVV95cUxQUlNVOUJEZGhESkRXcnppMHFXMVVjMUFSSGZKVXBqRkN4SW54VmR0cTZLR0RFalJKYVE4YXJvdVJodmw0ZE0zMDByTmRVVkZqeDRvYWJqcUdrc2dEY01qZ2hCQ1dBaVRnQ0RKMVNMSGJhWUhvNmt5c196MER0RGZpM1RZSjE1ZHFLWHhqVGU0ZlN4MHN0ajhHTFVzZjFiTlVSVDlmT1lOSWI2S2R4T0VVVE5xMGdWd2owalJQMWw5am5VVERMZFk00gHbAUFVX3lxTE1tc2wzV0lSMWJENEh5VDBoREJyRGpLcEU1RXdEb0JKY21NWHE3ZnpQTDQ4V1BWa0h3blFYMEJvdWo5SVlTTnRrN2dkS0R4V3pBTVF3dTZkOFBJNU1BdENLdGQzWVFJenN6aks3V1NwWmlZSnBYbGF6Zmd1MVdlX18xT05ILUVLQVMxaURsaE1sUW5zQ0FlSGZBZG1Lek03aVVTVkRhelNxNWdzTExKYXJOZXZyc3g3NnhRNnQxMk81TVNZRExCdlNrRnFacUQ0dHdzYVVNbjNhckdLWQ?oc=5\" target=\"_blank\" rel=\"nofollow noopener\">S\u00e1nchez, acorralado por la UCO, intenta zafarse de Feij\u00f3o cargando contra Maz\u00f3n<\/a>&nbsp;&nbsp;La Raz\u00f3n<\/li>\n<\/ol>\n","protected":false},"excerpt":{"rendered":"Feij\u00f3o ataca a S\u00e1nchez por las comisiones del 2% de Cerd\u00e1n y el presidente critica la \u201crespuesta cero\u201d&hellip;\n","protected":false},"author":2,"featured_media":233937,"comment_status":"","ping_status":"","sticky":false,"template":"","format":"standard","meta":{"footnotes":""},"categories":[8],"tags":[17,18,25,24,13,14,11,19,20,9,10,15,16,23,12,21,22],"class_list":{"0":"post-244373","1":"post","2":"type-post","3":"status-publish","4":"format-standard","5":"has-post-thumbnail","7":"category-espana","8":"tag-breaking-news","9":"tag-breakingnews","10":"tag-es","11":"tag-espana","12":"tag-featured-news","13":"tag-featurednews","14":"tag-headlines","15":"tag-latest-news","16":"tag-latestnews","17":"tag-news","18":"tag-noticias","19":"tag-noticias-destacadas","20":"tag-noticiasdestacadas","21":"tag-spain","22":"tag-titulares","23":"tag-ultimas-noticias","24":"tag-ultimasnoticias"},"share_on_mastodon":{"url":"https:\/\/pubeurope.com\/@es\/115575950342014936","error":""},"_links":{"self":[{"href":"https:\/\/www.europesays.com\/es\/wp-json\/wp\/v2\/posts\/244373","targetHints":{"allow":["GET"]}}],"collection":[{"href":"https:\/\/www.europesays.com\/es\/wp-json\/wp\/v2\/posts"}],"about":[{"href":"https:\/\/www.europesays.com\/es\/wp-json\/wp\/v2\/types\/post"}],"author":[{"embeddable":true,"href":"https:\/\/www.europesays.com\/es\/wp-json\/wp\/v2\/users\/2"}],"replies":[{"embeddable":true,"href":"https:\/\/www.europesays.com\/es\/wp-json\/wp\/v2\/comments?post=244373"}],"version-history":[{"count":0,"href":"https:\/\/www.europesays.com\/es\/wp-json\/wp\/v2\/posts\/244373\/revisions"}],"wp:featuredmedia":[{"embeddable":true,"href":"https:\/\/www.europesays.com\/es\/wp-json\/wp\/v2\/media\/233937"}],"wp:attachment":[{"href":"https:\/\/www.europesays.com\/es\/wp-json\/wp\/v2\/media?parent=244373"}],"wp:term":[{"taxonomy":"category","embeddable":true,"href":"https:\/\/www.europesays.com\/es\/wp-json\/wp\/v2\/categories?post=244373"},{"taxonomy":"post_tag","embeddable":true,"href":"https:\/\/www.europesays.com\/es\/wp-json\/wp\/v2\/tags?post=244373"}],"curies":[{"name":"wp","href":"https:\/\/api.w.org\/{rel}","templated":true}]}}