{"id":244391,"date":"2025-11-19T10:59:13","date_gmt":"2025-11-19T10:59:13","guid":{"rendered":"https:\/\/www.europesays.com\/es\/244391\/"},"modified":"2025-11-19T10:59:13","modified_gmt":"2025-11-19T10:59:13","slug":"queremos-transmitir-con-esta-pelicula-comercial-algo-profundo-sobre-el-amor-entrevista-con-samantha-lopez-speranza-directora-de-todos-los-lados-de-la-cama","status":"publish","type":"post","link":"https:\/\/www.europesays.com\/es\/244391\/","title":{"rendered":"\u201cQUEREMOS TRANSMITIR CON ESTA PEL\u00cdCULA COMERCIAL ALGO PROFUNDO SOBRE EL AMOR\u201d &#8211; ENTREVISTA CON SAMANTHA L\u00d3PEZ SPERANZA, DIRECTORA DE TODOS LOS LADOS DE LA CAMA"},"content":{"rendered":"<p>\u00a0<\/p>\n<p>Charlamos con Samantha L\u00f3pez Speranza, directora en series como Sin huellas, La favorita 1922 o Asuntos internos entre otras, que ahora se estrena en el formato largometraje con Todos los lados de la cama, una despampanante secuela de los populares musicales El otro lado de la cama (2002) y Los dos lados de la cama (2005). La pel\u00edcula se ha presentado en la secci\u00f3n Special Screenings en el Festival de Cine Europeo de Sevilla. <\/p>\n<p><strong>Estamos ante la tercera entrega de una saga que ya tiene su renombre en Espa\u00f1a. \u00bfCu\u00e1l fue tu sensaci\u00f3n al tomar las riendas de este proyecto?<\/strong><\/p>\n<p>Cuando tomamos el trabajo de Emilio Mart\u00ednez-L\u00e1zaro y David Serrano, sentimos un poco de terror porque fue de las sagas m\u00e1s vistas de la historia de Espa\u00f1a. Pero, de pronto, los guionistas Carlos del Hoyo e Irene Bohoyo lograron hacer algo que retomaba la historia y sus personajes con todo el respeto y cari\u00f1o, y renovarlo a los veinticinco a\u00f1os que han pasado por encima, presentando nuevas generaciones. Entonces, del terror pas\u00f3 a ser una gozada tremenda. Pero hubo siempre mucho respeto.<\/p>\n<p><strong>En la sala de cine aqu\u00ed en el festival, mayores y j\u00f3venes se re\u00edan por igual. \u00bfC\u00f3mo se consigue ese di\u00e1logo entre generaciones y hacer una pel\u00edcula que guste a todo el mundo?<\/strong><\/p>\n<p>Tenemos la fortuna de tener a los actores m\u00edticos, que han entrado con sus personajes con todo el coraz\u00f3n a tope y tambi\u00e9n han aprendido que les pasaron veinticinco a\u00f1os encima. Con la gente m\u00e1s mayor, jugamos a la nostalgia porque no quisimos renovar a esos personajes: han crecido, pero siguen siendo los de hace veinte a\u00f1os. Y con la nueva generaci\u00f3n de actores ganamos a los j\u00f3venes. Los cuatro nuevos han sido s\u00faper libres para expresarse como quer\u00edan. Esta libertad sexual, de amor, de respeto, de consentimiento, se marca, se nota y ense\u00f1a a las otras generaciones. Hemos tenido la suerte de contar con ambas generaciones apoy\u00e1ndose y aprendiendo las unas de las otras.<\/p>\n<p><strong>Este es el primer largometraje que diriges. \u00bfC\u00f3mo ha sido el salto de las series al cine?<\/strong><\/p>\n<p>Hay muchas diferencias. Las series me encantan. Te apoyas en otros directores, juegas de otra manera, con equipos muy grandes tambi\u00e9n. Siempre voy de la mano con mi equipo t\u00e9cnico, y lo mismo con mis guionistas. Pero, claro, rodar un primer largo&#8230; Soy una fan de los musicales y que, de pronto, los productores de Telecinco me hayan ofrecido esta pel\u00edcula ha sido el sue\u00f1o de mi vida. Cuando te enfrentas a un largo, al principio est\u00e1s un poco sola, y de repente volteas y tienes a cien personas trabajando para ti. Mi equipo me ha dado la mano y me ha cosido las alas: los actores, los t\u00e9cnicos, los productores, todos.<\/p>\n<p><strong>Me acabas de decir que te gustan mucho los musicales, pero es la primera vez que ruedas algo de este estilo. \u00bfC\u00f3mo afrontas esta situaci\u00f3n? \u00bfY rodar las escenas musicales? <\/strong><\/p>\n<p>Lo afronto, primero, con much\u00edsima ilusi\u00f3n. Es muy bonito y es un proceso diferente porque la m\u00fasica se vuelve un personaje. Primero, con Alejandro Serrano, que fue quien hizo todas las adaptaciones fant\u00e1sticas, grabamos las canciones. Los chicos y los mayores se metieron a clases de canto. Le echaron muchas ganas en el tiempo que tuvimos para ensayar y rodar. Luego entr\u00f3 Miriam Benedetti, que es nuestra fant\u00e1stica core\u00f3grafa, a darnos todo.<\/p>\n<p><strong>Este es tu primer filme\u2026 \u00bfPodemos esperar m\u00e1s en el futuro? <\/strong><\/p>\n<p>Esta pel\u00edcula la rodamos el a\u00f1o pasado en verano, y ya he rodado otra: tengo mucha suerte, espero que la gente vaya a verla a las salas. Pero nosotros ya hemos ganado porque todos estamos trabajando. Y yo he hecho una pel\u00edcula despu\u00e9s, que se titula Todo arde.<\/p>\n<p><strong>Por \u00faltimo, quer\u00eda felicitarte por Todos los lados de la cama y el mensaje que lanza. Al final, en estos tiempos de odio es muy importante hacer obras que celebren el amor.<\/strong><\/p>\n<p>Es verdad que los tiempos son dif\u00edciles y convulsos, pero queremos transmitir con esta pel\u00edcula comercial algo profundo sobre el amor, para que salgas de verla y digas: \u201c\u00a1Wow! Estuve dos horas ri\u00e9ndome\u201d. Es s\u00faper necesario siempre, pero sobre todo ahora que estamos pasando por momentos muy tristes en el mundo.<\/p>\n<p>\u00a0<\/p>\n<p>Clara Godoy Rodr\u00edguez.<\/p>\n","protected":false},"excerpt":{"rendered":"\u00a0 Charlamos con Samantha L\u00f3pez Speranza, directora en series como Sin huellas, La favorita 1922 o Asuntos internos&hellip;\n","protected":false},"author":2,"featured_media":244392,"comment_status":"","ping_status":"","sticky":false,"template":"","format":"standard","meta":{"footnotes":""},"categories":[169],"tags":[177,146,147,25,24,176,175,23],"class_list":{"0":"post-244391","1":"post","2":"type-post","3":"status-publish","4":"format-standard","5":"has-post-thumbnail","7":"category-cine","8":"tag-cine","9":"tag-entertainment","10":"tag-entretenimiento","11":"tag-es","12":"tag-espana","13":"tag-film","14":"tag-movies","15":"tag-spain"},"share_on_mastodon":{"url":"https:\/\/pubeurope.com\/@es\/115576017100242500","error":""},"_links":{"self":[{"href":"https:\/\/www.europesays.com\/es\/wp-json\/wp\/v2\/posts\/244391","targetHints":{"allow":["GET"]}}],"collection":[{"href":"https:\/\/www.europesays.com\/es\/wp-json\/wp\/v2\/posts"}],"about":[{"href":"https:\/\/www.europesays.com\/es\/wp-json\/wp\/v2\/types\/post"}],"author":[{"embeddable":true,"href":"https:\/\/www.europesays.com\/es\/wp-json\/wp\/v2\/users\/2"}],"replies":[{"embeddable":true,"href":"https:\/\/www.europesays.com\/es\/wp-json\/wp\/v2\/comments?post=244391"}],"version-history":[{"count":0,"href":"https:\/\/www.europesays.com\/es\/wp-json\/wp\/v2\/posts\/244391\/revisions"}],"wp:featuredmedia":[{"embeddable":true,"href":"https:\/\/www.europesays.com\/es\/wp-json\/wp\/v2\/media\/244392"}],"wp:attachment":[{"href":"https:\/\/www.europesays.com\/es\/wp-json\/wp\/v2\/media?parent=244391"}],"wp:term":[{"taxonomy":"category","embeddable":true,"href":"https:\/\/www.europesays.com\/es\/wp-json\/wp\/v2\/categories?post=244391"},{"taxonomy":"post_tag","embeddable":true,"href":"https:\/\/www.europesays.com\/es\/wp-json\/wp\/v2\/tags?post=244391"}],"curies":[{"name":"wp","href":"https:\/\/api.w.org\/{rel}","templated":true}]}}