{"id":244395,"date":"2025-11-19T11:01:12","date_gmt":"2025-11-19T11:01:12","guid":{"rendered":"https:\/\/www.europesays.com\/es\/244395\/"},"modified":"2025-11-19T11:01:12","modified_gmt":"2025-11-19T11:01:12","slug":"estudio-revela-el-impacto-de-los-ultraprocesados-en-la-salud-dw-19-11-2025","status":"publish","type":"post","link":"https:\/\/www.europesays.com\/es\/244395\/","title":{"rendered":"Estudio revela el impacto de los ultraprocesados en la salud \u2013 DW \u2013 19\/11\/2025"},"content":{"rendered":"<p>La revista cient\u00edfica <a rel=\"noopener follow nofollow\" target=\"_blank\" class=\"external-link\" href=\"https:\/\/www.thelancet.com\/series-do\/ultra-processed-food\" title=\"Enlace externo \u2014 The Lancet\">The Lancet<\/a>\u00a0\u00a0acaba de publicar\u00a0un especial dedicado al <a class=\"internal-link\" href=\"https:\/\/www.dw.com\/es\/generaci\u00f3n-x-los-adultos-mayores-que-enfrentan-adicci\u00f3n-a-los-alimentos-ultraprocesados\/a-74191016\" rel=\"nofollow noopener\" target=\"_blank\">impacto de los ultraprocesados<\/a> en la salud.\u00a0<\/p>\n<p>En una rueda de prensa organizada por la revista para presentarlo, uno de los autores principales, Phillip Baker, de la Universidad de Sidney (Australia), fue muy claro: reducir el consumo de ultraprocesados no puede dejarse \u00fanicamente en manos de que los ciudadanos, \u00abhay que regularlo como se hizo con el <a class=\"internal-link\" href=\"https:\/\/www.dw.com\/es\/tabaquismo\/t-38329803\" rel=\"nofollow noopener\" target=\"_blank\">tabaco<\/a>\u00ab.<\/p>\n<p>Estos alimentos se elaboran con ingredientes baratos, generalmente nocivos, y poseen una mala calidad nutricional: demasiada sal, az\u00facares y grasas poco saludables; y muy poca fibra y prote\u00ednas, explicaron los autores. Adem\u00e1s, est\u00e1n desplazando a los <a class=\"internal-link\" href=\"https:\/\/www.dw.com\/es\/estudio-de-30-a\u00f1os-revela-cu\u00e1l-es-la-dieta-ideal-para-envejecer-con-salud\/a-72106636\" rel=\"nofollow noopener\" target=\"_blank\">patrones alimentarios tradicionales.<\/a><\/p>\n<p>La evidencia cient\u00edfica existente muestra que <a class=\"internal-link\" href=\"https:\/\/www.dw.com\/es\/deterioro-cognitivo-por-comida-ultraprocesada-un-mito\/a-64097142\" rel=\"nofollow noopener\" target=\"_blank\">un elevado consumo<\/a> de ultraprocesados implica m\u00e1s obesidad, diabetes tipo 2, enfermedades cardiovasculaes, depresi\u00f3n, patolog\u00edas en el ri\u00f1\u00f3n y mayor riesgo de muerte prematura, seg\u00fan la revisi\u00f3n a 104 estudios cient\u00edficos que se hace en el primer art\u00edculo de la serie.<\/p>\n<p>Crecimiento preocupante<\/p>\n<p>Varias encuestas nacionales indican que la proporci\u00f3n de ultraprocesados en la dieta crece a un ritmo que los cient\u00edficos consideran \u00abmuy preocupante\u00bb. Su consumo en pa\u00edses como <a class=\"internal-link\" href=\"https:\/\/www.dw.com\/es\/m\u00e9xico\/t-17409380\" rel=\"nofollow noopener\" target=\"_blank\">M\u00e9xico<\/a> y <a class=\"internal-link\" href=\"https:\/\/www.dw.com\/es\/brasil\/t-17411698\" rel=\"nofollow noopener\" target=\"_blank\">Brasil<\/a>\u00a0pas\u00f3 de un 10 a un 23 por ciento en las \u00faltimas cuatro d\u00e9cadas. En Estados Unidos y el Reino Unido, ha aumentado ligeramente en las \u00faltimas dos d\u00e9cadas, manteni\u00e9ndose por encima del 50 por ciento.<\/p>\n<p>El segundo art\u00edculo de la serie propone un conjunto de pol\u00edticas que insta a los gobiernos a regular y reducir la producci\u00f3n, la comercializaci\u00f3n y el consumo de ultraprocesados para salvarguardar la salud p\u00fablica frente \u00aba la poderosa industria de fabricaci\u00f3n\u00bb.<\/p>\n<p>Comprar alimentos ultraprocesados nocivos para la salud no puede ser tan barato, \u00abhay que ponerles impuestos m\u00e1s altos y destinar ese dinero a que sea m\u00e1s f\u00e1cil acceder a la comida fresca y saludable\u00bb, subray\u00f3 en la rueda de prensa Camila Corval\u00e1n, directora del Centro de Investigaci\u00f3n en Ambientes Alimentarios y Prevenci\u00f3n de Enfermedades Cr\u00f3nicas Asociadas a la Nutrici\u00f3n (CIAPEC) de Chile.<\/p>\n<p>Respuesta global coordinada<\/p>\n<p>El tercer art\u00edculo explica c\u00f3mo son las empresas globales, y no las elecciones individuales, las que est\u00e1n impulsando el auge de los ultraprocesados.<\/p>\n<p>Los autores remarcan c\u00f3mo las empresas de estos\u00a0alimentos\u00a0utilizan ingredientes baratos y m\u00e9todos industriales para reducir costos, junto con una mercadotecnia agresiva y dise\u00f1os atractivos para impulsar el consumo.<\/p>\n<p>El art\u00edculo revela que estas firmas\u00a0emplean sofisticadas t\u00e1cticas pol\u00edticas para proteger sus beneficios: bloqueando regulaciones, influyendo en los debates cient\u00edficos y en la opini\u00f3n p\u00fablica.<\/p>\n<p>ms (efe\/afp)<\/p>\n<p>\u00a0<\/p>\n<p>\u00a0<\/p>\n<p>\u00a0<\/p>\n","protected":false},"excerpt":{"rendered":"La revista cient\u00edfica The Lancet\u00a0\u00a0acaba de publicar\u00a0un especial dedicado al impacto de los ultraprocesados en la salud.\u00a0 En&hellip;\n","protected":false},"author":2,"featured_media":244396,"comment_status":"","ping_status":"","sticky":false,"template":"","format":"standard","meta":{"footnotes":""},"categories":[92],"tags":[25,24,165,166,23],"class_list":{"0":"post-244395","1":"post","2":"type-post","3":"status-publish","4":"format-standard","5":"has-post-thumbnail","7":"category-salud","8":"tag-es","9":"tag-espana","10":"tag-health","11":"tag-salud","12":"tag-spain"},"share_on_mastodon":{"url":"https:\/\/pubeurope.com\/@es\/115576024929535242","error":""},"_links":{"self":[{"href":"https:\/\/www.europesays.com\/es\/wp-json\/wp\/v2\/posts\/244395","targetHints":{"allow":["GET"]}}],"collection":[{"href":"https:\/\/www.europesays.com\/es\/wp-json\/wp\/v2\/posts"}],"about":[{"href":"https:\/\/www.europesays.com\/es\/wp-json\/wp\/v2\/types\/post"}],"author":[{"embeddable":true,"href":"https:\/\/www.europesays.com\/es\/wp-json\/wp\/v2\/users\/2"}],"replies":[{"embeddable":true,"href":"https:\/\/www.europesays.com\/es\/wp-json\/wp\/v2\/comments?post=244395"}],"version-history":[{"count":0,"href":"https:\/\/www.europesays.com\/es\/wp-json\/wp\/v2\/posts\/244395\/revisions"}],"wp:featuredmedia":[{"embeddable":true,"href":"https:\/\/www.europesays.com\/es\/wp-json\/wp\/v2\/media\/244396"}],"wp:attachment":[{"href":"https:\/\/www.europesays.com\/es\/wp-json\/wp\/v2\/media?parent=244395"}],"wp:term":[{"taxonomy":"category","embeddable":true,"href":"https:\/\/www.europesays.com\/es\/wp-json\/wp\/v2\/categories?post=244395"},{"taxonomy":"post_tag","embeddable":true,"href":"https:\/\/www.europesays.com\/es\/wp-json\/wp\/v2\/tags?post=244395"}],"curies":[{"name":"wp","href":"https:\/\/api.w.org\/{rel}","templated":true}]}}