{"id":244409,"date":"2025-11-19T11:12:25","date_gmt":"2025-11-19T11:12:25","guid":{"rendered":"https:\/\/www.europesays.com\/es\/244409\/"},"modified":"2025-11-19T11:12:25","modified_gmt":"2025-11-19T11:12:25","slug":"badosa-lanza-una-pulla-a-tsitsipas-en-la-visita-a-su-otro-ex-broncano","status":"publish","type":"post","link":"https:\/\/www.europesays.com\/es\/244409\/","title":{"rendered":"Badosa lanza una pulla a Tsitsipas, en la visita a su otro ex, Broncano"},"content":{"rendered":"<p class=\"paragraph\"><b>Paula Badosa<\/b> visit\u00f3 el lunes <b>&#8216;La revuelta&#8217; <\/b>de David Broncano, con quien la tenista tuvo una breve relaci\u00f3n en 2020. Ambos mostraron mucho buen rollo en un programa cargado de emoci\u00f3n y de risas que tambi\u00e9n<b> incluy\u00f3 una pulla para St\u00e9fanos Tsitsipas,<\/b> el ex m\u00e1s reciente de la deportista.\u00a0<\/p>\n<p class=\"paragraph\">Dos abrazos marcaron la presencia de la catalana de origen estadounidense en el Teatro Pr\u00edncipe Gran V\u00eda. El primero, con el propio Broncano despu\u00e9s de entregarle sus originales regalos: unas zapatillas personalizadas y una fotograf\u00eda. \u00abMe duelen un poco los ojos siempre que veo el programa y veo las que llevas, aunque hoy vas bien\u00bb, le dijo la tenista al entregarle las deportivas. \u00abCuando te las atas podr\u00e1s leer: puto amo\u00bb, le explic\u00f3, mostr\u00e1ndole el mensaje del interior de las leng\u00fcetas. \u00abEl otro d\u00eda vi el programa de Rosal\u00eda y te estabas tirando el rollo de que hab\u00edas entrenado a una tenista profesional\u00bb, continu\u00f3. \u00abComo te tiraste el rollo de que me hab\u00edas entrenado, que quede claro que s\u00ed\u00bb, brome\u00f3 al entregarle el segundo obsequio: una fotograf\u00eda de los dos jugando al tenis.\u00a0<\/p>\n<p class=\"paragraph\">El segundo abrazo fue a la <b>granadina Nieves Pueyos<\/b>, que emocion\u00f3 a la tenista cuando cont\u00f3 su historia de superaci\u00f3n. Diagnosticada de anorexia nerviosa y ansiedad depresiva a los 14 a\u00f1os, estuvo ingresada dos a\u00f1os y fue dada de alta en 2024. Durante el tratamiento y una vez dada de alta ha estado escribiendo poes\u00eda que ahora ha publicado en el libro <b>&#8216;La ni\u00f1a que dej\u00f3 de comer (querer)&#8217;. <\/b>\u00abTe entiendo porque he pasado cosas duras, pero ni la mitad que esto. Gracias por compartirlo\u00bb, le dijo Badosa.\u00a0<\/p>\n<p class=\"paragraph\">Y es que, 2025 no est\u00e1 siendo el mejor a\u00f1o para la deportista de \u00e9lite: \u00abHe tenido un a\u00f1o jodido\u00bb, dijo. \u00abEstaba jugando muy bien. Al principio pensaba que iba a ser mi a\u00f1o. Ven\u00eda de una lesi\u00f3n y volv\u00eda, as\u00ed lo cre\u00eda. Pero r\u00e1pidamente vol\u00f3. Este deporte es muy f\u00edsico, muy mental, muy exigente. Tuve una lesi\u00f3n de espalda diferente, lesi\u00f3n en el psoas, otra rotura.\u00bb, record\u00f3. A pesar de todos los contratiempos, <b>est\u00e1 decidida a encarar 2026 con todo:<\/b> \u00abEs duro mentalmente. Empiezo gimnasio a las 8 hasta las 10. Luego voy un par de horas a pista. Por la tarde un par de horas m\u00e1s y luego la recuperaci\u00f3n. Seis d\u00edas a la semana\u00bb. \u00abEn 2026 empieza una nueva Paula. Voy con una mezcla de tranquilidad por haber visto las cosas con un poco m\u00e1s de distancia en este par\u00f3n, pero tambi\u00e9n con much\u00edsimas ganas\u00bb, anunci\u00f3.\u00a0<\/p>\n<p class=\"paragraph\">Este a\u00f1o tampoco ha sido su mejor a\u00f1o en el amor. Durante su entrevista, felicit\u00f3 a Rosal\u00eda por su nuevo trabajo, \u00absobre todo por la canci\u00f3n de &#8216;La Perla'\u00bb, coment\u00f3 entre risas, deslizando que ella tiene tambi\u00e9n a quien dedic\u00e1rsela. Llegado el momento de las preguntas cl\u00e1sicas<b>, confirm\u00f3 su ruptura con Tsitsipas, <\/b>con quien ha tenido una relaci\u00f3n de idas y venidas. \u00abAhora que estoy soltera quer\u00e9is saber, \u00bfeh?\u00bb, pregunt\u00f3 para contar que en lo que a relaciones sexuales se refiere, la situaci\u00f3n no es \u00abincre\u00edble\u00bb, pero tampoco \u00abfatal\u00bb.<\/p>\n","protected":false},"excerpt":{"rendered":"Paula Badosa visit\u00f3 el lunes &#8216;La revuelta&#8217; de David Broncano, con quien la tenista tuvo una breve relaci\u00f3n&hellip;\n","protected":false},"author":2,"featured_media":244410,"comment_status":"","ping_status":"","sticky":false,"template":"","format":"standard","meta":{"footnotes":""},"categories":[274],"tags":[11838,168,25,24,2629,20987,23,167,327,326,10180,938],"class_list":{"0":"post-244409","1":"post","2":"type-post","3":"status-publish","4":"format-standard","5":"has-post-thumbnail","7":"category-tenis","8":"tag-badosa","9":"tag-deportes","10":"tag-es","11":"tag-espana","12":"tag-lanza","13":"tag-pulla","14":"tag-spain","15":"tag-sports","16":"tag-tenis","17":"tag-tennis","18":"tag-tsitsipas","19":"tag-visita"},"share_on_mastodon":{"url":"https:\/\/pubeurope.com\/@es\/115576068232758785","error":""},"_links":{"self":[{"href":"https:\/\/www.europesays.com\/es\/wp-json\/wp\/v2\/posts\/244409","targetHints":{"allow":["GET"]}}],"collection":[{"href":"https:\/\/www.europesays.com\/es\/wp-json\/wp\/v2\/posts"}],"about":[{"href":"https:\/\/www.europesays.com\/es\/wp-json\/wp\/v2\/types\/post"}],"author":[{"embeddable":true,"href":"https:\/\/www.europesays.com\/es\/wp-json\/wp\/v2\/users\/2"}],"replies":[{"embeddable":true,"href":"https:\/\/www.europesays.com\/es\/wp-json\/wp\/v2\/comments?post=244409"}],"version-history":[{"count":0,"href":"https:\/\/www.europesays.com\/es\/wp-json\/wp\/v2\/posts\/244409\/revisions"}],"wp:featuredmedia":[{"embeddable":true,"href":"https:\/\/www.europesays.com\/es\/wp-json\/wp\/v2\/media\/244410"}],"wp:attachment":[{"href":"https:\/\/www.europesays.com\/es\/wp-json\/wp\/v2\/media?parent=244409"}],"wp:term":[{"taxonomy":"category","embeddable":true,"href":"https:\/\/www.europesays.com\/es\/wp-json\/wp\/v2\/categories?post=244409"},{"taxonomy":"post_tag","embeddable":true,"href":"https:\/\/www.europesays.com\/es\/wp-json\/wp\/v2\/tags?post=244409"}],"curies":[{"name":"wp","href":"https:\/\/api.w.org\/{rel}","templated":true}]}}