{"id":244415,"date":"2025-11-19T11:16:13","date_gmt":"2025-11-19T11:16:13","guid":{"rendered":"https:\/\/www.europesays.com\/es\/244415\/"},"modified":"2025-11-19T11:16:13","modified_gmt":"2025-11-19T11:16:13","slug":"debacle-y-verguenza-de-la-uruguay-de-araujo-ante-estados-unidos","status":"publish","type":"post","link":"https:\/\/www.europesays.com\/es\/244415\/","title":{"rendered":"Debacle y verg\u00fcenza de la Uruguay de Araujo ante Estados Unidos"},"content":{"rendered":"<p data-gtm-element-container=\"modulo-texto-link\" class=\"paragraph\">A casi seis meses de la Copa del Mundo, este <strong>Uruguay <\/strong>de <strong>Ronald Araujo<\/strong> y <strong>Marcelo Bielsa<\/strong> parece no tener futuro. Peor, el futuro asoma negro y las expectativas, casi nulas. Lapidaria y tremenda derrota ante <strong>Estados Unidos <\/strong>en Tampa. El marcador final fue 5-1 . En media hora, los norteamericanos ya acumulaban tres goles de diferencia. Desaceleraron, pues en caso contrario pudo transformarse en la peor derrota en la historia de la selecci\u00f3n uruguaya. En la memoria hay que ir hasta el <strong>5-0 de<\/strong> <strong>Colombia <\/strong>en Barranquilla hace dos d\u00e9cadas, el <strong>6-1 de Dinamarca <\/strong>en el <strong>Mundial 86<\/strong>, o el<strong> 5-1 de Brasil <\/strong>en 1979.<\/p>\n<p data-gtm-element-container=\"modulo-texto-link\" class=\"paragraph\">Este <strong>Uruguay <\/strong>anoche roz\u00f3 el rid\u00edculo de su historia. Y adem\u00e1s, la derrota es una m\u00e1s de un rosario de malas actuaciones desde la <strong>Copa Am\u00e9rica<\/strong> del verano del 2024 a nuestros d\u00edas.<\/p>\n<p>    Lee tambi\u00e9n<\/p>\n<p data-gtm-element-container=\"modulo-texto-link\" class=\"paragraph\"><strong>Bielsa <\/strong>se decidi\u00f3 por una alineaci\u00f3n bien diferente a la del s\u00e1bado pasado, en el sopor\u00edfero 0-0 con M\u00e9xico. Entre otros cambios, ingres\u00f3 como titular <strong>Ronald Araujo<\/strong> en el centro de la zaga, junto al jugador de N\u00e1poles, <strong>Mathias Olivera<\/strong>. Pero <strong>Uruguay <\/strong>fue una colecci\u00f3n de desaciertos en el fondo, un golero fr\u00e1gil como <strong>Fiermar\u00edn<\/strong>, y una secuencia de pelotas divididas que siempre fueron de los norteamericanos. A los 30, los yanquis ya acumulaban tres conquistas, <strong>Sebasti\u00e1n Berhalter<\/strong> y dos de <strong>Alex Freeman<\/strong>. Era paseo.<\/p>\n<p data-gtm-element-container=\"modulo-texto-link\" class=\"paragraph\">Como perico por su casa, a poco del cierre del primer tiempo, <strong>Diego Luna<\/strong> ingres\u00f3 al \u00e1rea celeste y clav\u00f3 el cuarto gol. Ni el maquillaje que signific\u00f3 la media chilena de <strong>Giorgian de Arrascaeta<\/strong> para el descuento, suaviz\u00f3 la noche. Era 4-1 de los Estados Unidos en 45 minutos. Debacle.<\/p>\n<p data-gtm-element-container=\"modulo-texto-link\" class=\"paragraph\">Las variantes que se\u00f1al\u00f3 <strong>Bielsa <\/strong>para el complemento activaron una esperanza tan tenue como ef\u00edmera. S\u00f3lo dur\u00f3 unos minutos. Para colmo de males, el exquisito, el m\u00e1s elegante en su f\u00fatbol, tambi\u00e9n se contagi\u00f3. <strong>Rodrigo Bentancur<\/strong> fue con excesiva violencia a la marca, y march\u00f3 expulsado. El quinto gol de los anfitriones del pr\u00f3ximo Mundial lo anot\u00f3 <strong>Tessman <\/strong>y cerr\u00f3 la noche negra. En el contexto del desastre, <strong>Ronald Araujo<\/strong> jug\u00f3 para el olvido.<\/p>\n<p>                        <img loading=\"lazy\" decoding=\"async\" data-full-src=\"https:\/\/www.mundodeportivo.com\/uploads\/2022\/10\/11\/63455a5be9c81.png\" alt=\"https:\/\/www.mundodeportivo.com\/temas\/seleccion-de-estados-unidos-de-futbol\" src=\"https:\/\/www.europesays.com\/es\/wp-content\/uploads\/2025\/11\/63455a5be9c81.png\" class=\"lazy\" width=\"38\" height=\"38\"\/><\/p>\n<p>                ESTADOS UNIDOS<\/p>\n<p>            15\n<\/p>\n<p>                        <img loading=\"lazy\" decoding=\"async\" data-full-src=\"https:\/\/www.mundodeportivo.com\/uploads\/2022\/10\/11\/63454ba05045d.png\" alt=\"https:\/\/www.mundodeportivo.com\/temas\/seleccion-uruguay-futbol\" src=\"https:\/\/www.europesays.com\/es\/wp-content\/uploads\/2025\/11\/63454ba05045d.png\" class=\"lazy\" width=\"38\" height=\"38\"\/><\/p>\n<p>                URUGUAY<\/p>\n<p><strong>ESTADOS UNIDOS<\/strong>: Freese; Dest (Tessmann, 60&#8242;), Freeman, McKenzie, Trusty, Tolkin (Arfsten, 75&#8242;); Morris (Roldan, 89&#8242;), Belhalter; Tillman (Aaronson, 75&#8242;), Luna (Gio Reyna, 60&#8242;); Wright (Balogun, 60&#8242;).<\/p>\n<p><strong>URUGUAY<\/strong>: Fiermar\u00edn; N\u00e1ndez, Araujo, Olivera, Vi\u00f1a (Piquerez, 46&#8242;); Bentancur, Ugarte; Zalazar (Brian Rodr\u00edguez, 46&#8242;), De Arrascaeta (Mart\u00ednez, 67&#8242;), Ara\u00fajo (Torres, 72&#8242;); Vi\u00f1as (Aguirre, 46&#8242;).<br \/>\u200b<strong><br \/><\/strong>\u200b<strong>GOLES<\/strong>: 1-0, Berhalter (17&#8242;); 2-0, Freeman (20&#8242;); 3-0, Freeman (31&#8242;); 4-0, Luna (4-0); 4-1, De Arrascaeta (45+1&#8242;); 5-1, Tessmann (68&#8242;).<br \/>\u200b<br \/>\u200b<strong>\u00c1RBITRO<\/strong>:\u00a0Julio C\u00e9sar de Jes\u00fas Luna Guzm\u00e1n. Tarjetas a Gio Reyna (72&#8242;), Balogun (76&#8242;), Aguirre (81&#8242;) y expulsi\u00f3n por doble amarilla a Bentancur (50&#8242; y 64&#8242;).\u200b<\/p>\n<p>\n                ver ficha partido\n            <\/p>\n<p data-gtm-element-container=\"modulo-texto-link\" class=\"paragraph\">El sue\u00f1o americano no tiene buena pinta para <strong>Uruguay<\/strong>. Con una generaci\u00f3n de futbolistas de menor nivel que la anterior, pero adem\u00e1s, con un entrenador que a todos luces no les llega con el mensaje a los jugadores, el combo es perfecto para que todo salga mal. A esta altura, cualquier decisi\u00f3n es dif\u00edcil, pero necesaria. O el entrenador cambia, o se debe cambiar al entrenador. Y el entrenador, <strong>Marcelo Bielsa<\/strong>, atado a sus m\u00e1s profundas convicciones, que rozan la testarudez, parece dif\u00edcil que vaya a cambiar.<\/p>\n","protected":false},"excerpt":{"rendered":"A casi seis meses de la Copa del Mundo, este Uruguay de Ronald Araujo y Marcelo Bielsa parece&hellip;\n","protected":false},"author":2,"featured_media":244416,"comment_status":"","ping_status":"","sticky":false,"template":"","format":"standard","meta":{"footnotes":""},"categories":[268],"tags":[168,25,24,280,282,281,23,167],"class_list":{"0":"post-244415","1":"post","2":"type-post","3":"status-publish","4":"format-standard","5":"has-post-thumbnail","7":"category-futbol","8":"tag-deportes","9":"tag-es","10":"tag-espana","11":"tag-football","12":"tag-futbol","13":"tag-soccer","14":"tag-spain","15":"tag-sports"},"share_on_mastodon":{"url":"https:\/\/pubeurope.com\/@es\/115576084400966583","error":""},"_links":{"self":[{"href":"https:\/\/www.europesays.com\/es\/wp-json\/wp\/v2\/posts\/244415","targetHints":{"allow":["GET"]}}],"collection":[{"href":"https:\/\/www.europesays.com\/es\/wp-json\/wp\/v2\/posts"}],"about":[{"href":"https:\/\/www.europesays.com\/es\/wp-json\/wp\/v2\/types\/post"}],"author":[{"embeddable":true,"href":"https:\/\/www.europesays.com\/es\/wp-json\/wp\/v2\/users\/2"}],"replies":[{"embeddable":true,"href":"https:\/\/www.europesays.com\/es\/wp-json\/wp\/v2\/comments?post=244415"}],"version-history":[{"count":0,"href":"https:\/\/www.europesays.com\/es\/wp-json\/wp\/v2\/posts\/244415\/revisions"}],"wp:featuredmedia":[{"embeddable":true,"href":"https:\/\/www.europesays.com\/es\/wp-json\/wp\/v2\/media\/244416"}],"wp:attachment":[{"href":"https:\/\/www.europesays.com\/es\/wp-json\/wp\/v2\/media?parent=244415"}],"wp:term":[{"taxonomy":"category","embeddable":true,"href":"https:\/\/www.europesays.com\/es\/wp-json\/wp\/v2\/categories?post=244415"},{"taxonomy":"post_tag","embeddable":true,"href":"https:\/\/www.europesays.com\/es\/wp-json\/wp\/v2\/tags?post=244415"}],"curies":[{"name":"wp","href":"https:\/\/api.w.org\/{rel}","templated":true}]}}