{"id":244439,"date":"2025-11-19T11:30:23","date_gmt":"2025-11-19T11:30:23","guid":{"rendered":"https:\/\/www.europesays.com\/es\/244439\/"},"modified":"2025-11-19T11:30:23","modified_gmt":"2025-11-19T11:30:23","slug":"el-ayuntamiento-de-alcoy-ahorrara-mas-de-360-000-al-ano-al-encargar-a-la-empresa-municipal-la-gestion-de-la-limpieza-de-edificios-publicos","status":"publish","type":"post","link":"https:\/\/www.europesays.com\/es\/244439\/","title":{"rendered":"El Ayuntamiento de Alcoy ahorrar\u00e1 m\u00e1s de 360.000 al a\u00f1o al encargar a la empresa municipal la gesti\u00f3n de la limpieza de edificios p\u00fablicos"},"content":{"rendered":"\n<p>\t\t\t\t\t\t\t\t\t\t<img loading=\"lazy\" decoding=\"async\" src=\"https:\/\/www.europesays.com\/es\/wp-content\/uploads\/2025\/11\/Biblioteca-Municipal-Ricardo-SenabreBiblioteca-Municipal-Ricardo-Senabre.jpg_1911524487.jpg\" width=\"625\" height=\"410\" alt=\"Biblioteca Municipal Ricardo Senabre\" class=\"col-xs-12 col-sm-12 col-md-6 col-lg-6 float-xs-end float-sm-end float-md-end float-lg-end mb-3 ms-md-3\"\/>\t\t\t\t\t\t\t\t\t\t<\/p>\n<p>Tras la aprobaci\u00f3n del encargo del servicio de limpieza de edificios p\u00fablicos a la Empresa Municipal de Servicios (EMSALCOI), que ha tenido lugar en el pleno municipal extraordinario celebrado este martes, 18 de noviembre, el Ayuntamiento de Alcoy concluye, en base al informe econ\u00f3mico que avala la decisi\u00f3n, que la gesti\u00f3n directa a trav\u00e9s de la empresa municipal supondr\u00e1 un ahorro de m\u00e1s de 360.000 euros respecto a la alternativa de adjudicar el servicio a una empresa privada.<\/p>\n<p>Seg\u00fan el an\u00e1lisis t\u00e9cnico-financiero, el coste total estimado del servicio mediante EMSALCOI asciende a 10.323.575,65 euros, con un precio medio por hora de 24,80 euros, frente a los 29,16 euros\/hora que representar\u00eda un contrato con una mercantil privada \u2014con un coste total calculado de 12.140.690,14 euros.<\/p>\n<p>La comparativa supone un ahorro anual aproximado de 363.422,90 euros respecto a la contrataci\u00f3n externa y de 1.024.278,81 euros frente a la gesti\u00f3n desde el propio Ayuntamiento, lo que situar\u00eda a EMSALCOI como la opci\u00f3n econ\u00f3micamente m\u00e1s ventajosa, eficiente y sostenida en el tiempo. Desde el Gobierno municipal se subraya que la decisi\u00f3n se ha fundamentado en criterios de responsabilidad financiera y eficiencia en el uso de recursos p\u00fablicos, garantizando la estabilidad del servicio y manteniendo est\u00e1ndares de calidad equivalentes o superiores a los actuales.<\/p>\n<p>En relaci\u00f3n a estos resultados, el alcalde de Alcoy, Toni Franc\u00e9s, ha se\u00f1alado que \u201cla elecci\u00f3n de EMSALCOI no responde \u00fanicamente a una cuesti\u00f3n de modelo de gesti\u00f3n, sino a una decisi\u00f3n rigurosamente fundamentada en datos y en ahorro real para la ciudad\u201d. Asimismo, ha apuntado que \u201ceste ahorro nos permite ser m\u00e1s eficientes y fortalecer otros servicios municipales sin renunciar a calidad, profesionalizaci\u00f3n ni control p\u00fablico\u201d.<\/p>\n<p>El primer edil ha concluido afirmando que \u201cel acuerdo aprobado en el pleno y el inicio de los procedimientos operativos en EMSALCOI nos sit\u00faan ante una oportunidad de gesti\u00f3n sostenible, con visi\u00f3n a medio y largo plazo y alineada con la defensa responsable del inter\u00e9s general\u201d.<\/p>\n","protected":false},"excerpt":{"rendered":"Tras la aprobaci\u00f3n del encargo del servicio de limpieza de edificios p\u00fablicos a la Empresa Municipal de Servicios&hellip;\n","protected":false},"author":2,"featured_media":244440,"comment_status":"","ping_status":"","sticky":false,"template":"","format":"standard","meta":{"footnotes":""},"categories":[5],"tags":[50903,17,18,25,24,13,14,11,19,20,9,10,15,16,23,12,21,22],"class_list":{"0":"post-244439","1":"post","2":"type-post","3":"status-publish","4":"format-standard","5":"has-post-thumbnail","7":"category-titulares","8":"tag-ajuntament-alcoi-ayuntamiento-alcoy","9":"tag-breaking-news","10":"tag-breakingnews","11":"tag-es","12":"tag-espana","13":"tag-featured-news","14":"tag-featurednews","15":"tag-headlines","16":"tag-latest-news","17":"tag-latestnews","18":"tag-news","19":"tag-noticias","20":"tag-noticias-destacadas","21":"tag-noticiasdestacadas","22":"tag-spain","23":"tag-titulares","24":"tag-ultimas-noticias","25":"tag-ultimasnoticias"},"share_on_mastodon":{"url":"https:\/\/pubeurope.com\/@es\/115576139134115614","error":""},"_links":{"self":[{"href":"https:\/\/www.europesays.com\/es\/wp-json\/wp\/v2\/posts\/244439","targetHints":{"allow":["GET"]}}],"collection":[{"href":"https:\/\/www.europesays.com\/es\/wp-json\/wp\/v2\/posts"}],"about":[{"href":"https:\/\/www.europesays.com\/es\/wp-json\/wp\/v2\/types\/post"}],"author":[{"embeddable":true,"href":"https:\/\/www.europesays.com\/es\/wp-json\/wp\/v2\/users\/2"}],"replies":[{"embeddable":true,"href":"https:\/\/www.europesays.com\/es\/wp-json\/wp\/v2\/comments?post=244439"}],"version-history":[{"count":0,"href":"https:\/\/www.europesays.com\/es\/wp-json\/wp\/v2\/posts\/244439\/revisions"}],"wp:featuredmedia":[{"embeddable":true,"href":"https:\/\/www.europesays.com\/es\/wp-json\/wp\/v2\/media\/244440"}],"wp:attachment":[{"href":"https:\/\/www.europesays.com\/es\/wp-json\/wp\/v2\/media?parent=244439"}],"wp:term":[{"taxonomy":"category","embeddable":true,"href":"https:\/\/www.europesays.com\/es\/wp-json\/wp\/v2\/categories?post=244439"},{"taxonomy":"post_tag","embeddable":true,"href":"https:\/\/www.europesays.com\/es\/wp-json\/wp\/v2\/tags?post=244439"}],"curies":[{"name":"wp","href":"https:\/\/api.w.org\/{rel}","templated":true}]}}