{"id":244447,"date":"2025-11-19T11:39:09","date_gmt":"2025-11-19T11:39:09","guid":{"rendered":"https:\/\/www.europesays.com\/es\/244447\/"},"modified":"2025-11-19T11:39:09","modified_gmt":"2025-11-19T11:39:09","slug":"papa-dmitrovic-a-reivindicarse-ante-su-pasado","status":"publish","type":"post","link":"https:\/\/www.europesays.com\/es\/244447\/","title":{"rendered":"Pap\u00e1 Dmitrovic, a reivindicarse ante su pasado"},"content":{"rendered":"<p data-gtm-element-container=\"modulo-texto-link\" class=\"paragraph\">El <strong>RCD Espanyol<\/strong> volvi\u00f3 a ejercitarse ayer con las \u00fanicas bajas de <strong>Javi Puado <\/strong>y <strong>Charles Pickel<\/strong>, al que se espera <strong>hoy <\/strong><a href=\"https:\/\/www.mundodeportivo.com\/futbol\/rcd-espanyol\/20251117\/1002570959\/pickel-rumbo-mundial-acusado-vudu.html\" target=\"_blank\" rel=\"nofollow noopener\">despu\u00e9s de su exitoso periplo con la <strong>Rep\u00fablica Democr\u00e1tica del Congo<\/strong><\/a>. S\u00ed que estuvieron presentes <strong>Luca Koleosho<\/strong>, de vuelta antes de lo previsto tras ser expulsado con la selecci\u00f3n italiana Sub-21, y <strong>Marko Dmitrovic<\/strong>, pese a su reciente paternidad.<\/p>\n<p>\u201cA new perica is here\u201d<\/p>\n<p data-gtm-element-container=\"modulo-texto-link\" class=\"paragraph\">Tanto el serbio como el club anunciaron ayer el nacimiento de su primera hija, <strong>Tea<\/strong>. \u201cA new perica is here\u201d, comunic\u00f3 el <strong>Espanyol <\/strong>a trav\u00e9s de sus redes sociales. <strong>Marko<\/strong>, mientras tanto, comparti\u00f3 una instant\u00e1nea junto a su esposa, <strong>Berina<\/strong>, y la peque\u00f1a, venida al mundo el 15 de noviembre.<\/p>\n<blockquote class=\"twitter-tweet\" data-lang=\"es\"><p>\n<a href=\"https:\/\/twitter.com\/RCDEspanyol\/status\/1990721241305514092\" rel=\"nofollow noopener\" target=\"_blank\">\n<\/p><\/blockquote>\n<p data-gtm-element-container=\"modulo-texto-link\" class=\"paragraph\">Un motivo m\u00e1s para que el <strong>Espanyol<\/strong>, sexto pese a sus dos derrotas consecutivas ante <strong>Alav\u00e9s <\/strong>(2-1) y <strong>Villarreal <\/strong>(0-2), vuelva a la senda de la victoria en la visita del <strong>Sevilla <\/strong>al RCDE Stadium, el pr\u00f3ximo lunes a las 21.00h. Un partido muy especial para <strong>Dmitrovic<\/strong>, con pasado en la entidad hispalense.<\/p>\n<p>A la sombra de Bono<\/p>\n<p data-gtm-element-container=\"modulo-texto-link\" class=\"paragraph\">El portero de Subotica aterriz\u00f3 en Nervi\u00f3n en verano de 2021 procedente del <strong>Eibar<\/strong>, donde hab\u00eda coincidido con el ahora director deportivo espanyolista, Fran Garagarza. Sin embargo, la presencia de <strong>Yassine Bounou<\/strong>, decimotercero en la clasificaci\u00f3n del Bal\u00f3n de Oro 2023, le releg\u00f3 a la suplencia. \u201c<a href=\"https:\/\/www.mundodeportivo.com\/futbol\/20250723\/1002504234\/dmitrovic-sombra-joan-garcia-me-pesa.html\" target=\"_blank\" rel=\"nofollow noopener\">Aprend\u00ed mucho en la \u00e9poca del Sevilla, donde tuve que ser el recambio de Bono, que dej\u00f3 una sombra brutal en Sevilla y ah\u00ed s\u00ed que, a nivel mental, yo comet\u00ed algunos errores<\/a>\u201d, reconoci\u00f3 <strong>Dmitrovic <\/strong>en una entrevista concedida a este diario el pasado mes de julio.<\/p>\n<p>        Lee tambi\u00e9n<\/p>\n<p>    Sergio Escario<\/p>\n<p>             <img loading=\"lazy\" decoding=\"async\" data-full-src=\"https:\/\/www.mundodeportivo.com\/uploads\/2025\/11\/18\/691c7f25c0992.jpeg\" alt=\"El equipo blanquiazul se ha ejercitado en la Ciudad Deportiva Dani Jarque despu\u00e9s de cuatro d\u00edas de descanso.\" width=\"334\" height=\"164\" src=\"https:\/\/www.europesays.com\/es\/wp-content\/uploads\/2025\/11\/691c7f25c0992.jpeg\" class=\"lazy\"\/><\/p>\n<p data-gtm-element-container=\"modulo-texto-link\" class=\"paragraph\">Ahora, asentado en el <strong>Espanyol <\/strong>tras su breve paso por el <strong>Legan\u00e9s<\/strong>, el \u201813\u2019 blanquiazul buscar\u00e1 reivindicarse ante un <strong>Sevilla <\/strong>que el pasado curso fue incapaz de ganarle (1-0 para el \u2018Lega\u2019 en Butarque y 2-2 en el S\u00e1nchez Pizju\u00e1n). Lo har\u00e1 como el tercer guardameta con m\u00e1s porter\u00edas a cero de LaLiga (cuatro, solo superado por el madridista Thibaut Courtois y el \u2018groguet\u2019 Luiz J\u00fanior, con seis) y el octavo con el mejor porcentaje de paradas.<\/p>\n<p><script async src=\"https:\/\/platform.twitter.com\/widgets.js\" charset=\"utf-8\"><\/script><\/p>\n","protected":false},"excerpt":{"rendered":"El RCD Espanyol volvi\u00f3 a ejercitarse ayer con las \u00fanicas bajas de Javi Puado y Charles Pickel, al&hellip;\n","protected":false},"author":2,"featured_media":244448,"comment_status":"","ping_status":"","sticky":false,"template":"","format":"standard","meta":{"footnotes":""},"categories":[268],"tags":[168,25,24,280,282,281,23,167],"class_list":{"0":"post-244447","1":"post","2":"type-post","3":"status-publish","4":"format-standard","5":"has-post-thumbnail","7":"category-futbol","8":"tag-deportes","9":"tag-es","10":"tag-espana","11":"tag-football","12":"tag-futbol","13":"tag-soccer","14":"tag-spain","15":"tag-sports"},"share_on_mastodon":{"url":"https:\/\/pubeurope.com\/@es\/115576174643760689","error":""},"_links":{"self":[{"href":"https:\/\/www.europesays.com\/es\/wp-json\/wp\/v2\/posts\/244447","targetHints":{"allow":["GET"]}}],"collection":[{"href":"https:\/\/www.europesays.com\/es\/wp-json\/wp\/v2\/posts"}],"about":[{"href":"https:\/\/www.europesays.com\/es\/wp-json\/wp\/v2\/types\/post"}],"author":[{"embeddable":true,"href":"https:\/\/www.europesays.com\/es\/wp-json\/wp\/v2\/users\/2"}],"replies":[{"embeddable":true,"href":"https:\/\/www.europesays.com\/es\/wp-json\/wp\/v2\/comments?post=244447"}],"version-history":[{"count":0,"href":"https:\/\/www.europesays.com\/es\/wp-json\/wp\/v2\/posts\/244447\/revisions"}],"wp:featuredmedia":[{"embeddable":true,"href":"https:\/\/www.europesays.com\/es\/wp-json\/wp\/v2\/media\/244448"}],"wp:attachment":[{"href":"https:\/\/www.europesays.com\/es\/wp-json\/wp\/v2\/media?parent=244447"}],"wp:term":[{"taxonomy":"category","embeddable":true,"href":"https:\/\/www.europesays.com\/es\/wp-json\/wp\/v2\/categories?post=244447"},{"taxonomy":"post_tag","embeddable":true,"href":"https:\/\/www.europesays.com\/es\/wp-json\/wp\/v2\/tags?post=244447"}],"curies":[{"name":"wp","href":"https:\/\/api.w.org\/{rel}","templated":true}]}}