{"id":244461,"date":"2025-11-19T11:47:09","date_gmt":"2025-11-19T11:47:09","guid":{"rendered":"https:\/\/www.europesays.com\/es\/244461\/"},"modified":"2025-11-19T11:47:09","modified_gmt":"2025-11-19T11:47:09","slug":"gsk-medicos-y-pacientes-visibilizan-la-epoc-una-enfermedad-desconocida-por-casi-el-75-de-las-personas-que-la-padecen-en-nuestro-pais","status":"publish","type":"post","link":"https:\/\/www.europesays.com\/es\/244461\/","title":{"rendered":"GSK, m\u00e9dicos y pacientes visibilizan la EPOC, una enfermedad desconocida por casi el 75% de las personas que la padecen en nuestro pa\u00eds"},"content":{"rendered":"<p class=\"has-black-color has-text-color has-link-color wp-elements-8049fad54c392eb9df1b4ac06f28f4db\">En Espa\u00f1a, cerca de la mitad de los adultos presenta s\u00edntomas asociados a enfermedades respiratorias. Sin embargo, casi tres de cada cuatro personas con EPOC desconocen que podr\u00edan estar afectadas por esta patolog\u00eda, lo que puede llegar a repercutir de forma directa en su calidad de vida.<\/p>\n<p class=\"has-black-color has-text-color has-link-color wp-elements-d60cbc8b5f9f7160d3cfb1bb01335818\">Por ello, en el marco del D\u00eda Mundial de la EPOC, que se celebra este 19 de noviembre, y con el objetivo de fomentar la detecci\u00f3n temprana y el cuidado de la salud pulmonar, <a href=\"https:\/\/es.gsk.com\/es-es\/\" rel=\"nofollow noopener\" target=\"_blank\">GSK<\/a> ha reunido a especialistas y pacientes para dar a conocer esta enfermedad, sus causas y la importancia del diagn\u00f3stico precoz al p\u00fablico general.<\/p>\n<p class=\"has-black-color has-text-color has-link-color wp-elements-37e4218674207e8e464435db7e76fcf0\">Asimismo, la compa\u00f1\u00eda ha clausurado en Madrid su iniciativa #AireQueImpulsa, una campa\u00f1a que ha llevado la concienciaci\u00f3n sobre las enfermedades respiratorias por todo el pa\u00eds en colaboraci\u00f3n con la Liga Profesional de F\u00fatbol Femenino (Liga F), la Asociaci\u00f3n de Pacientes con EPOC (APEPOC), la Sociedad Espa\u00f1ola de M\u00e9dicos de Atenci\u00f3n Primaria (SEMERGEN), la Sociedad Espa\u00f1ola de M\u00e9dicos Generales y de Familia (SEMG) y el Grupo de Respiratorio de Atenci\u00f3n Primaria (GRAP).<\/p>\n<p><strong>\u00bfQu\u00e9 es la EPOC?<\/strong><\/p>\n<p class=\"has-black-color has-text-color has-link-color wp-elements-ff6e9c056ff960624b4ee1f1afc2f14f\">La EPOC es una enfermedad prevenible y tratable\u200b que produce una obstrucci\u00f3n persistente de las v\u00edas respiratorias, dificultando la entrada y salida de aire. Sus s\u00edntomas principales son: tos cr\u00f3nica, expectoraci\u00f3n matutina (expulsi\u00f3n de flema), disnea (falta de aire), limitaciones en la actividad f\u00edsica o bronquitis frecuentes. Es la 4\u00aa causa de muerte en el mundo.<\/p>\n<p class=\"has-black-color has-text-color has-link-color wp-elements-1efde476a24e04cbb3350c88b1e66100\">\u200b\u201cSus principales causas son el tabaquismo y la contaminaci\u00f3n del aire, aunque tambi\u00e9n hay que tener en consideraci\u00f3n la exposici\u00f3n a contaminantes como los humos industriales, polvo o gases qu\u00edmicos presentes en el lugar de trabajo, que pueden deteriorar la funci\u00f3n pulmonar con el paso del tiempo. Por otro lado, tambi\u00e9n influyen los antecedentes familiares, ya que el d\u00e9ficit hereditario de la prote\u00edna alfa-1 antitripsina (prote\u00edna que protege los pulmones) est\u00e1 relacionado con la EPOC o haber tenido infecciones respiratorias en la infancia\u201d, ha explicado el Dr. Juan Carlos L\u00f3pez Caro, presidente del Grupo de Respiratorio en Atenci\u00f3n Primaria (GRAP).\u00a0<\/p>\n<p class=\"has-black-color has-text-color has-link-color wp-elements-1b749f275af4fcb878ba52cd51a4b398\">El infradiagn\u00f3stico supone otro de los retos asociado a esta enfermedad ya que, en Espa\u00f1a, casi el 75% de personas que padecen EPOC no est\u00e1n diagnosticadas. Seg\u00fan el estudio CONOCEPOC, el conocimiento general sobre esta enfermedad en nuestro pa\u00eds ha mejorado desde el a\u00f1o 2011 hasta ahora, pero no es suficiente: se necesitan estrategias para aumentar la educaci\u00f3n y concienciaci\u00f3n sobre esta patolog\u00eda y reforzar las medidas de prevenci\u00f3n de posibles factores de riesgo como la exposici\u00f3n a combustibles, aire contaminado o el tabaquismo.<\/p>\n<p class=\"has-black-color has-text-color has-link-color wp-elements-2039300069ece0640aa3a581bbf25f03\">Se debe sospechar de EPOC en todos aquellos pacientes que presenten disnea, tos cr\u00f3nica o producci\u00f3n de expectoraci\u00f3n matutina, junto con una historia de infecciones recurrentes del tracto respiratorio inferior y\/o historial de exposici\u00f3n a factores de riesgo de la enfermedad, como el tabaco o la contaminaci\u00f3n.<\/p>\n<p><strong>Perfil del paciente con EPOC<\/strong><\/p>\n<p class=\"has-black-color has-text-color has-link-color wp-elements-70c773ce5fe28fffc1403fda5ead33b7\">\u201cEsta enfermedad es m\u00e1s frecuente en hombres que en mujeres. Sin embargo, se deben de fomentar las estrategias preventivas orientadas a la mujer, ya que en un reciente estudio se ha observado que la reducci\u00f3n de la prevalencia en el consumo de tabaco en los \u00faltimos a\u00f1os es menos marcada en mujeres en comparaci\u00f3n con la detectada en hombres, por lo que se debe intensificar la educaci\u00f3n en cuanto a evitar o dejar el tabaco entre la poblaci\u00f3n femenina. Los s\u00edntomas habituales de la EPOC aparecen a partir de la mediana edad. A medida que se agrava la enfermedad, resulta m\u00e1s dif\u00edcil realizar las actividades cotidianas habituales, a menudo a causa de la falta de aire, siendo una de las patolog\u00edas m\u00e1s discapacitantes. Adem\u00e1s, estas personas tienen m\u00e1s riesgo de sufrir otros problemas de salud como infecciones pulmonares, c\u00e1ncer de pulm\u00f3n o enfermedades del coraz\u00f3n\u201d, ha indicado la Dra. Mar\u00eda Sanz Almaz\u00e1n, portavoz de SEMG.<\/p>\n<p class=\"has-black-color has-text-color has-link-color wp-elements-c1ad1d95bf0f660bcbb8618988d2516d\">Acudir al m\u00e9dico de familia, cuando aparecen los s\u00edntomas, y someterse a pruebas diagn\u00f3sticas son los pasos para un diagn\u00f3stico precoz. \u201cLa espirometr\u00eda es la prueba diagn\u00f3stica de primera elecci\u00f3n, es r\u00e1pida e indolora y se utiliza para evaluar c\u00f3mo funcionan los pulmones\u201d, ha declarado la Dra. Milagros Gonz\u00e1lez B\u00e9jar, portavoz de SEMERGEN quien ha insistido en la importancia de un abordaje adecuado para evitar la exacerbaci\u00f3n de la enfermedad, que consiste en un empeoramiento de los s\u00edntomas, y mejorar el control de la misma. \u201cEs importante saber detectarla a tiempo para evitar que la enfermedad se agrave o que influya en la calidad de vida de estos pacientes. Cada exacerbaci\u00f3n aumenta el riesgo de eventos cardiovasculares y de mortalidad\u201d.<\/p>\n<p><strong>Recomendaciones para personas con EPOC<\/strong><\/p>\n<p class=\"has-black-color has-text-color has-link-color wp-elements-89769c212e53ba8e4fd0eee3cd872367\">Esta especialista tambi\u00e9n ha enumerado una serie de recomendaciones para ayudar a las personas con EPOC y que pasan por dejar de fumar, realizar actividad f\u00edsica, seguir una dieta saludable, prevenir infecciones respiratorias y llevar a cabo una rehabilitaci\u00f3n pulmonar.<\/p>\n<p class=\"has-black-color has-text-color has-link-color wp-elements-78dad0ed8ebcb87857e469758b8d3abd\">\u201cEs fundamental recordar que enfermedades como la EPOC son progresivas y muchas veces prevenibles si tomamos decisiones conscientes sobre nuestro estilo de vida. Queremos que la poblaci\u00f3n sepa que la detecci\u00f3n temprana, as\u00ed como la adopci\u00f3n de h\u00e1bitos saludables, son claves para mejorar la calidad de vida de las personas afectadas y evitar complicaciones graves\u201d, ha se\u00f1alado I\u00f1aki Mor\u00e1n, vicepresidente de la Federaci\u00f3n Espa\u00f1ola de Asociaciones de pacientes al\u00e9rgicos y con Enfermedades Respiratorias (FENAER).<\/p>\n<p><strong>Valor de las asociaciones de pacientes<\/strong><\/p>\n<p class=\"has-black-color has-text-color has-link-color wp-elements-9f5fcb3ba6b6ad51e6ff3f250f340f9e\">Por su parte, Nicole Hass, portavoz de la Asociaci\u00f3n de pacientes con EPOC (APEPOC), ha insistido en el valor de las asociaciones de pacientes como entidades que dan apoyo no solo a las personas con una enfermedad sino a sus familiares. \u201cPrestamos un servicio que va mucho m\u00e1s all\u00e1 de dar a conocer una patolog\u00eda, ya que somos el apoyo para muchos pacientes y tambi\u00e9n para muchas personas que les atienden y cuidan cada d\u00eda\u201d.<\/p>\n<p class=\"has-black-color has-text-color has-link-color wp-elements-7f6445210b47afd568bcb518bf505643\">Iniciativas como la celebraci\u00f3n de este d\u00eda o como la campa\u00f1a #AireQueImpulsa buscan ayudar a mejorar la concienciaci\u00f3n sobre la prevenci\u00f3n de estas enfermedades. \u201cPretendemos contribuir en la sensibilizaci\u00f3n de la poblaci\u00f3n en la importancia de cuidar la salud respiratoria, destacando el impacto que patolog\u00edas como el asma y la EPOC pueden tener en la calidad de vida de quienes las padecen. Estas enfermedades siguen siendo poco conocidas y, a trav\u00e9s de #AireQueImpulsa, queremos ayudar a visibilizarlas para combatir ese desconocimiento. En GSK, creemos firmemente que adelantarnos a la enfermedad beneficia m\u00e1s a los pacientes, la sociedad, los sistemas de salud y el bienestar global. Por eso, estamos orgullosos de ser un referente en salud respiratoria\u201d, ha destacado Mar\u00eda Jos\u00e9 Mu\u00f1oz, directora m\u00e9dica de GSK Espa\u00f1a. \u00a0<\/p>\n<p><strong>Datos de la campa\u00f1a<\/strong><\/p>\n<p class=\"has-black-color has-text-color has-link-color wp-elements-6b5fca259415bb78154ca9d1f6d0f3cb\">#AireQueImpulsa ha recorrido m\u00e1s de 3.000 kil\u00f3metros y ha estado presente a lo largo de los \u00faltimos meses en M\u00e1laga, Alicante, Vigo, Granada y Valencia. Esta iniciativa ha culminado su itinerario en Pr\u00edncipe P\u00edo, en Madrid, donde se ha instalado una furgoneta para ofrecer a los transe\u00fantes la posibilidad de realizarse pruebas funcionales y recibir informaci\u00f3n sobre salud respiratoria y acerca de las principales patolog\u00edas asociadas al pulm\u00f3n como la EPOC o el asma. A lo largo de estos meses, m\u00e1s de 124.000 personas han sido impactadas con esta iniciativa que busca concienciar sobre la importancia de preservar la salud pulmonar.<\/p>\n<p class=\"has-black-color has-text-color has-link-color wp-elements-6193fa75349e6393b0c5016e93cb4655\">El asma es una enfermedad inflamatoria cr\u00f3nica de las v\u00edas respiratorias que cursa con hiperrespuesta bronquial y una obstrucci\u00f3n variable al flujo a\u00e9reo, total o parcialmente reversible. Sus s\u00edntomas principales son: pitidos en el pecho (sibilancias), dificultad para respirar (disnea), presi\u00f3n en el pecho (opresi\u00f3n tor\u00e1cica) y tos.<\/p>\n<p><strong>Personas con asma<\/strong><\/p>\n<p class=\"has-black-color has-text-color has-link-color wp-elements-0217327e0a169d4b1389a8077a10e00d\">En Espa\u00f1a, alrededor de 2,5 millones de personas tienen asma, contando con una prevalencia del 5% en adultos y del 10% en ni\u00f1os. Dentro de esta patolog\u00eda encontramos el asma grave, la cual constituye un s\u00edndrome heterog\u00e9neo con m\u00faltiples variantes cl\u00ednicas y representa el \u00faltimo pelda\u00f1o en esta patolog\u00eda en relaci\u00f3n con su gravedad. La prevalencia del asma grave entre las personas asm\u00e1ticas var\u00eda de un pa\u00eds a otro, y se estima que el 50% de estos pacientes graves tienen un mal control de su enfermedad.<\/p>\n<p class=\"has-black-color has-text-color has-link-color wp-elements-4f0550739de10498ede7a8e518e27a0f\">Un mayor conocimiento, visibilidad y concienciaci\u00f3n de estas dos enfermedades puede ayudar a combatir el infradiagn\u00f3stico, lo que es clave para un mejor control de estas. Por este motivo, la campa\u00f1a #AireQueImpulsa trata de poner en valor el papel fundamental que tienen en materia de prevenci\u00f3n la alimentaci\u00f3n, el ejercicio f\u00edsico y la cesaci\u00f3n tab\u00e1quica, as\u00ed como acudir al\u00a0m\u00e9dico a tiempo en caso de la aparici\u00f3n de s\u00edntomas como tos o ahogo. Esta iniciativa que ahora se clausura ha servido a lo largo de todos estos meses para celebrar el poder transformador del aire, no solo como un recurso vital, sino como una fuerza que impulsa a mejorar la calidad de vida de las personas.<\/p>\n","protected":false},"excerpt":{"rendered":"En Espa\u00f1a, cerca de la mitad de los adultos presenta s\u00edntomas asociados a enfermedades respiratorias. Sin embargo, casi&hellip;\n","protected":false},"author":2,"featured_media":244462,"comment_status":"","ping_status":"","sticky":false,"template":"","format":"standard","meta":{"footnotes":""},"categories":[92],"tags":[14808,25,24,9853,165,1294,681,39325,166,23],"class_list":{"0":"post-244461","1":"post","2":"type-post","3":"status-publish","4":"format-standard","5":"has-post-thumbnail","7":"category-salud","8":"tag-epoc","9":"tag-es","10":"tag-espana","11":"tag-gsk","12":"tag-health","13":"tag-investigacion","14":"tag-medicina","15":"tag-profesional-sanitario","16":"tag-salud","17":"tag-spain"},"share_on_mastodon":{"url":"https:\/\/pubeurope.com\/@es\/115576205907415527","error":""},"_links":{"self":[{"href":"https:\/\/www.europesays.com\/es\/wp-json\/wp\/v2\/posts\/244461","targetHints":{"allow":["GET"]}}],"collection":[{"href":"https:\/\/www.europesays.com\/es\/wp-json\/wp\/v2\/posts"}],"about":[{"href":"https:\/\/www.europesays.com\/es\/wp-json\/wp\/v2\/types\/post"}],"author":[{"embeddable":true,"href":"https:\/\/www.europesays.com\/es\/wp-json\/wp\/v2\/users\/2"}],"replies":[{"embeddable":true,"href":"https:\/\/www.europesays.com\/es\/wp-json\/wp\/v2\/comments?post=244461"}],"version-history":[{"count":0,"href":"https:\/\/www.europesays.com\/es\/wp-json\/wp\/v2\/posts\/244461\/revisions"}],"wp:featuredmedia":[{"embeddable":true,"href":"https:\/\/www.europesays.com\/es\/wp-json\/wp\/v2\/media\/244462"}],"wp:attachment":[{"href":"https:\/\/www.europesays.com\/es\/wp-json\/wp\/v2\/media?parent=244461"}],"wp:term":[{"taxonomy":"category","embeddable":true,"href":"https:\/\/www.europesays.com\/es\/wp-json\/wp\/v2\/categories?post=244461"},{"taxonomy":"post_tag","embeddable":true,"href":"https:\/\/www.europesays.com\/es\/wp-json\/wp\/v2\/tags?post=244461"}],"curies":[{"name":"wp","href":"https:\/\/api.w.org\/{rel}","templated":true}]}}