{"id":244475,"date":"2025-11-19T11:58:12","date_gmt":"2025-11-19T11:58:12","guid":{"rendered":"https:\/\/www.europesays.com\/es\/244475\/"},"modified":"2025-11-19T11:58:12","modified_gmt":"2025-11-19T11:58:12","slug":"estoy-aqui-por-el-equipo-no-por-el-formato","status":"publish","type":"post","link":"https:\/\/www.europesays.com\/es\/244475\/","title":{"rendered":"Estoy aqu\u00ed por el equipo, no por el formato"},"content":{"rendered":"<p data-gtm-element-container=\"modulo-texto-link\" class=\"paragraph\"><strong>Alexander Zverev<\/strong>, n\u00famero 3 del mundo y mejor baza de Alemania para la Copa Davis, insisti\u00f3 este martes en su idea de volver al formato antiguo del torneo, con eliminatorias en casa y fuera.<\/p>\n<p data-gtm-element-container=\"modulo-texto-link\" class=\"paragraph\">\u00abEstoy muy contento de formar parte de este equipo. Ya lo he dicho antes. <strong>La \u00fanica raz\u00f3n por la que estoy aqu\u00ed es por este equipo. Sigo diciendo, y seguir\u00e9 diciendo, que prefiero el antiguo formato de la Copa Davis<\/strong>\u00ab, destac\u00f3 en rueda de prensa en Bolonia.<\/p>\n<p>    Lee tambi\u00e9n<\/p>\n<p data-gtm-element-container=\"modulo-texto-link\" class=\"paragraph\">\u00abSiempre lo he dicho y seguir\u00e9 dici\u00e9ndolo. Creo que era hist\u00f3rico. Creo que era una parte muy importante el jugar los partidos en casa y fuera\u00bb, a\u00f1adi\u00f3.<\/p>\n<p data-gtm-element-container=\"modulo-texto-link\" class=\"paragraph\">Alemania es una de las selecciones con media de edad m\u00e1s alta. A Zverev, de 28 a\u00f1os, el m\u00e1s joven, se le suman Jan-Lennard Struff, de 35, Yannick Hanfmann, de 33, y los doblistas Kevin Krawietz y Tim Puetz, de 33 y 37, respectivamente.<\/p>\n<p data-gtm-element-container=\"modulo-texto-link\" class=\"paragraph\"><strong>\u00abEntiendo que nadie se hace m\u00e1s joven. Todos queremos tener \u00e9xito juntos. <\/strong>Solo nos quedan un par de a\u00f1os para hacerlo con esta formaci\u00f3n. Por eso estoy aqu\u00ed. Creo sinceramente que tenemos un gran equipo. Creo sinceramente que tenemos un equipo con el que podemos ganar esto. Estoy deseando competir con ellos\u00bb, se\u00f1al\u00f3.<\/p>\n<p data-gtm-element-container=\"modulo-texto-link\" class=\"paragraph\">Zverev espera que la Copa Davis le sirva como trampol\u00edn para la pr\u00f3xima campa\u00f1a, algo que le pas\u00f3 a Sinner, campe\u00f3n en 2023 y 2024, ausente en esta edici\u00f3n.<strong>\u00a0\u00abPor supuesto que espero seguir los pasos de Jannik en los \u00faltimos a\u00f1os<\/strong>, sin duda\u00bb, subray\u00f3.<\/p>\n<p data-gtm-element-container=\"modulo-texto-link\" class=\"paragraph\">Zverez insisti\u00f3 en las posibilidades de Alemania: \u00abS\u00ed, para ser sincero, creo que tenemos muchas posibilidades en los pr\u00f3ximos partidos. Esperemos poder demostrarlo\u00bb.\u00a0<\/p>\n","protected":false},"excerpt":{"rendered":"Alexander Zverev, n\u00famero 3 del mundo y mejor baza de Alemania para la Copa Davis, insisti\u00f3 este martes&hellip;\n","protected":false},"author":2,"featured_media":244476,"comment_status":"","ping_status":"","sticky":false,"template":"","format":"standard","meta":{"footnotes":""},"categories":[274],"tags":[168,25,24,23,167,327,326],"class_list":{"0":"post-244475","1":"post","2":"type-post","3":"status-publish","4":"format-standard","5":"has-post-thumbnail","7":"category-tenis","8":"tag-deportes","9":"tag-es","10":"tag-espana","11":"tag-spain","12":"tag-sports","13":"tag-tenis","14":"tag-tennis"},"share_on_mastodon":{"url":"https:\/\/pubeurope.com\/@es\/115576249124126359","error":""},"_links":{"self":[{"href":"https:\/\/www.europesays.com\/es\/wp-json\/wp\/v2\/posts\/244475","targetHints":{"allow":["GET"]}}],"collection":[{"href":"https:\/\/www.europesays.com\/es\/wp-json\/wp\/v2\/posts"}],"about":[{"href":"https:\/\/www.europesays.com\/es\/wp-json\/wp\/v2\/types\/post"}],"author":[{"embeddable":true,"href":"https:\/\/www.europesays.com\/es\/wp-json\/wp\/v2\/users\/2"}],"replies":[{"embeddable":true,"href":"https:\/\/www.europesays.com\/es\/wp-json\/wp\/v2\/comments?post=244475"}],"version-history":[{"count":0,"href":"https:\/\/www.europesays.com\/es\/wp-json\/wp\/v2\/posts\/244475\/revisions"}],"wp:featuredmedia":[{"embeddable":true,"href":"https:\/\/www.europesays.com\/es\/wp-json\/wp\/v2\/media\/244476"}],"wp:attachment":[{"href":"https:\/\/www.europesays.com\/es\/wp-json\/wp\/v2\/media?parent=244475"}],"wp:term":[{"taxonomy":"category","embeddable":true,"href":"https:\/\/www.europesays.com\/es\/wp-json\/wp\/v2\/categories?post=244475"},{"taxonomy":"post_tag","embeddable":true,"href":"https:\/\/www.europesays.com\/es\/wp-json\/wp\/v2\/tags?post=244475"}],"curies":[{"name":"wp","href":"https:\/\/api.w.org\/{rel}","templated":true}]}}