{"id":244503,"date":"2025-11-19T12:14:11","date_gmt":"2025-11-19T12:14:11","guid":{"rendered":"https:\/\/www.europesays.com\/es\/244503\/"},"modified":"2025-11-19T12:14:11","modified_gmt":"2025-11-19T12:14:11","slug":"trump-amenaza-con-retirar-la-licencia-de-abc-tras-las-preguntas-de-una-periodista","status":"publish","type":"post","link":"https:\/\/www.europesays.com\/es\/244503\/","title":{"rendered":"Trump amenaza con retirar la licencia de ABC tras las preguntas de una periodista"},"content":{"rendered":"<p>    <img src=\"https:\/\/www.europesays.com\/es\/wp-content\/uploads\/2025\/11\/2025-11-19T113A333A02Z-90381051.jpg\" width=\"1024\" height=\"682\" alt=\"\" loading=\"eager\" decoding=\"sync\" fetchpriority=\"high\"\/><\/p>\n<p>            afp_tickers        <\/p>\n<p>        Este contenido fue publicado en    <\/p>\n<p>        19 noviembre 2025 &#8211; 12:33\n<\/p>\n<p>El presidente estadounidense, Donald Trump, amenaz\u00f3 el martes con revocar la licencia de transmisi\u00f3n de la cadena ABC, exasperado por las preguntas de una periodista sobre los negocios de su familia en Arabia Saudita y el esc\u00e1ndalo de Jeffrey Epstein.\u00a0<\/p>\n<p>La corresponsal de ABC News, Mary Bruce, interrog\u00f3 en el Despacho Oval a Trump y a su invitado, el pr\u00edncipe heredero saudita, Mohamed bin Salm\u00e1n, cuya responsabilidad hab\u00eda sido se\u00f1alada por los servicios de inteligencia estadounidenses en el asesinato en 2018 del periodista Jamal Khashoggi.<\/p>\n<p>\u00ab\u00bfEs apropiado, se\u00f1or presidente, que su familia haga negocios en Arabia Saudita mientras usted es presidente? \u00bfEs un conflicto de intereses?\u00bb, inquiri\u00f3 Bruce.<\/p>\n<p>El promotor saudita Dar Global anunci\u00f3 el lunes una nueva asociaci\u00f3n en Maldivas con la Organizaci\u00f3n Trump, dirigido desde 2016 por Donald Junior y Eric Trump, pero su padre sigue siendo accionista a trav\u00e9s de un fideicomiso.\u00a0<\/p>\n<p>\u00abY su alteza real, los servicios de inteligencia estadounidenses concluyeron que usted orquest\u00f3 el brutal asesinato de un periodista. Las familias de las v\u00edctimas del 11 de septiembre (un atentado cuyo cerebro fue el saudita Osama bin Laden, nota del editor) est\u00e1n furiosas de que usted est\u00e9 aqu\u00ed en el Despacho Oval. \u00bfPor qu\u00e9 los estadounidenses deber\u00edan confiar en usted?\u00bb, a\u00f1adi\u00f3, mientras Trump le preguntaba para qui\u00e9n trabajaba.<\/p>\n<p>\u00abABC noticias falsas. Una de las peores en el rubro\u00bb, interrumpi\u00f3 el mandatario, cortante.\u00a0<\/p>\n<p>El presidente neg\u00f3 cualquier conflicto de intereses. \u00abNo tengo nada que ver con los negocios de mi familia. Me alej\u00e9 de eso\u00bb, asegur\u00f3.<\/p>\n<p>Luego defendi\u00f3 vigorosamente a su invitado sobre el caso de Khashoggi, asesinado en el consulado saud\u00ed en Estambul por agentes saud\u00edes, a pesar de que la inteligencia estadounidense sugiere que aprob\u00f3 la operaci\u00f3n.<\/p>\n<p>Bin Salm\u00e1n \u00abno sab\u00eda nada\u00bb y \u00abpodemos dejarlo ah\u00ed. No necesita poner a nuestro invitado en una situaci\u00f3n inc\u00f3moda haci\u00e9ndole esa pregunta\u00bb, a\u00f1adi\u00f3.<\/p>\n<p>Sin embargo, la periodista de ABC News no se dej\u00f3 intimidar por el intercambio. Volvi\u00f3 a la carga unos minutos despu\u00e9s, esta vez preguntando el caso del difunto delincuente sexual Epstein, que fue amigo de Trump y ha sido un problema para e mandatario desde hace meses.\u00a0<\/p>\n<p>\u00abSabe, no es la pregunta lo que me molesta. Es su actitud. Creo que usted es una terrible periodista\u00bb, respondi\u00f3 Trump, furioso.<\/p>\n<p>\u00abNo tengo nada que ver con Jeffrey Epstein,\u00bb dijo el presidente.<\/p>\n<p>\u00abLe dir\u00e9 algo. Creo que se le deber\u00eda retirar la licencia (de transmisi\u00f3n) a ABC, porque sus noticias son falsas y err\u00f3neas\u00bb, continu\u00f3.\u00a0<\/p>\n<p>Trump inst\u00f3 al jefe del regulador estadounidense de radiodifusi\u00f3n (FCC), que ya en el pasado hab\u00eda amenazado a ABC con sanciones, a \u00abrevisar eso\u00bb, antes de decirle a la periodista: \u00abNo m\u00e1s preguntas de usted\u00bb.<\/p>\n<p>El enfrentamiento tiene lugar despu\u00e9s de que el presidente llamara \u00abcerdita\u00bb a otra reportera la semana pasada cuando ella le pregunt\u00f3 sobre Epstein.<\/p>\n<p>des\/cyb\/ev\/ad\/dga<\/p>\n","protected":false},"excerpt":{"rendered":"afp_tickers Este contenido fue publicado en 19 noviembre 2025 &#8211; 12:33 El presidente estadounidense, Donald Trump, amenaz\u00f3 el&hellip;\n","protected":false},"author":2,"featured_media":244504,"comment_status":"","ping_status":"","sticky":false,"template":"","format":"standard","meta":{"footnotes":""},"categories":[42],"tags":[17,18,5797,83,13,14,28790,11,61,62,63,86,64,11895,19,20,7657,5798,9,19604,10,15,16,88,90,12,21,22,65,66,67],"class_list":{"0":"post-244503","1":"post","2":"type-post","3":"status-publish","4":"format-standard","5":"has-post-thumbnail","7":"category-internacional","8":"tag-breaking-news","9":"tag-breakingnews","10":"tag-culture","11":"tag-diplomacy","12":"tag-featured-news","13":"tag-featurednews","14":"tag-freedom-of-the-press","15":"tag-headlines","16":"tag-internacional","17":"tag-international","18":"tag-international-news","19":"tag-international-relations","20":"tag-internationalnews","21":"tag-justice-and-rights","22":"tag-latest-news","23":"tag-latestnews","24":"tag-law-and-order","25":"tag-mass-media","26":"tag-news","27":"tag-news-media","28":"tag-noticias","29":"tag-noticias-destacadas","30":"tag-noticiasdestacadas","31":"tag-politics","32":"tag-ticker","33":"tag-titulares","34":"tag-ultimas-noticias","35":"tag-ultimasnoticias","36":"tag-world","37":"tag-world-news","38":"tag-worldnews"},"share_on_mastodon":{"url":"","error":"Validation failed: Text character limit of 500 exceeded"},"_links":{"self":[{"href":"https:\/\/www.europesays.com\/es\/wp-json\/wp\/v2\/posts\/244503","targetHints":{"allow":["GET"]}}],"collection":[{"href":"https:\/\/www.europesays.com\/es\/wp-json\/wp\/v2\/posts"}],"about":[{"href":"https:\/\/www.europesays.com\/es\/wp-json\/wp\/v2\/types\/post"}],"author":[{"embeddable":true,"href":"https:\/\/www.europesays.com\/es\/wp-json\/wp\/v2\/users\/2"}],"replies":[{"embeddable":true,"href":"https:\/\/www.europesays.com\/es\/wp-json\/wp\/v2\/comments?post=244503"}],"version-history":[{"count":0,"href":"https:\/\/www.europesays.com\/es\/wp-json\/wp\/v2\/posts\/244503\/revisions"}],"wp:featuredmedia":[{"embeddable":true,"href":"https:\/\/www.europesays.com\/es\/wp-json\/wp\/v2\/media\/244504"}],"wp:attachment":[{"href":"https:\/\/www.europesays.com\/es\/wp-json\/wp\/v2\/media?parent=244503"}],"wp:term":[{"taxonomy":"category","embeddable":true,"href":"https:\/\/www.europesays.com\/es\/wp-json\/wp\/v2\/categories?post=244503"},{"taxonomy":"post_tag","embeddable":true,"href":"https:\/\/www.europesays.com\/es\/wp-json\/wp\/v2\/tags?post=244503"}],"curies":[{"name":"wp","href":"https:\/\/api.w.org\/{rel}","templated":true}]}}