{"id":244507,"date":"2025-11-19T12:16:32","date_gmt":"2025-11-19T12:16:32","guid":{"rendered":"https:\/\/www.europesays.com\/es\/244507\/"},"modified":"2025-11-19T12:16:32","modified_gmt":"2025-11-19T12:16:32","slug":"la-aemet-lanza-un-aviso-especial-por-nevadas-en-cotas-bajas-estas-son-las-capitales-en-las-que-puede-nevar-sociedad","status":"publish","type":"post","link":"https:\/\/www.europesays.com\/es\/244507\/","title":{"rendered":"La AEMET lanza un aviso especial por nevadas en cotas bajas: estas son las capitales en las que puede nevar | Sociedad"},"content":{"rendered":"<p>Protecci\u00f3n Civil alerta de un descenso extremo de las temperaturas por la entrada de una masa de aire \u00e1rtico que provocar\u00e1 nevadas en el tercio norte de la Pen\u00ednsula y que situar\u00e1n la cota de nieve de forma generalizada por debajo de los 600 metros desde el jueves. <\/p>\n<blockquote class=\"twitter-tweet\">\n<p lang=\"es\" dir=\"ltr\">\ud83d\udea8 Acusado descenso de las temperaturas\ud83c\udf21\ufe0f\ud83d\udcc9  <\/p>\n<p>\ud83c\udf2c\ufe0f La masa de aire \u00e1rtico se dejar\u00e1 notar a partir de ma\u00f1ana y afectar\u00e1 sobre todo al tercio norte<\/p>\n<p>\ud83c\udfd4\ufe0f Nevar\u00e1 en zonas de monta\u00f1a <\/p>\n<p>\u2744\ufe0f El jueves la cota caer\u00e1 hasta los 600m.  \ud83e\udd76<\/p>\n<p>\u2139\ufe0f Toda la informaci\u00f3n: <a href=\"https:\/\/t.co\/tb4E5PhAgq\" rel=\"nofollow\">https:\/\/t.co\/tb4E5PhAgq<\/a> <a href=\"https:\/\/t.co\/ktDeHVXqgF\" rel=\"nofollow\">pic.twitter.com\/ktDeHVXqgF<\/a><\/p>\n<p>\u2014 Protecci\u00f3n Civil (@proteccioncivil) <a href=\"https:\/\/twitter.com\/proteccioncivil\/status\/1990801863126757638?ref_src=twsrc%5Etfw\" rel=\"nofollow noopener\" target=\"_blank\">November 18, 2025<\/a><\/p><\/blockquote>\n<p>Desde la AEMET han lanzado un aviso especial por nevadas en cotas bajas en el tercio norte peninsular desde este jueves 20 de noviembre y hasta las \u00faltimas horas del viernes 21 de noviembre. <\/p>\n<p>M\u00e1s informaci\u00f3n<\/p>\n<p>Este cambio significativo del tiempo llega ya este mi\u00e9rcoles, cuando penetrar\u00e1 en la Pen\u00ednsula y Baleares una masa de aire de origen \u00e1rtico que dar\u00e1 lugar al episodio invernal caracterizado por un acusado descenso t\u00e9rmico y nevadas en el tercio norte peninsular, especialmente significativas en la fachada cant\u00e1brica.<\/p>\n<p>Mi\u00e9rcoles: nieve en la cordillera Cant\u00e1brica y en la cara norte de Pirineos<\/p>\n<p>Este mi\u00e9rcoles 19 se establecer\u00e1 en el Cant\u00e1brico un flujo h\u00famedo de componente norte con gran recorrido mar\u00edtimo, que dar\u00e1 lugar a precipitaciones moderadas y persistentes, especialmente durante la segunda mitad del d\u00eda. Ser\u00e1n en forma de nieve a partir de unos 900 &#8211; 1.200 metros, super\u00e1ndose espesores de 5 cent\u00edmetros en puntos de la cordillera Cant\u00e1brica y de la cara norte de Pirineos.<\/p>\n<p>Jueves: cota de nieve en 600 metros<\/p>\n<p>Con la progresiva entrada de la masa \u00e1rtica, la cota de nieve descender\u00e1 r\u00e1pidamente durante el jueves hasta situarse por debajo de los 600 metros de forma generalizada en el tercio norte peninsular, con nevadas que podr\u00e1n afectar no s\u00f3lo a \u00e1reas monta\u00f1osas, sino tambi\u00e9n a zonas bajas circundantes a partir de mediod\u00eda, como puntos de interior de Pa\u00eds Vasco, Navarra y el norte de la meseta norte. Ser\u00e1n especialmente copiosas en la cordillera Cant\u00e1brica, donde se podr\u00e1n acumular localmente m\u00e1s de 20 cent\u00edmetros en 24 horas.<\/p>\n<blockquote class=\"twitter-tweet\">\n<p lang=\"es\" dir=\"ltr\">El fr\u00edo \u00e1rtico engulle Espa\u00f1a \ud83e\udd76 Jueves y viernes, el term\u00f3metro a -22 \u00baC en el Pirineo \ud83e\udde5Nevadona en la \ud83c\udfd4\ufe0f Cant\u00e1brica &gt;50 cm. En el Pirineo 20-30 cm. Cota 200-300 m en el Cant\u00e1brico oriental y Navarra<br \/>\u2744\ufe0f Vitoria\u2744\ufe0fLogro\u00f1o\u2744\ufe0fPamplona\u2744\ufe0fSoria\u2744\ufe0fSegovia\u2744\ufe0f\u00c1vila\u2744\ufe0fBurgos\u2744\ufe0fLe\u00f3n <a href=\"https:\/\/t.co\/AUurGvGMd3\" rel=\"nofollow\">pic.twitter.com\/AUurGvGMd3<\/a><\/p>\n<p>\u2014 Gabriel G. Valc\u00e1rcel (@GabriValcarcel) <a href=\"https:\/\/twitter.com\/GabriValcarcel\/status\/1990408556902862946?ref_src=twsrc%5Etfw\" rel=\"nofollow noopener\" target=\"_blank\">November 17, 2025<\/a><\/p><\/blockquote>\n<p>Lo peor llegar\u00e1 el jueves noche y viernes por la ma\u00f1ana<\/p>\n<p>El momento \u00e1lgido del episodio se espera entre las \u00faltimas horas del jueves 20 y la ma\u00f1ana del viernes 21, cuando la cota de nieve se situar\u00e1 alrededor de los 300 &#8211; 400 m en el Cant\u00e1brico oriental y alto Ebro, sin descartar que localmente se den desplomes adicionales. El impacto podr\u00e1 ser significativo en esta zona, siendo probable que las acumulaciones superen los 3 &#8211; 5 cent\u00edmetros, afectando a v\u00edas de comunicaci\u00f3n importantes. Adem\u00e1s, durante el viernes se podr\u00edan acumular nuevamente m\u00e1s de 10 &#8211; 20 cent\u00edmetros en puntos de monta\u00f1a del tercio norte peninsular. De forma menos significativa las nevadas tambi\u00e9n afectar\u00e1n a los sistemas Ib\u00e9rico y Central durante el episodio, sin descartarlas en el prepirineo catal\u00e1n.<\/p>\n<p>Seg\u00fan Meteored, la nieve puede caer en capitales como Segovia, Burgos, Vitoria, Pamplona, Le\u00f3n, Soria y Logro\u00f1o. <\/p>\n<p>Baj\u00f3n t\u00e9rmico<\/p>\n<p>En cuanto a las temperaturas, ya comenzaron a descender el martes, especialmente en la mitad norte, con heladas que han ganado extensi\u00f3n en \u00e1reas monta\u00f1osas. En los d\u00edas sucesivos se generalizar\u00e1n los descensos t\u00e9rmicos moderados, sin descartar que sean localmente notables. De esta forma, se espera que las m\u00e1ximas se sit\u00faen por debajo de los 10 \u00baC en amplias zonas de la Pen\u00ednsula, a excepci\u00f3n del cuadrante suroeste y los litorales, donde ser\u00e1n ligeramente superiores. Las heladas ganar\u00e1n cobertura espacial, pudiendo ser fuertes en Pirineos y moderadas en el resto de entornos monta\u00f1osos de la mitad norte y las B\u00e9ticas. Ser\u00e1n d\u00e9biles en otros puntos de interior, destacando la meseta Norte.<\/p>\n<blockquote class=\"twitter-tweet\">\n<p lang=\"es\" dir=\"ltr\">\u26a0\ufe0fAVISO ESPECIAL | Nevadas en cotas bajas.<\/p>\n<p>\u27a1\ufe0f Tiempo invernal, con heladas y nevadas a partir de 300 a 400 metros en el tercio norte.<\/p>\n<p>\u27a1\ufe0fLa nieve afectar\u00e1 a ciudades y v\u00edas de comunicaci\u00f3n importantes. Mantente informado de la situaci\u00f3n.<\/p>\n<p>+ info \ud83d\udc49<a href=\"https:\/\/t.co\/48Lsr8R9TN\" rel=\"nofollow\">https:\/\/t.co\/48Lsr8R9TN<\/a> <a href=\"https:\/\/t.co\/O3el2v8ZvG\" rel=\"nofollow\">pic.twitter.com\/O3el2v8ZvG<\/a><\/p>\n<p>\u2014 AEMET (@AEMET_Esp) <a href=\"https:\/\/twitter.com\/AEMET_Esp\/status\/1990791491510546551?ref_src=twsrc%5Etfw\" rel=\"nofollow noopener\" target=\"_blank\">November 18, 2025<\/a><\/p><\/blockquote>\n<p>El final del episodio de pleno invierno<\/p>\n<p>A partir de la tarde del s\u00e1bado, y en un entorno de creciente incertidumbre, el escenario m\u00e1s probable indica que penetrar\u00eda una masa de aire atl\u00e1ntica m\u00e1s c\u00e1lida que iniciar\u00eda un ascenso tanto de las temperaturas como de la cota de nieve, y que se mantendr\u00eda en jornadas posteriores, quedando as\u00ed progresivamente las nevadas y las heladas restringidas a zonas de monta\u00f1a. <\/p>\n<p><script async src=\"https:\/\/platform.twitter.com\/widgets.js\" charset=\"utf-8\"><\/script><\/p>\n","protected":false},"excerpt":{"rendered":"Protecci\u00f3n Civil alerta de un descenso extremo de las temperaturas por la entrada de una masa de aire&hellip;\n","protected":false},"author":2,"featured_media":244508,"comment_status":"","ping_status":"","sticky":false,"template":"","format":"standard","meta":{"footnotes":""},"categories":[5],"tags":[17,18,25,24,13,14,11,19,20,9,10,15,16,23,12,21,22],"class_list":{"0":"post-244507","1":"post","2":"type-post","3":"status-publish","4":"format-standard","5":"has-post-thumbnail","7":"category-titulares","8":"tag-breaking-news","9":"tag-breakingnews","10":"tag-es","11":"tag-espana","12":"tag-featured-news","13":"tag-featurednews","14":"tag-headlines","15":"tag-latest-news","16":"tag-latestnews","17":"tag-news","18":"tag-noticias","19":"tag-noticias-destacadas","20":"tag-noticiasdestacadas","21":"tag-spain","22":"tag-titulares","23":"tag-ultimas-noticias","24":"tag-ultimasnoticias"},"share_on_mastodon":{"url":"https:\/\/pubeurope.com\/@es\/115576319718432463","error":""},"_links":{"self":[{"href":"https:\/\/www.europesays.com\/es\/wp-json\/wp\/v2\/posts\/244507","targetHints":{"allow":["GET"]}}],"collection":[{"href":"https:\/\/www.europesays.com\/es\/wp-json\/wp\/v2\/posts"}],"about":[{"href":"https:\/\/www.europesays.com\/es\/wp-json\/wp\/v2\/types\/post"}],"author":[{"embeddable":true,"href":"https:\/\/www.europesays.com\/es\/wp-json\/wp\/v2\/users\/2"}],"replies":[{"embeddable":true,"href":"https:\/\/www.europesays.com\/es\/wp-json\/wp\/v2\/comments?post=244507"}],"version-history":[{"count":0,"href":"https:\/\/www.europesays.com\/es\/wp-json\/wp\/v2\/posts\/244507\/revisions"}],"wp:featuredmedia":[{"embeddable":true,"href":"https:\/\/www.europesays.com\/es\/wp-json\/wp\/v2\/media\/244508"}],"wp:attachment":[{"href":"https:\/\/www.europesays.com\/es\/wp-json\/wp\/v2\/media?parent=244507"}],"wp:term":[{"taxonomy":"category","embeddable":true,"href":"https:\/\/www.europesays.com\/es\/wp-json\/wp\/v2\/categories?post=244507"},{"taxonomy":"post_tag","embeddable":true,"href":"https:\/\/www.europesays.com\/es\/wp-json\/wp\/v2\/tags?post=244507"}],"curies":[{"name":"wp","href":"https:\/\/api.w.org\/{rel}","templated":true}]}}