{"id":244509,"date":"2025-11-19T12:21:12","date_gmt":"2025-11-19T12:21:12","guid":{"rendered":"https:\/\/www.europesays.com\/es\/244509\/"},"modified":"2025-11-19T12:21:12","modified_gmt":"2025-11-19T12:21:12","slug":"amante-del-golf-y-del-montanismo","status":"publish","type":"post","link":"https:\/\/www.europesays.com\/es\/244509\/","title":{"rendered":"amante del golf y del monta\u00f1ismo"},"content":{"rendered":"<p data-mrf-recirculation=\"Links P\u00e1rrafos\" class=\"ue-c-article__paragraph paragraph ue-c-article--first-letter-highlighted\">Espa\u00f1a se juega el pase a las semifinales de la <strong>Copa Davis ante una Rep\u00fablica Checa<\/strong> que llega con memoria de \u00e9xito, un banquillo experimentado y, sobre todo, <strong>dos raquetas muy potentes en pista r\u00e1pida: Jiri Lehecka y Jakub Mensik, n\u00fameros 17 y 19 del ranking ATP<\/strong>. La dupla checa, joven, pero peligrosamente madura, se ha convertido en una amenaza real para un combinado espa\u00f1ol que, pese a su fortaleza hist\u00f3rica, encara un duelo repleto de interrogantes.<\/p>\n<p data-mrf-recirculation=\"Links P\u00e1rrafos\" class=\"ue-c-article__paragraph paragraph\"><strong>Todas las miradas, sin embargo, se posan en Jiri Lehecka<\/strong>. No solo por su clasificaci\u00f3n o por un presente deportivo que roza la excelencia, sino porque su perfil rompe moldes en el circuito. <strong>El l\u00edder checo es, a la vez, un apasionado del monta\u00f1ismo y un aficionado declarado al golf<\/strong>. Un deportista cuyos intereses extradeportivos influyen directamente en su rendimiento, y que podr\u00eda convertirse en el gran dolor de cabeza de Espa\u00f1a en esta eliminatoria.<\/p>\n<p><img decoding=\"async\" width=\"2909\" height=\"2000\" class=\"ue-c-article__image lazyload\" alt=\"Lehecka pega de derecha.\" loading=\"lazy\" src=\"https:\/\/www.europesays.com\/es\/wp-content\/uploads\/2025\/11\/68b737030758b.jpeg\"\/><\/p>\n<p>Lehecka pega de derecha.CRISTOBAL HERRERA ULASHKEVICH<\/p>\n<p data-mrf-recirculation=\"Links P\u00e1rrafos\" class=\"ue-c-article__paragraph paragraph\">Su temporada, desde luego, impone respeto.<strong> Lehecka levant\u00f3 el t\u00edtulo del ATP 250 de Brisbane, fue subcampe\u00f3n en Bruselas y tambi\u00e9n en Queen\u2019s, una de las plazas cl\u00e1sicas de la hierba brit\u00e1nica.<\/strong> Alcanz\u00f3 los cuartos de final del US Open, confirmando que puede rendir al m\u00e1ximo en superficies r\u00e1pidas, y ha mantenido un registro impecable en los clasificatorios, donde incluso derrot\u00f3 al estadounidense Taylor Fritz, uno de los jugadores m\u00e1s temidos por Espa\u00f1a debido a su potencia y agresividad.<\/p>\n<p>Sus pasiones fuera del tenis<\/p>\n<p data-mrf-recirculation=\"Links P\u00e1rrafos\" class=\"ue-c-article__paragraph paragraph\"><strong>Pero al margen de los n\u00fameros, lo que define a Lehecka es su naturaleza. El checo afirma que el monta\u00f1ismo ha sido un apoyo tan importante como su propio tenis.<\/strong> \u201cEs un poco diferente, por supuesto. Llevo en mis genes el deporte. Es mi pasi\u00f3n, sin lugar a dudas\u201d, confes\u00f3 a la ATP. Y en ese camino paralelo entre la raqueta y la monta\u00f1a, encuentra la serenidad que le permite competir sin ansiedad, sin ruido, sin los fantasmas que muchas veces atrapan a los jugadores emergentes. Subir cumbres, seg\u00fan \u00e9l, es un ejercicio de paciencia y precisi\u00f3n que le sirve como entrenamiento mental para los partidos largos y tensos.<\/p>\n<p data-mrf-recirculation=\"Links P\u00e1rrafos\" class=\"ue-c-article__paragraph paragraph\">Y si la monta\u00f1a le aporta paz, el golf le proporciona diversi\u00f3n.<strong> Lehecka reconoce que cada vez que vuelve a casa y tiene una tarde libre, se sienta frente a Golf Channel para seguir torneos y jugadores<\/strong> como Bryson DeChambeau, su gran referencia. Tambi\u00e9n admiti\u00f3 sentirse \u201cmuy feliz\u201d cuando Rory McIlroy conquist\u00f3 The Masters, un gesto que evidencia su implicaci\u00f3n emocional con un deporte que, seg\u00fan \u00e9l mismo, le ayuda a desconectar del tenis sin perder la concentraci\u00f3n.<\/p>\n<p><img decoding=\"async\" width=\"946\" height=\"630\" class=\"ue-c-article__image lazyload\" alt=\"Jiri Lehecka y Nicol\u00e1s \u00c1lvarez Varona\" loading=\"lazy\" src=\"https:\/\/www.europesays.com\/es\/wp-content\/uploads\/2025\/11\/16600760579609.jpeg\"\/><\/p>\n<p data-mrf-recirculation=\"Links P\u00e1rrafos\" class=\"ue-c-article__paragraph paragraph\"><strong>Eso s\u00ed, Lehecka no presume de su nivel sobre el green. Al contrario, se r\u00ede de s\u00ed mismo y se define como un golfista torpe<\/strong>. \u201cSoy muy, muy malo. Para m\u00ed, el mayor desaf\u00edo todav\u00eda es conseguir que la bola vuele recta\u201d, confes\u00f3 en una entrevista con ATPTour.com. Lo interesante es que, incluso ah\u00ed, el paralelismo con el tenis aparece: \u201cAl igual que sucede en el tenis, me gusta la forma en que me siento al mejorar ciertos detalles. No necesito ser pasional. Es divertido, estoy en un entorno natural\u2026 es relajante y me da motivaci\u00f3n adicional\u201d.<\/p>\n","protected":false},"excerpt":{"rendered":"Espa\u00f1a se juega el pase a las semifinales de la Copa Davis ante una Rep\u00fablica Checa que llega&hellip;\n","protected":false},"author":2,"featured_media":244510,"comment_status":"","ping_status":"","sticky":false,"template":"","format":"standard","meta":{"footnotes":""},"categories":[274],"tags":[168,25,24,23,167,327,326],"class_list":{"0":"post-244509","1":"post","2":"type-post","3":"status-publish","4":"format-standard","5":"has-post-thumbnail","7":"category-tenis","8":"tag-deportes","9":"tag-es","10":"tag-espana","11":"tag-spain","12":"tag-sports","13":"tag-tenis","14":"tag-tennis"},"share_on_mastodon":{"url":"https:\/\/pubeurope.com\/@es\/115576339944779637","error":""},"_links":{"self":[{"href":"https:\/\/www.europesays.com\/es\/wp-json\/wp\/v2\/posts\/244509","targetHints":{"allow":["GET"]}}],"collection":[{"href":"https:\/\/www.europesays.com\/es\/wp-json\/wp\/v2\/posts"}],"about":[{"href":"https:\/\/www.europesays.com\/es\/wp-json\/wp\/v2\/types\/post"}],"author":[{"embeddable":true,"href":"https:\/\/www.europesays.com\/es\/wp-json\/wp\/v2\/users\/2"}],"replies":[{"embeddable":true,"href":"https:\/\/www.europesays.com\/es\/wp-json\/wp\/v2\/comments?post=244509"}],"version-history":[{"count":0,"href":"https:\/\/www.europesays.com\/es\/wp-json\/wp\/v2\/posts\/244509\/revisions"}],"wp:featuredmedia":[{"embeddable":true,"href":"https:\/\/www.europesays.com\/es\/wp-json\/wp\/v2\/media\/244510"}],"wp:attachment":[{"href":"https:\/\/www.europesays.com\/es\/wp-json\/wp\/v2\/media?parent=244509"}],"wp:term":[{"taxonomy":"category","embeddable":true,"href":"https:\/\/www.europesays.com\/es\/wp-json\/wp\/v2\/categories?post=244509"},{"taxonomy":"post_tag","embeddable":true,"href":"https:\/\/www.europesays.com\/es\/wp-json\/wp\/v2\/tags?post=244509"}],"curies":[{"name":"wp","href":"https:\/\/api.w.org\/{rel}","templated":true}]}}