{"id":244511,"date":"2025-11-19T12:22:09","date_gmt":"2025-11-19T12:22:09","guid":{"rendered":"https:\/\/www.europesays.com\/es\/244511\/"},"modified":"2025-11-19T12:22:09","modified_gmt":"2025-11-19T12:22:09","slug":"vuelta-espana-2026-no-habra-final-en-canarias","status":"publish","type":"post","link":"https:\/\/www.europesays.com\/es\/244511\/","title":{"rendered":"Vuelta Espa\u00f1a 2026: No habr\u00e1 final en Canarias"},"content":{"rendered":"<blockquote class=\"twitter-tweet\" data-media-max-width=\"560\">\n<p dir=\"ltr\" lang=\"es\">\ud83d\udccd\u2133 \ud835\udcde \ud835\udcdd \ud835\udcd0 \ud835\udcd2 \ud835\udcde\ud83c\uddf2\ud83c\udde8\ud83d\udeb2<\/p>\n<p>\ud83d\udcaa\ud83c\udffcStage 1 of <a href=\"https:\/\/twitter.com\/hashtag\/LaVuelta26?src=hash&amp;ref_src=twsrc%5Etfw\" rel=\"nofollow noopener\" target=\"_blank\">#LaVuelta26<\/a> here we go! \ud83d\udd25<br \/>\u27a1\ufe0f Invidual time trial <br \/>\u27a1\ufe0f 9.6 KM<\/p>\n<p>\ud83d\udcaa\ud83c\udffc\u00a1Etapa 1 de <a href=\"https:\/\/twitter.com\/hashtag\/LaVuelta26?src=hash&amp;ref_src=twsrc%5Etfw\" rel=\"nofollow noopener\" target=\"_blank\">#LaVuelta26<\/a>, all\u00e1 vamos! \ud83d\udd25<br \/>\u27a1\ufe0f Contrarreloj individual <br \/>\u27a1\ufe0f 9.6 KM <a href=\"https:\/\/t.co\/9AJPDjF1ta\" rel=\"nofollow\">pic.twitter.com\/9AJPDjF1ta<\/a><\/p>\n<p>\u2014 La Vuelta (@lavuelta) <a href=\"https:\/\/twitter.com\/lavuelta\/status\/1982030331143451117?ref_src=twsrc%5Etfw\" rel=\"nofollow noopener\" target=\"_blank\">October 25, 2025<\/a><\/p>\n<\/blockquote>\n<p style=\"text-align: justify;\"><strong>Redacci\u00f3n \/ <a href=\"https:\/\/www.ciclo21.com\" target=\"_blank\" rel=\"noopener nofollow\">Ciclo 21<\/a><\/strong><\/p>\n<p><strong>18 noviembre<\/strong><\/p>\n<p style=\"text-align: justify;\"><strong>La edici\u00f3n 2026 de La Vuelta no concluir\u00e1 en Canaria<\/strong>s, a pesar de que estaba todo pr\u00e1cticamente acordado para cerrar la carrera en las islas. <strong>La decisi\u00f3n definitiva se produjo antes del final de la pasada \u00abronda espa\u00f1ola\u00bb, marcada por las protestas contra la presencia del equipo Israel\u2013Premier Tech, vinculado al propietario Sylvan Adams y al contexto pol\u00edtico en Gaza<\/strong>. Esta pol\u00e9mica ha condicionado las negociaciones con los cabildos insulares, que se manten\u00edan firmes en su rechazo a acoger la carrera si el equipo participaba.\u00a0<\/p>\n<p style=\"text-align: justify;\"><strong>El Cabildo de Gran Canaria reiter\u00f3 que su postura no ha cambiado pese a los rumores sobre la posible desvinculaci\u00f3n de Adams y un traslado de la licencia del equipo a otro pa\u00eds<\/strong>. Tenerife, por su parte, tampoco asumir\u00e1 en solitario los costes de alrededor de 6,5 millones de euros que supondr\u00eda organizar las etapas finales sin la participaci\u00f3n de Gran Canaria, lo que hac\u00eda inviable cerrar la Vuelta en las islas. <strong>La idea original inclu\u00eda dos etapas en cada isla, pero la falta de acuerdo ha descartado esa opci\u00f3n<\/strong>.<\/p>\n<p style=\"text-align: justify;\">Con la presentaci\u00f3n del recorrido prevista para el 17 de diciembre en M\u00f3naco, y a menos de un mes del anuncio oficial, <strong>la organizaci\u00f3n deber\u00e1 buscar un nuevo final para la carrera, que se disputar\u00e1 del 22 de agosto al 13 de septiembre<\/strong>. La tradicional llegada en Madrid pierde fuerza debido a la coincidencia con el Gran Premio de F\u00f3rmula 1, dejando abierto el debate sobre posibles alternativas y posponiendo, de momento, el retorno de La Vuelta a Canarias, que no pisa desde 1988.<\/p>\n<p><strong>29 octubre<\/strong><\/p>\n<p style=\"text-align: justify;\">El <strong>17 de diciembre, a las 19:00 horas<\/strong>, Unipublic <strong>presentar\u00e1 el recorrido de la<\/strong> <strong data-start=\"3\" data-end=\"27\">Vuelta a Espa\u00f1a 2026<\/strong> en la Salle des \u00e9toiles del Monte-Carlo Sporting de <strong>M\u00f3naco<\/strong> (26 Av. Princesse Gr\u00e2ce, 98000 Monaco, M\u00f3naco). La organizaci\u00f3n anunciar\u00e1 las localidades por las que discurrir\u00e1n las 21 etapas de 2026, a\u00f1o en el que se celebrar\u00e1 la 81\u00aa edici\u00f3n de la carrera. La Vuelta 26 tendr\u00e1 lugar del 22 de agosto al 13 de septiembre.<\/p>\n<p><strong>25 octubre<\/strong><\/p>\n<p style=\"text-align: justify;\" data-start=\"0\" data-end=\"542\">La <strong data-start=\"3\" data-end=\"27\">Vuelta a Espa\u00f1a 2026<\/strong> ha revelado el recorrido de su <strong data-start=\"59\" data-end=\"78\">etapa inaugural<\/strong>, una contrarreloj individual que se disputar\u00e1 el <a href=\"https:\/\/www.ciclo21.com\/ciclismo-calendarios-uci-completos-2026\/\" target=\"_blank\" rel=\"noopener nofollow\"><strong data-start=\"128\" data-end=\"151\">s\u00e1bado 22 de agosto<\/strong><\/a> en el <strong data-start=\"158\" data-end=\"182\">Principado de M\u00f3naco<\/strong>. La ronda espa\u00f1ola volver\u00e1 as\u00ed a arrancar en el extranjero, como ya ocurri\u00f3 en 2025 con la Gran Salida en el Piamonte. El trazado, presentado oficialmente esta ma\u00f1ana, tendr\u00e1 una longitud de <strong data-start=\"374\" data-end=\"392\">9,6 kil\u00f3metros<\/strong> por las calles de <strong data-start=\"411\" data-end=\"425\">Montecarlo<\/strong>, y recrear\u00e1 en parte el recorrido del c\u00e9lebre <strong data-start=\"472\" data-end=\"500\">Gran Premio de F\u00f3rmula 1<\/strong>, con la meta situada en el mismo punto.<\/p>\n<p style=\"text-align: justify;\" data-start=\"544\" data-end=\"926\">La <strong data-start=\"547\" data-end=\"557\">salida<\/strong> se ubicar\u00e1 frente al ic\u00f3nico <strong data-start=\"587\" data-end=\"611\">Casino de Montecarlo<\/strong>, y los ciclistas afrontar\u00e1n un tramo inicial <strong data-start=\"657\" data-end=\"679\">t\u00e9cnico y revirado<\/strong>, con m\u00faltiples curvas que pondr\u00e1n a prueba su habilidad sobre la cabra. A continuaci\u00f3n, el recorrido se abrir\u00e1 a una <strong data-start=\"797\" data-end=\"812\">larga recta<\/strong> que bordear\u00e1 la <strong data-start=\"829\" data-end=\"850\">playa de Larvotto<\/strong> y el <strong data-start=\"856\" data-end=\"878\">Puerto de H\u00e9rcules<\/strong>, antes de encarar la parte final del trazado.<\/p>\n<p style=\"text-align: justify;\" data-start=\"928\" data-end=\"1197\" data-is-last-node=\"\" data-is-only-node=\"\">En los \u00faltimos kil\u00f3metros, la contrarreloj se volver\u00e1 m\u00e1s sinuosa, pasando junto al <strong data-start=\"1012\" data-end=\"1040\">Roseto Principessa Grace<\/strong>, el <strong data-start=\"1045\" data-end=\"1067\">Espace Fontvieille<\/strong> y el <strong data-start=\"1073\" data-end=\"1091\">Stade Louis II<\/strong>, antes de encarar la l\u00ednea de <strong data-start=\"1122\" data-end=\"1130\">meta<\/strong>, donde se entregar\u00e1 el <strong data-start=\"1154\" data-end=\"1177\">primer maillot rojo<\/strong> de la edici\u00f3n 2026.<\/p>\n<p data-start=\"928\" data-end=\"1197\" data-is-last-node=\"\" data-is-only-node=\"\"><a href=\"https:\/\/www.ciclo21.com\/vuelta-espana-todas-las-etapas-en-el-extranjero-piamonte-2025\/\" target=\"_blank\" rel=\"noopener nofollow\"><strong>TODAS LAS ETAPAS DE LA VUELTA ESPA\u00d1A EN EL EXTRANJERO<\/strong><\/a><\/p>\n<p><a href=\"https:\/\/www.europesays.com\/es\/wp-content\/uploads\/2025\/11\/Vuelta-a-Espana-2026-Crono-Principato-di-Monaco.jpg\" target=\"_blank\" rel=\"noopener\"><img fetchpriority=\"high\" decoding=\"async\" aria-describedby=\"caption-attachment-451340\" class=\"wp-image-451340  lazy\" src=\"data:image\/svg+xml,%3Csvg%20xmlns=\" http:=\"\" data-src=\"https:\/\/www.europesays.com\/es\/wp-content\/uploads\/2025\/11\/Vuelta-a-Espana-2026-Crono-Principato-di-Monaco.jpg\" alt=\"\" width=\"743\" height=\"929\" data- data-\/><\/a><\/p>\n<p id=\"caption-attachment-451340\" class=\"wp-caption-text\">Mapa de la etapa<\/p>\n<p style=\"text-align: justify;\"><strong>M\u00f3naco acoger\u00e1 la salida oficial de La Vuelta 26 como se confirm\u00f3 el pasado 16 de mayo y que se presenta este s\u00e1bado 25 de octubre en el pa\u00eds mediterr\u00e1neo<\/strong>. As\u00ed se hizo oficial en un acto celebrado en Yacht Club de M\u00f3naco con un acuerdo firmado por <strong>Pierre Dartout<\/strong>, Ministro de Estado del Principado, <strong>Yann Le Moenner<\/strong>, C.E.O. de Amaury Sport Organisation, y <strong>Javier Guill\u00e9n<\/strong>, director general de La Vuelta, con la presencia de S.A.S. el <strong>Pr\u00edncipe Alberto II de M\u00f3naco<\/strong>. De esta forma, la 81\u00aa edici\u00f3n de la carrera volver\u00e1 a vivir una nueva salida oficial en <strong>territorio internacional<\/strong> tras haber partido de <strong>Portugal, Pa\u00edses Bajos y Francia.<\/strong><\/p>\n<p style=\"text-align: justify;\">La <strong>etapa inaugural<\/strong> se desarrollar\u00e1 de forma \u00edntegra en territorio monegasco, que tambi\u00e9n acoger\u00e1 la <strong>salida de la segunda etapa<\/strong> de La Vuelta 26. De este modo, La Vuelta vivir\u00e1 una nueva salida oficial en territorio extranjero tras las ya celebradas en <strong>Lisboa<\/strong> (1997), <strong>Assen<\/strong> (2009), <strong>N\u00eemes<\/strong> (2017) y <strong>Utrecht<\/strong> (2022), y la que acoger\u00e1 <strong>Lisboa, Oeiras y Cascais<\/strong> en 2024.<\/p>\n<p style=\"text-align: justify;\">En 2026, el Principado de M\u00f3naco sumar\u00e1 a la ronda espa\u00f1ola a la n\u00f3mina de <strong>grandes eventos deportivos celebrados en sus calles. <\/strong>En ciclismo, ya organiz\u00f3 la <strong>Grand D\u00e9part del Tour de Francia<\/strong> <strong>en 2009<\/strong> y volver\u00e1 a ser protagonista de la ronda gala acogiendo la salida de la contrarreloj final que unir\u00e1 M\u00f3naco y Niza en la <strong>\u00faltima etapa del Tour de Francia 2024<\/strong>.<\/p>\n<p><strong>15 septiembre 2025<\/strong><\/p>\n<p style=\"text-align: justify;\">Cuando todo parec\u00eda que la<strong> 81\u00aa Vuelta a Espa\u00f1a<\/strong> iba a regresar a las <strong>Islas Canarias,<\/strong> los acontecimientos de la ya <a href=\"https:\/\/www.ciclo21.com\/la-vuelta-2025-israel-palestina-15sept\/\" target=\"_blank\" rel=\"noopener nofollow\"><strong>pasada edici\u00f3n con la presencia del equipo Israel<\/strong><\/a> y las manifestaciones han cambiado los planes. As\u00ed lo afirm\u00f3 el <strong>presidente del Cabildo de Gran Canaria, Antonio Morales<\/strong>, cuando le preguntaron sobre el preacuerdo con Unpublic y el Gobierno de Canarias y el Cabildo de Tenerife para clausurar una gran ronda espa\u00f1ola que comenzar\u00e1 el Principado de M\u00f3naco. <strong>\u00abSi participa el Israel, Canarias no acoger\u00e1 la Vuelta\u00bb<\/strong>. Una circunstancia que si no lo deciden la UCI y el COI no pasar\u00e1 porque el equipo de <strong>Sylvan Adams<\/strong> tiene derecho a participar.<\/p>\n<p style=\"text-align: justify;\">Morales dijo durante un homenaje a los ni\u00f1os palestinos asesinados en Gaza que \u201c<strong>Gran Canaria no est\u00e1 dispuesta a blanquear el genocidio del Estado de Israel a trav\u00e9s del deporte o cualquier otra actividad. No hay nada definitivamente firmado<\/strong>. <strong>Pero participando Israel, no. Gran Canaria no acoger\u00e1 la Vuelta a Espa\u00f1a. La coherencia pol\u00edtica y la solidaridad con Palestina son prioritarias. Estamos siendo testigos de un exterminio transmitido en directo. No son cifras, son ni\u00f1os y ni\u00f1as. El\u00a0Estado de Israel elige matar ni\u00f1os y ni\u00f1as para que no haya m\u00e1s generaciones de palestinos que siembren sue\u00f1os de libertad. La historia recordar\u00e1 a los c\u00f3mplices de este genocidio<\/strong>\u201d como recoge el Diario Atl\u00e1ntico.<\/p>\n<p style=\"text-align: justify;\">La \u00faltima semana, incluida una jornada de descanso, se celebrar\u00eda entre <strong>Tenerife<\/strong> -con el <strong>Teide<\/strong> de entorno- y<strong> Gran Canaria.<\/strong> Unipublic estaba ultimando las respectivas etapas, pero lo que est\u00e1 claro, y es una ilusi\u00f3n mantenida por Javier Guill\u00e9n desde hace a\u00f1os, es que <strong>una etapa de Gran Canaria tenga la subida al Pico de las Nieves como monta\u00f1a clave para el desarrollo final de la ronda\u00a0<\/strong>del pr\u00f3ximo a\u00f1o.<\/p>\n<p><strong>29 mayo 2025<\/strong><\/p>\n<p style=\"text-align: justify;\">La <strong>Vuelta Ciclista a Espa\u00f1a volver\u00e1 a las Islas Canarias 38 a\u00f1os despu\u00e9s.<\/strong> Despu\u00e9s de muchos a\u00f1os con la eterna pregunta a la organizaci\u00f3n, parece ser que en 2026 la carrera arrancar\u00e1 <strong>desde M\u00f3naco y terminar\u00e1 en las Islas Canarias<\/strong>, aunque todav\u00eda quedan detalles por pulir, seg\u00fan ha avanzado Canarias7. Por lo que parece, ha sido una decidida apuesta del Cabildo de Gran Canaria, que sigue apostando por el deporte como piedra angular del desarrollo. Eso s\u00ed, todav\u00eda no se sabe c\u00f3mo ser\u00e1n esas etapas que pondr\u00e1n el punto y final a la gran ronda nacional.<\/p>\n<p style=\"text-align: justify;\">La \u00faltima semana, incluida una jornada de descanso, se celebrar\u00e1 entre Tenerife y Gran Canaria. Unipublic est\u00e1 ultimando las respectivas etapas, pero lo que est\u00e1 claro, y es una ilusi\u00f3n mantenida por Javier Guill\u00e9n desde hace a\u00f1os, es que\u00a0<strong>una etapa de Gran Canaria tenga la subida al Pico de las Nieves como monta\u00f1a clave para el desarrollo final de la ronda\u00a0<\/strong>del pr\u00f3ximo a\u00f1o.<\/p>\n<p style=\"text-align: justify;\"><strong>7 octubre 2023<\/strong><\/p>\n<p style=\"text-align: justify;\">Tur\u00edn es candidato a acoger la gran salida de la <strong>Vuelta a Espa\u00f1a 2026<\/strong>.<\/p>\n<p style=\"text-align: justify;\">Tras ser la ciudad elegida para dar la salida del <a href=\"https:\/\/www.ciclo21.com\/giro-italia-2024-presentacion\/\" target=\"_blank\" rel=\"noopener nofollow\"><strong>Giro de Italia 2024<\/strong><\/a>, la capital piamontesa trabaja para acoger tambi\u00e9n la primera etapa de la ronda espa\u00f1ola, prepar\u00e1ndose as\u00ed para convertirse en la segunda ciudad del mundo en albergar las tres grandes vueltas tras la neerlandesa Utrecht.<\/p>\n<p style=\"text-align: justify;\">Seg\u00fan informa La Stampa, la Regi\u00f3n del<strong> Piamonte<\/strong> est\u00e1 cerca de cerrar este gran golpe para nuestro pa\u00eds al hacer de Tur\u00edn la capital italiana del ciclismo para los pr\u00f3ximos a\u00f1os.\u00a0<\/p>\n<p><a href=\"https:\/\/www.ciclo21.com\/vuelta-pais-vasco-2024\/\" target=\"_blank\" rel=\"noopener nofollow\"><strong>VUELTA ESPA\u00d1A 2024<\/strong><\/a><\/p>\n<p><a href=\"https:\/\/www.ciclo21.com\/vuelta-espana-2025\/\" target=\"_blank\" rel=\"noopener nofollow\"><strong>VUELTA ESPA\u00d1A 2025<\/strong><\/a><\/p>\n<p><script async src=\"https:\/\/platform.twitter.com\/widgets.js\" charset=\"utf-8\"><\/script><\/p>\n","protected":false},"excerpt":{"rendered":"\ud83d\udccd\u2133 \ud835\udcde \ud835\udcdd \ud835\udcd0 \ud835\udcd2 \ud835\udcde\ud83c\uddf2\ud83c\udde8\ud83d\udeb2 \ud83d\udcaa\ud83c\udffcStage 1 of #LaVuelta26 here we go! \ud83d\udd25\u27a1\ufe0f Invidual time trial \u27a1\ufe0f&hellip;\n","protected":false},"author":2,"featured_media":244512,"comment_status":"","ping_status":"","sticky":false,"template":"","format":"standard","meta":{"footnotes":""},"categories":[273],"tags":[313,312,168,25,24,23,167,7603,54927],"class_list":{"0":"post-244511","1":"post","2":"type-post","3":"status-publish","4":"format-standard","5":"has-post-thumbnail","7":"category-ciclismo","8":"tag-ciclismo","9":"tag-cycling","10":"tag-deportes","11":"tag-es","12":"tag-espana","13":"tag-spain","14":"tag-sports","15":"tag-vuelta-espana","16":"tag-vuelta-espana-2026"},"share_on_mastodon":{"url":"https:\/\/pubeurope.com\/@es\/115576343313022243","error":""},"_links":{"self":[{"href":"https:\/\/www.europesays.com\/es\/wp-json\/wp\/v2\/posts\/244511","targetHints":{"allow":["GET"]}}],"collection":[{"href":"https:\/\/www.europesays.com\/es\/wp-json\/wp\/v2\/posts"}],"about":[{"href":"https:\/\/www.europesays.com\/es\/wp-json\/wp\/v2\/types\/post"}],"author":[{"embeddable":true,"href":"https:\/\/www.europesays.com\/es\/wp-json\/wp\/v2\/users\/2"}],"replies":[{"embeddable":true,"href":"https:\/\/www.europesays.com\/es\/wp-json\/wp\/v2\/comments?post=244511"}],"version-history":[{"count":0,"href":"https:\/\/www.europesays.com\/es\/wp-json\/wp\/v2\/posts\/244511\/revisions"}],"wp:featuredmedia":[{"embeddable":true,"href":"https:\/\/www.europesays.com\/es\/wp-json\/wp\/v2\/media\/244512"}],"wp:attachment":[{"href":"https:\/\/www.europesays.com\/es\/wp-json\/wp\/v2\/media?parent=244511"}],"wp:term":[{"taxonomy":"category","embeddable":true,"href":"https:\/\/www.europesays.com\/es\/wp-json\/wp\/v2\/categories?post=244511"},{"taxonomy":"post_tag","embeddable":true,"href":"https:\/\/www.europesays.com\/es\/wp-json\/wp\/v2\/tags?post=244511"}],"curies":[{"name":"wp","href":"https:\/\/api.w.org\/{rel}","templated":true}]}}