{"id":244519,"date":"2025-11-19T12:27:08","date_gmt":"2025-11-19T12:27:08","guid":{"rendered":"https:\/\/www.europesays.com\/es\/244519\/"},"modified":"2025-11-19T12:27:08","modified_gmt":"2025-11-19T12:27:08","slug":"el-prado-recupera-por-diez-anos-un-murillo-robado-en-1897-que-se-exponia-en-francia","status":"publish","type":"post","link":"https:\/\/www.europesays.com\/es\/244519\/","title":{"rendered":"El Prado recupera por diez a\u00f1os un Murillo robado en 1897 que se expon\u00eda en Francia"},"content":{"rendered":"<p style=\"\">El Museo del Prado expondr\u00e1 durante los pr\u00f3ximos diez a\u00f1os un boceto de mano de Murillo para el cuadro &#8216;Santa Ana dando una lecci\u00f3n a la Virgen&#8217; que fue <strong>robado en la pinacoteca en 1897<\/strong> y hasta ahora se conservaba en el Museo de  &#8230; Pau. La obra llega como cesi\u00f3n temporal, \u00aba la espera de una norma que prepara el Gobierno franc\u00e9s para abordar este tipo de situaciones\u00bb, seg\u00fan<a href=\"https:\/\/www.museodelprado.es\/actualidad\/noticia\/el-museo-del-prado-expondra-un-murillo-robado-en\/1a901c8d-678d-40bd-2fba-e01bb7d08925\" target=\"_blank\" data-voc-vtm-id=\"in-text-traffic\" title=\" informa el Prado\" data-mrf-link=\"www.museodelprado.es\" rel=\"nofollow noopener\"> informa el Prado<\/a>, que asume los tr\u00e1mites de traslado y pr\u00e9stamo, en coordinaci\u00f3n con el Ministerio de Cultura.<\/p>\n<p class=\"voc-p\" style=\"\">La prensa espa\u00f1ola ya recog\u00eda en 1906 la posibilidad de que \u00abun boceto de Murillo recientemente desaparecido, pudiera encontrarse en un museo franc\u00e9s\u00bb y en un art\u00edculo del Imparcial de 20 de febrero de 1909 se dec\u00eda que la obra estaba \u00ab<strong>expuesta al p\u00fablico en el Museo Municipal de Pau<\/strong>\u00bb. La investigaci\u00f3n llevada a cabo desde el Prado ha encontrado referencias similares en la hemeroteca en a\u00f1os posteriores. En abril de 1936 el diario &#8216;Ahora&#8217; volvi\u00f3 a mencionar el robo, as\u00ed como la localizaci\u00f3n del boceto en Pau y habl\u00f3 de unas negociaciones llevadas a cabo con el director del museo franc\u00e9s para su restituci\u00f3n.<\/p>\n<p class=\"voc-p\" style=\"\">En 2024, durante una misi\u00f3n de <strong>inventario<\/strong> dirigida por el Museo del Louvre en el Museo de Pau -una operaci\u00f3n obligatoria cada 10 a\u00f1os desde la aprobaci\u00f3n de una norma que obliga a catalogar todas las obras-, <strong>uno de los t\u00e9cnicos encargados consider\u00f3 la posibilidad de que el cuadro correspondiera al autor sevillano<\/strong>. <\/p>\n<p class=\"voc-p\" style=\"\">Charlotte Chastel-Rousseau, la especialista en pintura espa\u00f1ola del Museo del Louvre, contact\u00f3 con el catedr\u00e1tico de Historia del Arte de la Universidad Complutense, <strong>Benito Navarrete<\/strong>, quien refrend\u00f3 la impresi\u00f3n del t\u00e9cnico franc\u00e9s y puso al Museo del Prado al tanto de esta circunstancia. <\/p>\n<p class=\"voc-p\" style=\"\">La revisi\u00f3n de la documentaci\u00f3n oficial en el Archivo Hist\u00f3rico Nacional y en el Archivo General de la Administraci\u00f3n correspondiente a la Embajada y Consulados de Par\u00eds y Pau (1897-1917) no ha arrojado, sin embargo, ning\u00fan dato esclarecedor.<\/p>\n<p class=\"voc-p\" style=\"\">La pieza, que perteneci\u00f3 a la colecci\u00f3n de Isabel de Farnesio, esposa de Carlos III, se podr\u00e1 ver en el<strong> itinerario que el Prado dedicar\u00e1 a esta reina desde el pr\u00f3ximo d\u00eda 1 de diciembre<\/strong>, enmarcado en su proyecto &#8216;<a href=\"https:\/\/www.abc.es\/cultura\/arte\/maria-tudor-reina-inglaterra-esposa-20221214170540-nt.html\" target=\"_self\" data-voc-vtm-id=\"in-text-traffic\" title=\"El Prado en femenino\" data-mrf-link=\"www.abc.es\" rel=\"nofollow noopener\">El Prado en femenino<\/a>&#8216;.<\/p>\n","protected":false},"excerpt":{"rendered":"El Museo del Prado expondr\u00e1 durante los pr\u00f3ximos diez a\u00f1os un boceto de mano de Murillo para el&hellip;\n","protected":false},"author":2,"featured_media":244520,"comment_status":"","ping_status":"","sticky":false,"template":"","format":"standard","meta":{"footnotes":""},"categories":[173],"tags":[62616,988,229,233,231,230,232,1630,234,146,147,25,24,62617,317,35434,16126,6833,20577,23],"class_list":{"0":"post-244519","1":"post","2":"type-post","3":"status-publish","4":"format-standard","5":"has-post-thumbnail","7":"category-arte-y-diseno","8":"tag-62616","9":"tag-anos","10":"tag-arte","11":"tag-arte-y-diseno","12":"tag-arts","13":"tag-arts-and-design","14":"tag-design","15":"tag-diez","16":"tag-diseno","17":"tag-entertainment","18":"tag-entretenimiento","19":"tag-es","20":"tag-espana","21":"tag-exponia","22":"tag-francia","23":"tag-murillo","24":"tag-prado","25":"tag-recupera","26":"tag-robado","27":"tag-spain"},"share_on_mastodon":{"url":"https:\/\/pubeurope.com\/@es\/115576362974467052","error":""},"_links":{"self":[{"href":"https:\/\/www.europesays.com\/es\/wp-json\/wp\/v2\/posts\/244519","targetHints":{"allow":["GET"]}}],"collection":[{"href":"https:\/\/www.europesays.com\/es\/wp-json\/wp\/v2\/posts"}],"about":[{"href":"https:\/\/www.europesays.com\/es\/wp-json\/wp\/v2\/types\/post"}],"author":[{"embeddable":true,"href":"https:\/\/www.europesays.com\/es\/wp-json\/wp\/v2\/users\/2"}],"replies":[{"embeddable":true,"href":"https:\/\/www.europesays.com\/es\/wp-json\/wp\/v2\/comments?post=244519"}],"version-history":[{"count":0,"href":"https:\/\/www.europesays.com\/es\/wp-json\/wp\/v2\/posts\/244519\/revisions"}],"wp:featuredmedia":[{"embeddable":true,"href":"https:\/\/www.europesays.com\/es\/wp-json\/wp\/v2\/media\/244520"}],"wp:attachment":[{"href":"https:\/\/www.europesays.com\/es\/wp-json\/wp\/v2\/media?parent=244519"}],"wp:term":[{"taxonomy":"category","embeddable":true,"href":"https:\/\/www.europesays.com\/es\/wp-json\/wp\/v2\/categories?post=244519"},{"taxonomy":"post_tag","embeddable":true,"href":"https:\/\/www.europesays.com\/es\/wp-json\/wp\/v2\/tags?post=244519"}],"curies":[{"name":"wp","href":"https:\/\/api.w.org\/{rel}","templated":true}]}}