{"id":244525,"date":"2025-11-19T12:31:15","date_gmt":"2025-11-19T12:31:15","guid":{"rendered":"https:\/\/www.europesays.com\/es\/244525\/"},"modified":"2025-11-19T12:31:15","modified_gmt":"2025-11-19T12:31:15","slug":"daniel-radcliffe-le-ha-escrito-una-emotiva-carta-al-nuevo-harry-potter-de-hbo","status":"publish","type":"post","link":"https:\/\/www.europesays.com\/es\/244525\/","title":{"rendered":"Daniel Radcliffe le ha escrito una emotiva carta al nuevo Harry Potter de HBO"},"content":{"rendered":"<p>La era de Daniel Radcliffe como <strong>Harry Potter<\/strong> hace ya muchos a\u00f1os que lleg\u00f3 a su fin y nos dej\u00f3 un enorme legado de ocho pel\u00edculas en las que le vimos crecer como mago y actor. Ahora, el turno le ha llegado al jovenc\u00edsimo Dominic McLaughlin, el cual ha sido escogido como HBO para protagonizar la serie reboot y el brit\u00e1nico se ha puesto en contacto con el muchacho.<\/p>\n<p>Durante una entrevista con <a rel=\"noopener, noreferrer nofollow\" href=\"https:\/\/www.youtube.com\/watch?v=8y2LwIqo03s\" target=\"_blank\">Good Morning America<\/a>, Radcliffe ha confesado que le ha escrito una carta bastante emotiva, la cual busca darle \u00e1nimos al joven y procurar que se lo pase bien rodando todas las temporadas. \u00abNo dir\u00eda que cualquiera que vaya a interpretar a Harry tenga que [ponerse en contacto conmigo], pero conozco a algunas personas que trabajan en la producci\u00f3n. Le escrib\u00ed a Dominic y le envi\u00e9 una carta, y \u00e9l me devolvi\u00f3 una nota muy dulce\u00bb, ha se\u00f1alado el int\u00e9rprete.<\/p>\n<p>    <a href=\"https:\/\/www.vidaextra.com\/juegos-retro\/the-amazing-spider-man-and-captain-america-in-doctor-dooms-revenge-primer-juego-lucha-superheroes\" class=\"pivot-outboundlink\" data-vars-post-title=\"The Amazing Spider-Man and Captain America in Doctor Doom&#039;s Revenge, el primer juego de lucha con superh\u00e9roes\" rel=\"nofollow noopener\" target=\"_blank\"><br \/>\n     <img loading=\"lazy\" decoding=\"async\" alt=\"The Amazing Spider-Man and Captain America in Doctor Doom's Revenge, el primer juego de lucha con superh\u00e9roes\" width=\"375\" height=\"142\" src=\"https:\/\/i.blogs.es\/5286e3\/spiderman-cap-doom-lucha\/375_142.webp\" onerror=\"this.src=\" https:=\"\"\/><br \/>\n    <\/a><\/p>\n<p>Radcliffe es muy consciente de que la sombra de su figura va a estar detr\u00e1s de McLaughlin, por lo que no quer\u00eda \u00ab<strong>ser un fantasma en la vida de estos ni\u00f1os<\/strong>\u00ab. La pretensi\u00f3n es la de quitarles un peso de encima y aliviar la responsabilidad con la que van a cargar a una edad tan corta. \u00ab&#8216;Espero que te lo pases genial, y que te lo pases incluso mejor de lo que me lo pas\u00e9 yo \u2014yo me lo pas\u00e9 muy bien, pero espero que t\u00fa te lo pases a\u00fan mejor'\u00bb, explica que le escribi\u00f3 en la carta.<\/p>\n<blockquote><p>\u00abY de verdad lo espero, solo veo estas fotos de \u00e9l y de los otros ni\u00f1os y me dan ganas de abrazarlos. Parecen tan j\u00f3venes&#8230; Los miro y digo: &#8216;Dios, es una locura que yo estuviera haciendo eso a esa edad&#8217;. Pero tambi\u00e9n es incre\u00edblemente entra\u00f1able, y espero que se lo est\u00e9n pasando muy bien\u00bb.<\/p><\/blockquote>\n<p>Veremos el resultado de esta nueva versi\u00f3n de <strong>Harry Potter<\/strong> en alg\u00fan momento del 2027 con una primera temporada de ocho episodios.<\/p>\n<p>En VidaExtra |\u00a0<a class=\"text-outboundlink\" href=\"https:\/\/www.vidaextra.com\/cine\/se-rodaron-dos-versiones-harry-potter-piedra-filosofal-escenas-diferentes-culpa-libros\" data-vars-post-title=\"Hay dos versiones de Harry Potter y la piedra Filosofal con escenas diferentes. La culpa es de los libros\" data-vars-post-url=\"https:\/\/www.vidaextra.com\/cine\/se-rodaron-dos-versiones-harry-potter-piedra-filosofal-escenas-diferentes-culpa-libros\" target=\"_blank\" rel=\"nofollow noopener\">Hay dos versiones de Harry Potter y la piedra Filosofal con escenas diferentes. La culpa es de los libros<\/a><\/p>\n<p>En VidaExtra |\u00a0<a class=\"text-outboundlink\" href=\"https:\/\/www.vidaextra.com\/accion\/a-creadores-kingdom-come-deliverance-2-les-ha-faltado-mapa-para-tantas-referencias-elden-ring-harry-potter-one-piece\" data-vars-post-title=\"A los creadores de Kingdom Come: Deliverance 2 les ha faltado mapa para tantas referencias: Elden Ring, Harry Potter, One Piece y m\u00e1s\" data-vars-post-url=\"https:\/\/www.vidaextra.com\/accion\/a-creadores-kingdom-come-deliverance-2-les-ha-faltado-mapa-para-tantas-referencias-elden-ring-harry-potter-one-piece\" target=\"_blank\" rel=\"nofollow noopener\">A los creadores de Kingdom Come: Deliverance 2 les ha faltado mapa para tantas referencias: Elden Ring, Harry Potter, One Piece y m\u00e1s<\/a><\/p>\n","protected":false},"excerpt":{"rendered":"La era de Daniel Radcliffe como Harry Potter hace ya muchos a\u00f1os que lleg\u00f3 a su fin y&hellip;\n","protected":false},"author":2,"featured_media":244526,"comment_status":"","ping_status":"","sticky":false,"template":"","format":"standard","meta":{"footnotes":""},"categories":[169],"tags":[177,146,147,25,24,176,175,23],"class_list":{"0":"post-244525","1":"post","2":"type-post","3":"status-publish","4":"format-standard","5":"has-post-thumbnail","7":"category-cine","8":"tag-cine","9":"tag-entertainment","10":"tag-entretenimiento","11":"tag-es","12":"tag-espana","13":"tag-film","14":"tag-movies","15":"tag-spain"},"share_on_mastodon":{"url":"https:\/\/pubeurope.com\/@es\/115576379103102211","error":""},"_links":{"self":[{"href":"https:\/\/www.europesays.com\/es\/wp-json\/wp\/v2\/posts\/244525","targetHints":{"allow":["GET"]}}],"collection":[{"href":"https:\/\/www.europesays.com\/es\/wp-json\/wp\/v2\/posts"}],"about":[{"href":"https:\/\/www.europesays.com\/es\/wp-json\/wp\/v2\/types\/post"}],"author":[{"embeddable":true,"href":"https:\/\/www.europesays.com\/es\/wp-json\/wp\/v2\/users\/2"}],"replies":[{"embeddable":true,"href":"https:\/\/www.europesays.com\/es\/wp-json\/wp\/v2\/comments?post=244525"}],"version-history":[{"count":0,"href":"https:\/\/www.europesays.com\/es\/wp-json\/wp\/v2\/posts\/244525\/revisions"}],"wp:featuredmedia":[{"embeddable":true,"href":"https:\/\/www.europesays.com\/es\/wp-json\/wp\/v2\/media\/244526"}],"wp:attachment":[{"href":"https:\/\/www.europesays.com\/es\/wp-json\/wp\/v2\/media?parent=244525"}],"wp:term":[{"taxonomy":"category","embeddable":true,"href":"https:\/\/www.europesays.com\/es\/wp-json\/wp\/v2\/categories?post=244525"},{"taxonomy":"post_tag","embeddable":true,"href":"https:\/\/www.europesays.com\/es\/wp-json\/wp\/v2\/tags?post=244525"}],"curies":[{"name":"wp","href":"https:\/\/api.w.org\/{rel}","templated":true}]}}