{"id":244529,"date":"2025-11-19T12:33:17","date_gmt":"2025-11-19T12:33:17","guid":{"rendered":"https:\/\/www.europesays.com\/es\/244529\/"},"modified":"2025-11-19T12:33:17","modified_gmt":"2025-11-19T12:33:17","slug":"detectan-los-primeros-casos-autoctonos-de-virus-usutu-en-espana","status":"publish","type":"post","link":"https:\/\/www.europesays.com\/es\/244529\/","title":{"rendered":"Detectan los primeros casos aut\u00f3ctonos de virus Usutu en Espa\u00f1a"},"content":{"rendered":"<p style=\"\">Baleares ha detectado el primer caso de <a href=\"https:\/\/www.abc.es\/espana\/extremadura\/extremadura-supera-numero-muertes-virus-nilo-registro-20251006164006-nt.html\" target=\"_self\" data-voc-vtm-id=\"in-text-traffic\" title=\"infecci\u00f3n\" rel=\"nofollow noopener\">infecci\u00f3n<\/a> por virus Usutu en Espa\u00f1a. Un estudio publicado en la revista &#8216;Transfusion&#8217; en el que ha participado el Banco de Sangre de Baleares ha hallado el pat\u00f3geno en un donante de Mallorca en junio de 2024. <\/p>\n<p class=\"voc-p\" style=\"\">El hallazgo result\u00f3 del programa de cribado del <a href=\"https:\/\/www.abc.es\/sociedad\/drones-todoterrenos-canones-200-trampas-frena-andalucia-20250921143844-nt.html\" target=\"_self\" data-voc-vtm-id=\"in-text-traffic\" title=\"virus del Nilo Occidental\" rel=\"nofollow noopener\">virus del Nilo Occidental<\/a> que se llev\u00f3 a cabo durante el verano de 2024. La muestra, tal como informa el Banco de Sangre de Baleares, result\u00f3 inicialmente reactiva al virus del Nilo, pero tras derivarla al Laboratorio Nacional de Referencia en Arbovirus del Instituto de Salud Carlos III las pruebas espec\u00edficas y los ensayos de neutralizaci\u00f3n confirmaron que se trataba de una infecci\u00f3n por el virus Usutu.<\/p>\n<p class=\"voc-p\" style=\"\">El <a href=\"https:\/\/www.abc.es\/sociedad\/usutu-virus-avanza-europa-picadura-mosquitos-20230819143522-nt.html\" target=\"_self\" data-voc-vtm-id=\"in-text-traffic\" title=\"virus Usutu\" data-mrf-link=\"www.abc.es\" rel=\"nofollow noopener\">virus Usutu<\/a> es un arbovirus emergente en Europa transmitido por mosquitos del g\u00e9nero Culex, el mismo que transmite el virus el Nilo. Se detect\u00f3 por primera vez en \u00c1frica en 1959 y en los \u00faltimos a\u00f1os se ha expandido progresivamente por varios pa\u00edses europeos. De hecho, el estudio muestra tambi\u00e9n la detecci\u00f3n de otras dos infecciones en donantes de Catalu\u00f1a confirmadas mediante t\u00e9cnicas de biolog\u00eda molecular y secuenciaci\u00f3n gen\u00f3mica. Ninguno de los casos hab\u00eda viajado fuera de su comunidad aut\u00f3noma, por lo que se demuestra la circulaci\u00f3n local del virus. <\/p>\n<p class=\"voc-p\" style=\"\">Este virus es similar al pat\u00f3geno que causa la encefalitis japonesa y no tiene un tratamiento espec\u00edfico. Los s\u00edntomas m\u00e1s comunes son fiebre elevada, dolores de cabeza y s\u00edntomas neurol\u00f3gicos t\u00edpicos de la meningoencefalitis, aunque la mayor\u00eda de infecciones cursan sin s\u00edntomas. Sin embargo, pueden afectar a personas inmunodeprimidas, por lo que su vigilancia resulta especialmente relevante para los sistemas de salud.<\/p>\n<p class=\"voc-p\" style=\"\">El trabajo publicado en &#8216;Transfusion&#8217; ha sido desarrollado por un equipo multidisciplinar formado por el Banco de Sangre de Baleares, el Banco de Sangre y Tejidos de Catalu\u00f1a, el Instituto de Investigaci\u00f3n y Tecnolog\u00eda Agroalimentarias\u2013CReSA, el Centro Nacional de Microbiolog\u00eda del Instituto de Salud Carlos III y el Bernhard Nocht Institute for Tropical Medicine de Alemania.<\/p>\n<p>\nDetecci\u00f3n precoz\n<\/p>\n<p class=\"voc-p\" style=\"\">Los autores destacan que las t\u00e9cnicas utilizadas habitualmente para el cribado del virus del Nilo Occidental permiten tambi\u00e9n la detecci\u00f3n de infecciones por Usutu, gracias a la reactividad cruzada entre ambos virus. Este hecho facilita la identificaci\u00f3n precoz de donantes infectados y refuerza la seguridad transfusional, especialmente en periodos de mayor actividad de mosquitos.<\/p>\n","protected":false},"excerpt":{"rendered":"Baleares ha detectado el primer caso de infecci\u00f3n por virus Usutu en Espa\u00f1a. Un estudio publicado en la&hellip;\n","protected":false},"author":2,"featured_media":244530,"comment_status":"","ping_status":"","sticky":false,"template":"","format":"standard","meta":{"footnotes":""},"categories":[92],"tags":[62618,858,9937,25,24,165,566,166,23,62619,2275],"class_list":{"0":"post-244529","1":"post","2":"type-post","3":"status-publish","4":"format-standard","5":"has-post-thumbnail","7":"category-salud","8":"tag-autoctonos","9":"tag-casos","10":"tag-detectan","11":"tag-es","12":"tag-espana","13":"tag-health","14":"tag-primeros","15":"tag-salud","16":"tag-spain","17":"tag-usutu","18":"tag-virus"},"share_on_mastodon":{"url":"https:\/\/pubeurope.com\/@es\/115576386763578789","error":""},"_links":{"self":[{"href":"https:\/\/www.europesays.com\/es\/wp-json\/wp\/v2\/posts\/244529","targetHints":{"allow":["GET"]}}],"collection":[{"href":"https:\/\/www.europesays.com\/es\/wp-json\/wp\/v2\/posts"}],"about":[{"href":"https:\/\/www.europesays.com\/es\/wp-json\/wp\/v2\/types\/post"}],"author":[{"embeddable":true,"href":"https:\/\/www.europesays.com\/es\/wp-json\/wp\/v2\/users\/2"}],"replies":[{"embeddable":true,"href":"https:\/\/www.europesays.com\/es\/wp-json\/wp\/v2\/comments?post=244529"}],"version-history":[{"count":0,"href":"https:\/\/www.europesays.com\/es\/wp-json\/wp\/v2\/posts\/244529\/revisions"}],"wp:featuredmedia":[{"embeddable":true,"href":"https:\/\/www.europesays.com\/es\/wp-json\/wp\/v2\/media\/244530"}],"wp:attachment":[{"href":"https:\/\/www.europesays.com\/es\/wp-json\/wp\/v2\/media?parent=244529"}],"wp:term":[{"taxonomy":"category","embeddable":true,"href":"https:\/\/www.europesays.com\/es\/wp-json\/wp\/v2\/categories?post=244529"},{"taxonomy":"post_tag","embeddable":true,"href":"https:\/\/www.europesays.com\/es\/wp-json\/wp\/v2\/tags?post=244529"}],"curies":[{"name":"wp","href":"https:\/\/api.w.org\/{rel}","templated":true}]}}