{"id":244549,"date":"2025-11-19T12:50:16","date_gmt":"2025-11-19T12:50:16","guid":{"rendered":"https:\/\/www.europesays.com\/es\/244549\/"},"modified":"2025-11-19T12:50:16","modified_gmt":"2025-11-19T12:50:16","slug":"el-barca-lanza-su-cuarta-equipacion-con-homenaje-al-clasico-de-ronaldinho","status":"publish","type":"post","link":"https:\/\/www.europesays.com\/es\/244549\/","title":{"rendered":"\u00a1El Bar\u00e7a lanza su cuarta equipaci\u00f3n, con homenaje al Cl\u00e1sico de Ronaldinho!"},"content":{"rendered":"<p data-gtm-element-container=\"modulo-texto-link\" class=\"paragraph\">El <strong>FC Barcelona<\/strong> ha presentado este mi\u00e9rcoles la cuarta equipaci\u00f3n para la temporada 2025-26, una camiseta que rinde homenaje a la victoria azulgrana de hace 20 a\u00f1os en el <strong>Cl\u00e1sico <\/strong>del Santiago Bernab\u00e9u (0-3), un duelo marcado por la espectacular actuaci\u00f3n de un\u00a0<strong>Ronaldinho\u00a0<\/strong>que provoc\u00f3 los aplausos de la afici\u00f3n del <strong>Real Madrid<\/strong>. Hoy se cumplen dos d\u00e9cadas de aquella noche inolvidable y el club ha aprovechado para lanzar la nueva camiseta.<\/p>\n<p data-gtm-element-container=\"modulo-texto-link\" class=\"paragraph\">Los jugadores <strong>Rashford<\/strong>, <strong>Bardghji<\/strong>, <strong>Balde<\/strong> y <strong>Marc Bernal<\/strong> y las futbolistas <strong>Aitana<\/strong>, <strong>Alexia<\/strong> y <strong>Ona Batlle<\/strong> han sido los protagonistas de la campa\u00f1a de promoci\u00f3n de la nueva camiseta, que cuenta con el lema &#8216;El f\u00fatbol es arte&#8217;.<\/p>\n<p>                     Galer\u00eda<\/p>\n<p>                <img loading=\"lazy\" decoding=\"async\" data-full-src=\"https:\/\/www.mundodeportivo.com\/uploads\/2025\/11\/19\/691da80c79b5c.jpeg\" alt=\"Horizontal\" src=\"https:\/\/www.europesays.com\/es\/wp-content\/uploads\/2025\/11\/691da80c79b5c.jpeg\" class=\"lazy\" width=\"449\" height=\"281\"\/><\/p>\n<p>                    <a class=\"caption-title \" href=\"https:\/\/www.mundodeportivo.com\/futbol\/fc-barcelona\/20251119\/1002571987\/barca-presenta-cuarta-equipacion-temporada.html\" rel=\"nofollow noopener\" target=\"_blank\">El Bar\u00e7a presenta su cuarta equipaci\u00f3n de esta temporada<\/a><\/p>\n<p>                    MUNDODEPORTIVO.COM \/ Terceros<\/p>\n<p data-gtm-element-container=\"modulo-texto-link\" class=\"paragraph\">La equipaci\u00f3n presenta unas franjas azulgranas en vertical, pero est\u00e1n desestructuradas inspir\u00e1ndose en la trayectoria que hizo el bal\u00f3n en cada uno de los tres goles que anot\u00f3 el Bar\u00e7a en aquel Cl\u00e1sico, el primero de Eto&#8217;o y los dos siguientes de Ronaldinho. En el interior del cuello figuran los n\u00fameros 14, 58 y 77, que son los minutos en los que se marcaron los goles. Tambi\u00e9n hay un detalle de la senyera y los pantalones son de color grana con una franja lateral azul.<\/p>\n<p>    Lee tambi\u00e9n<\/p>\n<p data-gtm-element-container=\"modulo-texto-link\" class=\"paragraph\">La cuarta equipaci\u00f3n del <strong>Bar\u00e7a <\/strong>ya est\u00e1 a la venta desde este mismo 19 de noviembre en la plataforma de e-commerce del club azulgrana, as\u00ed como en las Bar\u00e7a Botigues y la web de Nike. Como es habitual en los \u00faltimos a\u00f1os, habr\u00e1 dos versiones de la camiseta: la normal que cuesta 114,99 euros o la versi\u00f3n de jugador que tiene un precio de 164,99 euros. En ambos precios se incluye un parche de competici\u00f3n, ya sea de LaLiga o la Champions.<\/p>\n","protected":false},"excerpt":{"rendered":"El FC Barcelona ha presentado este mi\u00e9rcoles la cuarta equipaci\u00f3n para la temporada 2025-26, una camiseta que rinde&hellip;\n","protected":false},"author":2,"featured_media":244550,"comment_status":"","ping_status":"","sticky":false,"template":"","format":"standard","meta":{"footnotes":""},"categories":[268],"tags":[168,25,24,280,282,281,23,167],"class_list":{"0":"post-244549","1":"post","2":"type-post","3":"status-publish","4":"format-standard","5":"has-post-thumbnail","7":"category-futbol","8":"tag-deportes","9":"tag-es","10":"tag-espana","11":"tag-football","12":"tag-futbol","13":"tag-soccer","14":"tag-spain","15":"tag-sports"},"share_on_mastodon":{"url":"https:\/\/pubeurope.com\/@es\/115576455575386870","error":""},"_links":{"self":[{"href":"https:\/\/www.europesays.com\/es\/wp-json\/wp\/v2\/posts\/244549","targetHints":{"allow":["GET"]}}],"collection":[{"href":"https:\/\/www.europesays.com\/es\/wp-json\/wp\/v2\/posts"}],"about":[{"href":"https:\/\/www.europesays.com\/es\/wp-json\/wp\/v2\/types\/post"}],"author":[{"embeddable":true,"href":"https:\/\/www.europesays.com\/es\/wp-json\/wp\/v2\/users\/2"}],"replies":[{"embeddable":true,"href":"https:\/\/www.europesays.com\/es\/wp-json\/wp\/v2\/comments?post=244549"}],"version-history":[{"count":0,"href":"https:\/\/www.europesays.com\/es\/wp-json\/wp\/v2\/posts\/244549\/revisions"}],"wp:featuredmedia":[{"embeddable":true,"href":"https:\/\/www.europesays.com\/es\/wp-json\/wp\/v2\/media\/244550"}],"wp:attachment":[{"href":"https:\/\/www.europesays.com\/es\/wp-json\/wp\/v2\/media?parent=244549"}],"wp:term":[{"taxonomy":"category","embeddable":true,"href":"https:\/\/www.europesays.com\/es\/wp-json\/wp\/v2\/categories?post=244549"},{"taxonomy":"post_tag","embeddable":true,"href":"https:\/\/www.europesays.com\/es\/wp-json\/wp\/v2\/tags?post=244549"}],"curies":[{"name":"wp","href":"https:\/\/api.w.org\/{rel}","templated":true}]}}