{"id":244575,"date":"2025-11-19T13:12:08","date_gmt":"2025-11-19T13:12:08","guid":{"rendered":"https:\/\/www.europesays.com\/es\/244575\/"},"modified":"2025-11-19T13:12:08","modified_gmt":"2025-11-19T13:12:08","slug":"esta-jannik-obsesionado-con-el","status":"publish","type":"post","link":"https:\/\/www.europesays.com\/es\/244575\/","title":{"rendered":"\u00bfEst\u00e1 Jannik obsesionado con \u00e9l?"},"content":{"rendered":"<p class=\"pf0\">Tras el <b>Masters 1000 de Par\u00eds<\/b>, donde <b>Carlos Alcaraz<\/b> tuvo una estrepitosa derrota en su debut ante Cameron Norrie, el m\u00edtico <b>Nicolas <\/b><b>Mahut<\/b> asegur\u00f3 que JannikSinner<b><a title=\"&quot;est\u00e1 un poco obsesionado&quot;\" href=\"https:\/\/www.lasexta.com\/noticias\/deportes\/tenis\/sinner-esta-obsesionado-carlos-alcaraz-atencion-sentencia-pentacampeon-grand-slams_20251106690ce6dfde224c6cdd3b63cf.html\" target=\"_blank\" rel=\"nofollow noopener\">\u00abest\u00e1 un poco obsesionado\u00bb<\/a><\/b> con el murciano. <\/p>\n<p class=\"pf0\">Sobre esta afirmaci\u00f3n del ya extenista le han preguntado al n\u00famero 1 del mundo en una entrevista en &#8216;Marca&#8217;, y este ha mostrado su cara m\u00e1s sincera.<\/p>\n<p class=\"pf0\">\u00ab<b>Yo creo que los dos<\/b>. \u00c9l ha perdido dos o tres partidos los dos \u00faltimos a\u00f1os y la gran mayor\u00eda han sido conmigo\u00bb, ha arrancado.<\/p>\n<p class=\"pf0\">Es por ello que entiende el sentir de su gran rival: \u00abJannik tiene que ver y pensar lo que <b>tiene que mejorar para vencer al jugador al que no ha podido vencer m\u00e1s veces<\/b>. Es l\u00f3gico y es normal\u00bb. <\/p>\n<p class=\"pf0\">Alcaraz s\u00ed reconoce que su caso es distinto ya que es menos constante que el italiano, pero tambi\u00e9n tiene entre ceja y ceja la rivalidad con Sinner.<\/p>\n<p class=\"pf0\">\u00ab<b>Yo s\u00ed que he perdido con m\u00e1s jugadores<\/b>, pero mi pensamiento es intentar mejorar y hacer las cosas para que la pr\u00f3xima vez que nos enfrentemos sea mucho mejor jugador\u00bb, ha zanjado. <\/p>\n","protected":false},"excerpt":{"rendered":"Tras el Masters 1000 de Par\u00eds, donde Carlos Alcaraz tuvo una estrepitosa derrota en su debut ante Cameron&hellip;\n","protected":false},"author":2,"featured_media":239819,"comment_status":"","ping_status":"","sticky":false,"template":"","format":"standard","meta":{"footnotes":""},"categories":[274],"tags":[168,25,24,23,167,327,326],"class_list":{"0":"post-244575","1":"post","2":"type-post","3":"status-publish","4":"format-standard","5":"has-post-thumbnail","7":"category-tenis","8":"tag-deportes","9":"tag-es","10":"tag-espana","11":"tag-spain","12":"tag-sports","13":"tag-tenis","14":"tag-tennis"},"share_on_mastodon":{"url":"https:\/\/pubeurope.com\/@es\/115576539898102545","error":""},"_links":{"self":[{"href":"https:\/\/www.europesays.com\/es\/wp-json\/wp\/v2\/posts\/244575","targetHints":{"allow":["GET"]}}],"collection":[{"href":"https:\/\/www.europesays.com\/es\/wp-json\/wp\/v2\/posts"}],"about":[{"href":"https:\/\/www.europesays.com\/es\/wp-json\/wp\/v2\/types\/post"}],"author":[{"embeddable":true,"href":"https:\/\/www.europesays.com\/es\/wp-json\/wp\/v2\/users\/2"}],"replies":[{"embeddable":true,"href":"https:\/\/www.europesays.com\/es\/wp-json\/wp\/v2\/comments?post=244575"}],"version-history":[{"count":0,"href":"https:\/\/www.europesays.com\/es\/wp-json\/wp\/v2\/posts\/244575\/revisions"}],"wp:featuredmedia":[{"embeddable":true,"href":"https:\/\/www.europesays.com\/es\/wp-json\/wp\/v2\/media\/239819"}],"wp:attachment":[{"href":"https:\/\/www.europesays.com\/es\/wp-json\/wp\/v2\/media?parent=244575"}],"wp:term":[{"taxonomy":"category","embeddable":true,"href":"https:\/\/www.europesays.com\/es\/wp-json\/wp\/v2\/categories?post=244575"},{"taxonomy":"post_tag","embeddable":true,"href":"https:\/\/www.europesays.com\/es\/wp-json\/wp\/v2\/tags?post=244575"}],"curies":[{"name":"wp","href":"https:\/\/api.w.org\/{rel}","templated":true}]}}