{"id":244578,"date":"2025-11-19T13:16:08","date_gmt":"2025-11-19T13:16:08","guid":{"rendered":"https:\/\/www.europesays.com\/es\/244578\/"},"modified":"2025-11-19T13:16:08","modified_gmt":"2025-11-19T13:16:08","slug":"fifa-mete-mano-a-una-seleccion-por-falsificacion-de-documentos","status":"publish","type":"post","link":"https:\/\/www.europesays.com\/es\/244578\/","title":{"rendered":"FIFA mete mano a una selecci\u00f3n por falsificaci\u00f3n de documentos"},"content":{"rendered":"<p data-gtm-element-container=\"modulo-texto-link\" class=\"paragraph\">La <strong>FIFA <\/strong>iniciar\u00e1 una investigaci\u00f3n formal sobre las operaciones internas de la<strong> Federaci\u00f3n de F\u00fatbol de Malasia<\/strong> (FAM) tras suspender a siete de sus jugadores nacionalizados por el presunto uso de <strong>documentos falsificados<\/strong>. Los jugadores fueron suspendidos por 12 meses despu\u00e9s de que el organismo rector del f\u00fatbol mundial descubriera que se hab\u00eda utilizado documentaci\u00f3n falsa para que pudieran jugar en un partido de clasificaci\u00f3n para la Copa Asi\u00e1tica entre Malasia y Vietnam.<\/p>\n<p data-gtm-element-container=\"modulo-texto-link\" class=\"paragraph\">Los siete jugadores participaron en la victoria de Malasia por 4-0 sobre Vietnam en las eliminatorias para la Copa Asi\u00e1tica 2027 en junio. \u00abEsta investigaci\u00f3n tendr\u00e1 como objetivo identificar a los responsables de la falsificaci\u00f3n de documentos, evaluar la idoneidad y eficacia de los mecanismos internos de cumplimiento y gobernanza de la FAM, y determinar si procede la imposici\u00f3n de medidas disciplinarias adicionales contra los directivos de la FAM\u00bb, declar\u00f3 la FIFA.<\/p>\n<p data-gtm-element-container=\"modulo-texto-link\" class=\"paragraph\">La federaci\u00f3n de f\u00fatbol de Malasia anunci\u00f3 hace unas horas que planea llevar el caso ante el Tribunal de Arbitraje Deportivo (TAS). \u00abEsta medida se toma para garantizar que se haga justicia y para defender la integridad del proceso de elegibilidad de los jugadores, tal como lo establece el gobierno malasio y los organismos pertinentes\u00bb, declar\u00f3 el presidente interino, Mohd Yusoff Mahadi, en un comunicado publicado en Facebook.<\/p>\n<p>    Lee tambi\u00e9n<\/p>\n<p data-gtm-element-container=\"modulo-texto-link\" class=\"paragraph\">La FIFA tambi\u00e9n orden\u00f3 a la federaci\u00f3n pagar una multa de 350.000 francos suizos (439.000 d\u00f3lares) y este mes desestim\u00f3 sus apelaciones. Sus conclusiones han generado indignaci\u00f3n en Malasia, donde aficionados y algunos legisladores exigen que se tomen medidas contra la federaci\u00f3n, as\u00ed como contra el departamento nacional de registro y el Ministerio del Interior.<\/p>\n","protected":false},"excerpt":{"rendered":"La FIFA iniciar\u00e1 una investigaci\u00f3n formal sobre las operaciones internas de la Federaci\u00f3n de F\u00fatbol de Malasia (FAM)&hellip;\n","protected":false},"author":2,"featured_media":244579,"comment_status":"","ping_status":"","sticky":false,"template":"","format":"standard","meta":{"footnotes":""},"categories":[268],"tags":[168,25,24,280,282,281,23,167],"class_list":{"0":"post-244578","1":"post","2":"type-post","3":"status-publish","4":"format-standard","5":"has-post-thumbnail","7":"category-futbol","8":"tag-deportes","9":"tag-es","10":"tag-espana","11":"tag-football","12":"tag-futbol","13":"tag-soccer","14":"tag-spain","15":"tag-sports"},"share_on_mastodon":{"url":"https:\/\/pubeurope.com\/@es\/115576555923442357","error":""},"_links":{"self":[{"href":"https:\/\/www.europesays.com\/es\/wp-json\/wp\/v2\/posts\/244578","targetHints":{"allow":["GET"]}}],"collection":[{"href":"https:\/\/www.europesays.com\/es\/wp-json\/wp\/v2\/posts"}],"about":[{"href":"https:\/\/www.europesays.com\/es\/wp-json\/wp\/v2\/types\/post"}],"author":[{"embeddable":true,"href":"https:\/\/www.europesays.com\/es\/wp-json\/wp\/v2\/users\/2"}],"replies":[{"embeddable":true,"href":"https:\/\/www.europesays.com\/es\/wp-json\/wp\/v2\/comments?post=244578"}],"version-history":[{"count":0,"href":"https:\/\/www.europesays.com\/es\/wp-json\/wp\/v2\/posts\/244578\/revisions"}],"wp:featuredmedia":[{"embeddable":true,"href":"https:\/\/www.europesays.com\/es\/wp-json\/wp\/v2\/media\/244579"}],"wp:attachment":[{"href":"https:\/\/www.europesays.com\/es\/wp-json\/wp\/v2\/media?parent=244578"}],"wp:term":[{"taxonomy":"category","embeddable":true,"href":"https:\/\/www.europesays.com\/es\/wp-json\/wp\/v2\/categories?post=244578"},{"taxonomy":"post_tag","embeddable":true,"href":"https:\/\/www.europesays.com\/es\/wp-json\/wp\/v2\/tags?post=244578"}],"curies":[{"name":"wp","href":"https:\/\/api.w.org\/{rel}","templated":true}]}}