{"id":244582,"date":"2025-11-19T13:18:11","date_gmt":"2025-11-19T13:18:11","guid":{"rendered":"https:\/\/www.europesays.com\/es\/244582\/"},"modified":"2025-11-19T13:18:11","modified_gmt":"2025-11-19T13:18:11","slug":"la-escola-dart-aprende-como-se-hace-es-diari","status":"publish","type":"post","link":"https:\/\/www.europesays.com\/es\/244582\/","title":{"rendered":"La Escola d\u2019Art aprende c\u00f3mo se hace \u00abEs Diari\u00bb"},"content":{"rendered":"<p>Un grupo de<strong> alumnos del segundo ciclo<\/strong> de asistencia al producto gr\u00e1fico impreso de la <strong>Escola d\u2019Art de Menorca<\/strong> visit\u00f3 este martes por la ma\u00f1ana la <strong>sede central de este diario, en Ma\u00f3<\/strong>, junto con su profesora, Al\u00edcia Reus.<\/p>\n<p>Los j\u00f3venes estudiantes, a lo largo de su visita, que se prolong\u00f3 alrededor de un par de horas, mostraron especial inter\u00e9s en lo que concierne a <strong>tareas como el dise\u00f1o gr\u00e1fico, el uso de tipograf\u00eda y t\u00e9cnicas de impresi\u00f3n<\/strong>, todas ellas tocantes a la materia que estudian.<\/p>\n<blockquote class=\"instagram-media\" style=\"background: #FFF; border: 0; border-radius: 3px; box-shadow: 0 0 1px 0 rgba(0,0,0,0.5),0 1px 10px 0 rgba(0,0,0,0.15); margin: 1px; max-width: 540px; min-width: 326px; padding: 0; width: calc(100% - 2px);\" data-instgrm-captioned=\"\" data-instgrm-permalink=\"https:\/\/www.instagram.com\/reel\/DRMlIe5AvtI\/?utm_source=ig_embed&amp;utm_campaign=loading\" data-instgrm-version=\"14\"><p>&#13;<br \/>\n&#13;\n<\/p><\/blockquote>\n<p>En ese sentido, nuestra compa\u00f1era Maria Ruiz se encarg\u00f3 de mostrarles lo concerniente al <strong>proceso de dise\u00f1o del peri\u00f3dico<\/strong>, mientras que nuestro compa\u00f1ero Joan Cap\u00f3 hizo lo propio con la <strong>parte rotativa<\/strong>. E Isa Thomas ense\u00f1\u00f3 la<strong> parte de dise\u00f1o<\/strong> y Esteve Arnau la <strong>relativa a la imprenta<\/strong>.<\/p>\n<p>                        <script async src=\"\/\/www.instagram.com\/embed.js\"><\/script><\/p>\n","protected":false},"excerpt":{"rendered":"Un grupo de alumnos del segundo ciclo de asistencia al producto gr\u00e1fico impreso de la Escola d\u2019Art de&hellip;\n","protected":false},"author":2,"featured_media":244583,"comment_status":"","ping_status":"","sticky":false,"template":"","format":"standard","meta":{"footnotes":""},"categories":[173],"tags":[229,233,231,230,209,232,234,146,147,25,62622,62623,24,23,62624],"class_list":{"0":"post-244582","1":"post","2":"type-post","3":"status-publish","4":"format-standard","5":"has-post-thumbnail","7":"category-arte-y-diseno","8":"tag-arte","9":"tag-arte-y-diseno","10":"tag-arts","11":"tag-arts-and-design","12":"tag-cultura","13":"tag-design","14":"tag-diseno","15":"tag-entertainment","16":"tag-entretenimiento","17":"tag-es","18":"tag-es-diari","19":"tag-escola-dart","20":"tag-espana","21":"tag-spain","22":"tag-visita-escolar"},"share_on_mastodon":{"url":"https:\/\/pubeurope.com\/@es\/115576563529701449","error":""},"_links":{"self":[{"href":"https:\/\/www.europesays.com\/es\/wp-json\/wp\/v2\/posts\/244582","targetHints":{"allow":["GET"]}}],"collection":[{"href":"https:\/\/www.europesays.com\/es\/wp-json\/wp\/v2\/posts"}],"about":[{"href":"https:\/\/www.europesays.com\/es\/wp-json\/wp\/v2\/types\/post"}],"author":[{"embeddable":true,"href":"https:\/\/www.europesays.com\/es\/wp-json\/wp\/v2\/users\/2"}],"replies":[{"embeddable":true,"href":"https:\/\/www.europesays.com\/es\/wp-json\/wp\/v2\/comments?post=244582"}],"version-history":[{"count":0,"href":"https:\/\/www.europesays.com\/es\/wp-json\/wp\/v2\/posts\/244582\/revisions"}],"wp:featuredmedia":[{"embeddable":true,"href":"https:\/\/www.europesays.com\/es\/wp-json\/wp\/v2\/media\/244583"}],"wp:attachment":[{"href":"https:\/\/www.europesays.com\/es\/wp-json\/wp\/v2\/media?parent=244582"}],"wp:term":[{"taxonomy":"category","embeddable":true,"href":"https:\/\/www.europesays.com\/es\/wp-json\/wp\/v2\/categories?post=244582"},{"taxonomy":"post_tag","embeddable":true,"href":"https:\/\/www.europesays.com\/es\/wp-json\/wp\/v2\/tags?post=244582"}],"curies":[{"name":"wp","href":"https:\/\/api.w.org\/{rel}","templated":true}]}}